{"id":36460,"date":"2008-01-28T19:50:16","date_gmt":"2008-01-28T19:50:16","guid":{"rendered":"http:\/\/diariodominicano.ddns.net\/?p=36460"},"modified":"2008-01-28T19:50:16","modified_gmt":"2008-01-28T19:50:16","slug":"miguel-vargas-10-razones-por-las-que-ganara-las-elecciones","status":"publish","type":"post","link":"https:\/\/diariodominicano.com\/?p=36460","title":{"rendered":"Miguel Vargas: 10 razones por las que ganar\u00e1 las elecciones"},"content":{"rendered":"<p><body><\/p>\n<p class=\"titulogrande1\"><strong>Miguel Vargas: 10 razones por las que ganar\u00e1 las elecciones <\/strong><\/p>\n<p>&#13;<\/p>\n<p align=\"justify\"><span class=\"text1noticias\">1- Es un hombre humilde, responsable, con car\u00e1cter y con una \u00a0visi\u00f3n del Estado que procura que la mayor\u00eda  de ciudadanos participen y se beneficien de la distribuci\u00f3n de las riquezas nacionales  y porque entiende que el Estado dominicano no es patrimonio de un grupo, sino  de todos los dominicanos y dominicanas que con esfuerzo construimos la naci\u00f3n  d\u00eda a d\u00eda.\u00a0 Porque su candidatura  representa el cambio y la recuperaci\u00f3n de la esperanza perdida de los  dominicanos, debido a la falta de credibilidad y la demagogia del grupo en el  gobierno. <\/span><\/p>\n<p>&#13;<\/p>\n<p align=\"justify\" class=\"text1noticias\">2- Establecer\u00e1\u00a0 los impuestos de forma racional y tomando en  cuenta la posibilidad econ\u00f3mica del ciudadano y porque devolver\u00e1 en obras de  infraestructuras y en beneficios directos, a la poblaci\u00f3n, lo que la gente paga  en impuestos. Adem\u00e1s porque disminuir\u00e1 la carga de impuesto que la poblaci\u00f3n  hoy esta pagando. Tambi\u00e9n porque frenara los gastos innecesarios y frenar\u00e1 el  derroche presente de los gastos improductivos de los recursos del Estado.<\/p>\n<p>&#13;<\/p>\n<p align=\"justify\" class=\"text1noticias\">3- Aumentar\u00e1  la producci\u00f3n de alimentos, facilitando cr\u00e9ditos a los productores agr\u00edcolas y  creando las condiciones y facilitando el cr\u00e9dito para el crecimiento del  comercio y las empresas, \u00fanica garant\u00eda de ir d\u00e1ndole respuesta al hambre sin  precedente que hoy sufre la mayor\u00eda del pa\u00eds. <\/p>\n<p>&#13;<\/p>\n<p align=\"justify\" class=\"text1noticias\">4- Aumentar\u00e1  el empleo instalando polos de desarrollo regionales con obras de  infraestructuras y el fomento de la producci\u00f3n agr\u00edcola y porque dar\u00e1  incentivos tributarios a las empresas que empleen a los j\u00f3venes por primera  vez.<\/p>\n<p>&#13;<\/p>\n<p align=\"justify\" class=\"text1noticias\">5- Dinamizar\u00e1  la econom\u00eda con obras de infraestructuras en todas las provincias del pa\u00eds con  una distribuci\u00f3n equilibrada de las inversiones p\u00fablicas, de manera que  beneficien a todas las provincias y a todos los sectores sociales,<\/p>\n<p>&#13;<\/p>\n<p align=\"justify\" class=\"text1noticias\">6- Har\u00e1  cuantiosas inversiones en el gasto social del Estado para invertir en tres  renglones b\u00e1sicos como son la educaci\u00f3n, la salud y la vivienda. Todas estas  medidas est\u00e1n encaminadas a beneficiar a los sectores pobres y m\u00e1s vulnerables  del pa\u00eds.<\/p>\n<p>&#13;<\/p>\n<p align=\"justify\" class=\"text1noticias\">7- Construir\u00e1  50 mil viviendas y soluciones habitacionales en un periodo de cuatro a\u00f1os  porque duplicara el n\u00famero de tarjetas del gobierno en beneficio de las  familias pobres.<\/p>\n<p>&#13;<\/p>\n<p align=\"justify\" class=\"text1noticias\">8- Implementar\u00e1,  desde el Estado, el compromiso de cumplir con las promesas electorales hechas  en campa\u00f1a y porque cumplir\u00e1 con la mayor\u00eda de\u00a0  peque\u00f1as obras que necesitan las comunidades para su crecimiento\u00a0 y desenvolvimiento normal en su d\u00eda a d\u00eda.<\/p>\n<p>&#13;<\/p>\n<p align=\"justify\" class=\"text1noticias\">9- Porque  enfrentar\u00e1 la violencia y el crimen, capacitando y equipando a\u00a0 las Fuerzas Armadas y por que ir\u00e1 resolviendo  las condiciones econ\u00f3micas de miserias de los pobres e indigentes y porque  reforzara la educaci\u00f3n de los sectores pobres y la clase media, que son las  causas principales de generaci\u00f3n de violencia.<\/p>\n<p>&#13;<\/p>\n<div align=\"justify\">&#13;<\/p>\n<ol>&#13;<\/p>\n<li class=\"text1noticias\">Porque\u00a0 encabeza el cambio pol\u00edtico que esta  exigiendo la Naci\u00f3n,  ya que esta comprometido con el verdadero desarrollo de la Naci\u00f3n Dominicana,  donde prime la justicia social\u00a0 y porque  es el \u00fanico candidato con posibilidad electoral real para sacar del poder a este  gobierno, que se ha caracterizado por los incumplimientos, la improvisaci\u00f3n y  el hambre. \u00a0<\/li>\n<p>&#13;\n  <\/ol>\n<p>&#13;\n<\/p><\/div>\n<p>&#13;<\/p>\n<p align=\"justify\" class=\"text1noticias\"><strong>Evelio Arroyo es Soci\u00f3logo, Abogado y Escritor. Es,  adem\u00e1s, Director Nacional de Comunicaciones y Estrategias del Movimiento en  L\u00ednea con Miguel, que preside el Dr. Francisco Fern\u00e1ndez.<\/strong><\/p>\n<p>&#13;<\/p>\n<h6> 2008-01-28 19:50:16 <\/h6>\n<p><!--\n<link rel=\"stylesheet\" href=\"css\/bootstrap.min.css\">\n\n\n<ul class=\"pagination\">\n\t    \n\t\n\n<li >\n\t<a href='?page_no=12319'>Previous<\/a>\n\t<\/li>\n\n\n       \n    \n\n<li><a href='?page_no=1'>1<\/a><\/li>\n\n\n\n<li><a href='?page_no=2'>2<\/a><\/li>\n\n\n\n<li><a>...<\/a><\/li>\n\n\n\n<li><a href='?page_no=12318'>12318<\/a><\/li>\n\n\n\n<li><a href='?page_no=12319'>12319<\/a><\/li>\n\n\n\n<li class='active'><a>12320<\/a><\/li>\n\n\n\n<li><a href='?page_no=12321'>12321<\/a><\/li>\n\n\n\n<li><a href='?page_no=12322'>12322<\/a><\/li>\n\n\n\n<li><a>...<\/a><\/li>\n\n\n\n<li><a href='?page_no=13611'>13611<\/a><\/li>\n\n\n\n<li><a href='?page_no=13612'>13612<\/a><\/li>\n\n    \n\t\n\n<li >\n\t<a href='?page_no=12321'>Next<\/a>\n\t<\/li>\n\n\n    \n\n<li><a href='?page_no=13612'>Last &rsaquo;&rsaquo;<\/a><\/li>\n\n<\/ul>\n\n\n--><br \/>\n<\/body><\/p>\n","protected":false},"excerpt":{"rendered":"<p>Miguel Vargas: 10 razones por las que ganar\u00e1 las elecciones &#13; 1- Es un hombre humilde, responsable, con car\u00e1cter y con una \u00a0visi\u00f3n del Estado que procura que la mayor\u00eda de ciudadanos participen y se beneficien de la distribuci\u00f3n de las riquezas nacionales y porque entiende que el Estado dominicano no es patrimonio de un [&hellip;]<\/p>\n","protected":false},"author":3,"featured_media":0,"comment_status":"open","ping_status":"open","sticky":false,"template":"","format":"standard","meta":{"footnotes":""},"categories":[16],"tags":[],"class_list":["post-36460","post","type-post","status-publish","format-standard","hentry","category-opiniones"],"_links":{"self":[{"href":"https:\/\/diariodominicano.com\/index.php?rest_route=\/wp\/v2\/posts\/36460","targetHints":{"allow":["GET"]}}],"collection":[{"href":"https:\/\/diariodominicano.com\/index.php?rest_route=\/wp\/v2\/posts"}],"about":[{"href":"https:\/\/diariodominicano.com\/index.php?rest_route=\/wp\/v2\/types\/post"}],"author":[{"embeddable":true,"href":"https:\/\/diariodominicano.com\/index.php?rest_route=\/wp\/v2\/users\/3"}],"replies":[{"embeddable":true,"href":"https:\/\/diariodominicano.com\/index.php?rest_route=%2Fwp%2Fv2%2Fcomments&post=36460"}],"version-history":[{"count":0,"href":"https:\/\/diariodominicano.com\/index.php?rest_route=\/wp\/v2\/posts\/36460\/revisions"}],"wp:attachment":[{"href":"https:\/\/diariodominicano.com\/index.php?rest_route=%2Fwp%2Fv2%2Fmedia&parent=36460"}],"wp:term":[{"taxonomy":"category","embeddable":true,"href":"https:\/\/diariodominicano.com\/index.php?rest_route=%2Fwp%2Fv2%2Fcategories&post=36460"},{"taxonomy":"post_tag","embeddable":true,"href":"https:\/\/diariodominicano.com\/index.php?rest_route=%2Fwp%2Fv2%2Ftags&post=36460"}],"curies":[{"name":"wp","href":"https:\/\/api.w.org\/{rel}","templated":true}]}}