{"id":36458,"date":"2008-01-28T20:07:15","date_gmt":"2008-01-28T20:07:15","guid":{"rendered":"http:\/\/diariodominicano.ddns.net\/?p=36458"},"modified":"2008-01-28T20:07:15","modified_gmt":"2008-01-28T20:07:15","slug":"orlando-dice-8","status":"publish","type":"post","link":"https:\/\/diariodominicano.com\/?p=36458","title":{"rendered":"ORLANDO DICE&#8230;"},"content":{"rendered":"<p><body><\/p>\n<p align=\"justify\"><strong>ORLANDO DICE\u2026<\/strong><br \/>&#13;<br \/>\n  <br \/>&#13;<br \/>\n    <span class=\"text1noticias\"><strong><img loading=\"lazy\" decoding=\"async\" src=\"http:\/\/10.0.0.82:8080\/pictures\/pld proclamacion.jpg\" width=\"269\" height=\"185\" hspace=\"4\" align=\"left\" \/>EL ESPECT\u00c0CULO.-\u00a0<\/strong> Esta columna hab\u00eda adelantado que el acto de  proclamaci\u00f3n del presidente Leonel Fern\u00e1ndez ser\u00eda una producci\u00f3n de televisi\u00f3n  y no un mitin a la vieja usanza, y todos quienes se colocaron frente a sus  aparatos pudieron comprobarlo. Se discuti\u00f3 mucho sobre el espacio, si peque\u00f1o o  grande, y sobre la modalidad del escenario, si abierto o cerrado, y al final se  resolvi\u00f3 dar una demostraci\u00f3n de fuerza, pues se llev\u00f3 un extra de gente para  dar la impresi\u00f3n de que se rebos\u00f3 el local. Los locutores insistieron en que  afuera hab\u00eda una concurrencia superior a que estaba dentro, y a pesar de que el  entusiasmo y el inter\u00e9s s llevan a desbordar la realidad, la verdad es que esa proyecci\u00f3n  estaba pautada, y no s\u00f3lo con palabras, sino con im\u00e1genes. El espect\u00e1culo no s\u00f3lo  fue variado en cuanto a ritmos, sino que tom\u00f3 en cuenta los diferentes\u00a0 p\u00fablicos, aunque privilegiando a los j\u00f3venes.  No fue casual que en la animaci\u00f3n participaran Pamela Sued y Milton\u00a0\u00a0\u00a0 Cordero ( Lechuga ), que son los presentadores  de Verano Presidente, una actividad art\u00edstica dirigida a la clase media, o  Miguel Ortega y Sheila Acevedo, que cumplen iguales roles, pero cuando el\u00a0 auditorio es m\u00e1s popular. El prop\u00f3sito era llegarles  a los j\u00f3venes, y se aplic\u00f3 la f\u00f3rmula de Mcluhan de que el mensaje es el medio,  en este caso los mensajeros. Se quer\u00eda fiesta y contagio, y se logr\u00f3\u2026<br \/>&#13;<br \/>\n    <br \/>&#13;<br \/>\n    <strong>LA   ANIMACI\u00d2N.- <\/strong>Tal vez mucha gente no se ocup\u00f3 de estudiar la puesta en escena, pero fue  obvio que el acto de proclamaci\u00f3n del domingo lo que menos parec\u00eda era una  manifestaci\u00f3n pol\u00edtica, aun cuando hubo discursos de m\u00e1s. Lo que importaba era  el p\u00fablico que estaba en las grader\u00edas, o que se qued\u00f3 afuera, y por eso &#8212; por  primera vez &#8212; encargaron a un presentador acostumbrado a manejar multitudes para  que lo mantuviera\u00a0 motivado a lo largo de  un espect\u00e1culo. Los coros y los testimonios no iban dirigidos a quienes estaban  en el recinto, sino al exterior, fueran los alrededores del Palacio de los Deportes  o los hogares. La m\u00fasica fue por igual un elemento clave, pues el g\u00e9nero de  calle, que Acroarte no toma en cuenta en sus premiaciones, se impuso como  instrumento pol\u00edtico. No solo fue Fernando Villalona, Sergio Vargas, Ram\u00f3n  Orlando, Frank Reyes e Ileana Reynoso, que pertenecen a la vieja ola, sino la  novedad de Quico El Presidente, de Omega y del L\u00e1piz. Es decir, que no s\u00f3lo se  quiso llamar la atenci\u00f3n de los j\u00f3venes, sino de los que viven en los barrios,  pues estos grupos constituyen sus expresiones musicales. Nandy Rivas, que fue  el productor general, advirti\u00f3 la importancia del hip hop o del merengue que  por ahora arrebata a los muchachos y lo utilizo como carnada con buenos  resultados\u2026 <br \/>&#13;<br \/>\n    <strong><br \/>&#13;<br \/>\n  LOS J\u00d2VENES.-\u00a0<\/strong> Como todos estos performance forman parte de  la campa\u00f1a electoral, vale recordar que la semana pasada Miguel Vargas  Maldonado habl\u00f3 al pa\u00eds teniendo como auditorio en estudio a un grupo de  j\u00f3venes desconocidos, y ese no fue un acto impensado o inocente, sino que  buscaba proyectar una imagen m\u00e1s limpia y menos contaminada de perredeismo. La  gente extra\u00f1\u00f3 que no apareciera con su \u201c gabinete de campa\u00f1a \u201d, pero fue  correcto que intentara posicionarse\u00a0  entre j\u00f3venes que por su talante daban la impresi\u00f3n de que pertenec\u00edan a  la clase media. Aunque suene irreverente, los pol\u00edticos quisieran decir como  Jes\u00fas de los ni\u00f1os: dejad que los j\u00f3venes se acerquen a m\u00ed, pues de quienes  sean como ellos ser\u00e1 el reino del Estado. En ese juego de estrategias cada cual  busca la mejor compa\u00f1\u00eda. Aunque se advierten las diferencias. <br \/>&#13;<br \/>\n  <br \/>&#13;<br \/>\n  El presidente  Leonel Fern\u00e1ndez busc\u00f3 los j\u00f3venes, pero los procur\u00f3 por la v\u00eda de la m\u00fasica,  sin renegar de sus compa\u00f1eros de partido, ya que hablaron Franklyn Almeyda y Relucho  Jim\u00e9nez, que pertenecen a la vieja ortodoxia, pero cuyo desempe\u00f1o en el  gobierno los ha llevado a polemizar con personas y sectores. Figuraron en el  acto, que es lo importante, aun cuando los oradores y los discursos sobraban  ante un p\u00fablico que estaba en salsa, merengue, bachata y hip hop\u2026<\/span><\/p>\n<p>&#13;<\/p>\n<h6> 2008-01-28 20:07:15 <\/h6>\n<p><!--\n<link rel=\"stylesheet\" href=\"css\/bootstrap.min.css\">\n\n\n<ul class=\"pagination\">\n\t    \n\t\n\n<li >\n\t<a href='?page_no=12318'>Previous<\/a>\n\t<\/li>\n\n\n       \n    \n\n<li><a href='?page_no=1'>1<\/a><\/li>\n\n\n\n<li><a href='?page_no=2'>2<\/a><\/li>\n\n\n\n<li><a>...<\/a><\/li>\n\n\n\n<li><a href='?page_no=12317'>12317<\/a><\/li>\n\n\n\n<li><a href='?page_no=12318'>12318<\/a><\/li>\n\n\n\n<li class='active'><a>12319<\/a><\/li>\n\n\n\n<li><a href='?page_no=12320'>12320<\/a><\/li>\n\n\n\n<li><a href='?page_no=12321'>12321<\/a><\/li>\n\n\n\n<li><a>...<\/a><\/li>\n\n\n\n<li><a href='?page_no=13611'>13611<\/a><\/li>\n\n\n\n<li><a href='?page_no=13612'>13612<\/a><\/li>\n\n    \n\t\n\n<li >\n\t<a href='?page_no=12320'>Next<\/a>\n\t<\/li>\n\n\n    \n\n<li><a href='?page_no=13612'>Last &rsaquo;&rsaquo;<\/a><\/li>\n\n<\/ul>\n\n\n--><br \/>\n<\/body><\/p>\n","protected":false},"excerpt":{"rendered":"<p>ORLANDO DICE\u2026&#13; &#13; EL ESPECT\u00c0CULO.-\u00a0 Esta columna hab\u00eda adelantado que el acto de proclamaci\u00f3n del presidente Leonel Fern\u00e1ndez ser\u00eda una producci\u00f3n de televisi\u00f3n y no un mitin a la vieja usanza, y todos quienes se colocaron frente a sus aparatos pudieron comprobarlo. Se discuti\u00f3 mucho sobre el espacio, si peque\u00f1o o grande, y sobre la [&hellip;]<\/p>\n","protected":false},"author":3,"featured_media":0,"comment_status":"open","ping_status":"open","sticky":false,"template":"","format":"standard","meta":{"footnotes":""},"categories":[16],"tags":[],"class_list":["post-36458","post","type-post","status-publish","format-standard","hentry","category-opiniones"],"_links":{"self":[{"href":"https:\/\/diariodominicano.com\/index.php?rest_route=\/wp\/v2\/posts\/36458","targetHints":{"allow":["GET"]}}],"collection":[{"href":"https:\/\/diariodominicano.com\/index.php?rest_route=\/wp\/v2\/posts"}],"about":[{"href":"https:\/\/diariodominicano.com\/index.php?rest_route=\/wp\/v2\/types\/post"}],"author":[{"embeddable":true,"href":"https:\/\/diariodominicano.com\/index.php?rest_route=\/wp\/v2\/users\/3"}],"replies":[{"embeddable":true,"href":"https:\/\/diariodominicano.com\/index.php?rest_route=%2Fwp%2Fv2%2Fcomments&post=36458"}],"version-history":[{"count":0,"href":"https:\/\/diariodominicano.com\/index.php?rest_route=\/wp\/v2\/posts\/36458\/revisions"}],"wp:attachment":[{"href":"https:\/\/diariodominicano.com\/index.php?rest_route=%2Fwp%2Fv2%2Fmedia&parent=36458"}],"wp:term":[{"taxonomy":"category","embeddable":true,"href":"https:\/\/diariodominicano.com\/index.php?rest_route=%2Fwp%2Fv2%2Fcategories&post=36458"},{"taxonomy":"post_tag","embeddable":true,"href":"https:\/\/diariodominicano.com\/index.php?rest_route=%2Fwp%2Fv2%2Ftags&post=36458"}],"curies":[{"name":"wp","href":"https:\/\/api.w.org\/{rel}","templated":true}]}}