{"id":36456,"date":"2008-01-28T20:21:23","date_gmt":"2008-01-28T20:21:23","guid":{"rendered":"http:\/\/diariodominicano.ddns.net\/?p=36456"},"modified":"2008-01-28T20:21:23","modified_gmt":"2008-01-28T20:21:23","slug":"la-proclamacion-de-leonel","status":"publish","type":"post","link":"https:\/\/diariodominicano.com\/?p=36456","title":{"rendered":"La Proclamaci\u00f3n de Leonel"},"content":{"rendered":"<p><body><\/p>\n<p align=\"center\"><strong>\u00a0<span class=\"titulogrande1\">\u00a0\u00a0\u00a0\u00a0 La Proclamaci\u00f3n de  Leonel <\/span><\/strong><\/p>\n<p>&#13;<\/p>\n<p align=\"justify\" class=\"text1noticias\"><img loading=\"lazy\" decoding=\"async\" src=\"http:\/\/10.0.0.82:8080\/pictures\/bienvenido segura.jpg\" width=\"269\" height=\"211\" hspace=\"4\" align=\"left\" \/>La proclamaci\u00f3n de Leonel  Fern\u00e1ndez como candidato presidencial del Partido de la Liberaci\u00f3n Dominicana  se convirti\u00f3 en una verdadera fiesta para los miembros, amigos y simpatizantes  que tuvieron la suerte\u00a0 de lograr un  espacio en el Palacio de los Deportes Virgilio Travieso Soto y el resto de los  dominicanos que le dieron seguimiento\u00a0 a  trav\u00e9s de los distintos medios electr\u00f3nicos de comunicaci\u00f3n que transmit\u00edan el  evento. Fue notorio el entusiasmo de todos los presentes que aclamaban a viva  voz consignas alusivas a la continuidad  en el poder del carism\u00e1tico l\u00edder \u00a0que en la actualidad dirige los destinos de la  naci\u00f3n. Las calles y sus alrededores estaban abarrotados de gente que no pudo  penetrar a la media naranja y que debi\u00f3 conformarse\u00a0 solo con lanzar v\u00edtores y aplausos al paso del  heredero pol\u00edtico de Bosch y Balaguer. Una constelaci\u00f3n de estrellas de la  m\u00fasica popular dominicana expres\u00f3 su apoyo incondicional al Pr\u00edncipe ofreciendo  un lucido espect\u00e1culo musical que  emocion\u00f3 y alegr\u00f3 a los concurrentes. <\/p>\n<p>&#13;<\/p>\n<p align=\"justify\" class=\"text1noticias\">Con la presencia del liderazgo y  la dirigencia nacional e internacional del partido morado, representantes de  organizaciones pol\u00edticas aliadas y movimientos de apoyo, la Comisi\u00f3n Electoral  del Congreso Elector Profesor Juan Bosch ley\u00f3 el acta contentiva de los  resultados finales y definitivos del proceso de escogencia iniciado en febrero  del a\u00f1o 2007 en donde el Presidente Fern\u00e1ndez fue electo por tercera ocasi\u00f3n  candidato presidencial de su partido recibiendo inmediatamente la aprobaci\u00f3n  un\u00e1nime de los delegados\u00a0 presentes. Una delegaci\u00f3n  de la Direcci\u00f3n  de Partidos Pol\u00edticos de la   Junta Central Electoral\u00a0  estableci\u00f3 como buena y valida la selecci\u00f3n y proclamaci\u00f3n de Leonel para  representar en la boleta al \u00a0PLD y sus aliados  en los comicios nacionales del pr\u00f3ximo 16 de mayo. <\/p>\n<p>&#13;<\/p>\n<p align=\"justify\" class=\"text1noticias\">El discurso del Dr. Leonel  Fern\u00e1ndez no tuvo desperdicios, fue una pieza oratoria brillante y propicia  para la ocasi\u00f3n donde a parte de plantear las l\u00edneas generales de lo que ser\u00e1  su pr\u00f3xima gesti\u00f3n gubernamental, desnuda de pies a cabeza al candidato  presidencial del PRD-PPH demostrando con hechos tangibles que Miguelito Vargas  constituye la expresi\u00f3n moderna de la mas burda incapacidad e ineptitud gerencial  porque en las oportunidades que le ha correspondido \u00a0dirigir importantes instituciones del Estado no  ha sabido ser eficiente pasando por las mismas sin pena ni gloria. El ejemplo m\u00e1s  elocuente son sus desmanes y su inoperancia al frente de la Secretaria de Obras  Publicas en el gobierno de su jefe pol\u00edtico Hip\u00f3lito Mejia. \u00a0<\/p>\n<p>&#13;<\/p>\n<p align=\"justify\" class=\"text1noticias\">Considero que en su pr\u00f3ximo  periodo de gobierno (2008-2012) el Presidente Leonel Fern\u00e1ndez debe  concentrarse en consolidar los logros de la actual gesti\u00f3n sobre todo en lo  referente al buen manejo de la econom\u00eda, continuar creando empleos, mantener o  aumentar los niveles de confianza de los diversos agentes econ\u00f3micos y seguir  el proceso de incremento de la inversi\u00f3n social iniciado en el a\u00f1o 1996 y  fortalecido en la actualidad. Es oportuna su propuesta de promover un gran  Pacto Social para aunar esfuerzos con el objetivo de reducir o erradicar la  pobreza en la Republica Dominicana.  Es de justicia resaltar su voluntad y decisi\u00f3n firme en la implementaci\u00f3n de  pol\u00edticas p\u00fablicas bien definidas dirigidas a los sectores m\u00e1s depauperados y  vulnerables a trav\u00e9s de programas y acciones de asistencia social que  benefician\u00a0 a los que nada tienen. Lo m\u00e1s  importante actualmente para el PLD es la unidad monol\u00edtica que exhibe\u00a0 y el convencimiento de las fuerzas pol\u00edticas  y sociales que este partido representa de que Leonel debe continuar en el poder  para que la Republica Dominicana  siga fortaleciendo sus instituciones y asi el progreso y el desarrollo de la  naci\u00f3n no se detengan. <\/p>\n<p>&#13;<\/p>\n<p align=\"justify\" class=\"text1noticias\">En pocas palabras, seguir con el  PLD para que de una vez y por todas no vuelva el retroceso representado por  Miguelito Vargas y su PRD-PPH. Suerte que el pa\u00eds ya les conoce y les rechaza por  los malos gobiernos que han realizado. Estoy absolutamente convencido que el  pueblo dominicano los derrotara de nuevo llenando las urnas de votos morados eligiendo  asi a Leonel Fern\u00e1ndez en la primera vuelta para que contin\u00fae conduciendo la  nave de la naci\u00f3n dominicana de manera firme y segura como solo \u00e9l lo sabe  hacer. <\/p>\n<p>&#13;<\/p>\n<h6> 2008-01-28 20:21:23 <\/h6>\n<p><!--\n<link rel=\"stylesheet\" href=\"css\/bootstrap.min.css\">\n\n\n<ul class=\"pagination\">\n\t    \n\t\n\n<li >\n\t<a href='?page_no=12316'>Previous<\/a>\n\t<\/li>\n\n\n       \n    \n\n<li><a href='?page_no=1'>1<\/a><\/li>\n\n\n\n<li><a href='?page_no=2'>2<\/a><\/li>\n\n\n\n<li><a>...<\/a><\/li>\n\n\n\n<li><a href='?page_no=12315'>12315<\/a><\/li>\n\n\n\n<li><a href='?page_no=12316'>12316<\/a><\/li>\n\n\n\n<li class='active'><a>12317<\/a><\/li>\n\n\n\n<li><a href='?page_no=12318'>12318<\/a><\/li>\n\n\n\n<li><a href='?page_no=12319'>12319<\/a><\/li>\n\n\n\n<li><a>...<\/a><\/li>\n\n\n\n<li><a href='?page_no=13611'>13611<\/a><\/li>\n\n\n\n<li><a href='?page_no=13612'>13612<\/a><\/li>\n\n    \n\t\n\n<li >\n\t<a href='?page_no=12318'>Next<\/a>\n\t<\/li>\n\n\n    \n\n<li><a href='?page_no=13612'>Last &rsaquo;&rsaquo;<\/a><\/li>\n\n<\/ul>\n\n\n--><br \/>\n<\/body><\/p>\n","protected":false},"excerpt":{"rendered":"<p>\u00a0\u00a0\u00a0\u00a0\u00a0 La Proclamaci\u00f3n de Leonel &#13; La proclamaci\u00f3n de Leonel Fern\u00e1ndez como candidato presidencial del Partido de la Liberaci\u00f3n Dominicana se convirti\u00f3 en una verdadera fiesta para los miembros, amigos y simpatizantes que tuvieron la suerte\u00a0 de lograr un espacio en el Palacio de los Deportes Virgilio Travieso Soto y el resto de los dominicanos [&hellip;]<\/p>\n","protected":false},"author":3,"featured_media":0,"comment_status":"open","ping_status":"open","sticky":false,"template":"","format":"standard","meta":{"footnotes":""},"categories":[16],"tags":[],"class_list":["post-36456","post","type-post","status-publish","format-standard","hentry","category-opiniones"],"_links":{"self":[{"href":"https:\/\/diariodominicano.com\/index.php?rest_route=\/wp\/v2\/posts\/36456","targetHints":{"allow":["GET"]}}],"collection":[{"href":"https:\/\/diariodominicano.com\/index.php?rest_route=\/wp\/v2\/posts"}],"about":[{"href":"https:\/\/diariodominicano.com\/index.php?rest_route=\/wp\/v2\/types\/post"}],"author":[{"embeddable":true,"href":"https:\/\/diariodominicano.com\/index.php?rest_route=\/wp\/v2\/users\/3"}],"replies":[{"embeddable":true,"href":"https:\/\/diariodominicano.com\/index.php?rest_route=%2Fwp%2Fv2%2Fcomments&post=36456"}],"version-history":[{"count":0,"href":"https:\/\/diariodominicano.com\/index.php?rest_route=\/wp\/v2\/posts\/36456\/revisions"}],"wp:attachment":[{"href":"https:\/\/diariodominicano.com\/index.php?rest_route=%2Fwp%2Fv2%2Fmedia&parent=36456"}],"wp:term":[{"taxonomy":"category","embeddable":true,"href":"https:\/\/diariodominicano.com\/index.php?rest_route=%2Fwp%2Fv2%2Fcategories&post=36456"},{"taxonomy":"post_tag","embeddable":true,"href":"https:\/\/diariodominicano.com\/index.php?rest_route=%2Fwp%2Fv2%2Ftags&post=36456"}],"curies":[{"name":"wp","href":"https:\/\/api.w.org\/{rel}","templated":true}]}}