{"id":36455,"date":"2008-01-29T16:45:14","date_gmt":"2008-01-29T16:45:14","guid":{"rendered":"http:\/\/diariodominicano.ddns.net\/?p=36455"},"modified":"2008-01-29T16:45:14","modified_gmt":"2008-01-29T16:45:14","slug":"el-tiro-rapido-298","status":"publish","type":"post","link":"https:\/\/diariodominicano.com\/?p=36455","title":{"rendered":"EL TIRO RAPIDO"},"content":{"rendered":"<p><body><\/p>\n<p><span class=\"titulogrande1\">EL TIRO RAPIDO<\/span><br \/>&#13;<br \/>\n  <br \/>&#13;<br \/>\n    <strong>de<\/strong><br \/>&#13;<br \/>\n<br \/>&#13;<br \/>\n<span class=\"textogrande\">Mario Rivadulla<\/span><\/p>\n<p>&#13;<\/p>\n<p align=\"justify\" class=\"text1noticias\">Ciertamente hay noticias muy importantes sobre el tapete  que merecer\u00ecan un enfoque editorial.\u00a0  <br \/>&#13;<br \/>\n  <br \/>&#13;<br \/>\nDesde la proclamaci\u00f2n formal del Presidente Leonel Fern\u00e0ndez como  candidato oficial del PLD para optar por un nuevo per\u00ecodo y el anuncio de su  programa de gobierno,\u00a0 y el mismo anuncio  que anteriormente hiciese su principal opositor, el ingeniero Miguel Vargas  Maldonado en lo que pudiera y debiera significar la derivaci\u00f2n de la campa\u00f1a  pol\u00ectica hacia un debate de tono m\u00e0s elevado y constructivo, hasta la obstinada  prohibici\u00f2n de las autoridades haitianas de permitir la entrada a su territorio  de huevos y pollos dominicanos.<\/p>\n<p>&#13;<\/p>\n<p align=\"justify\" class=\"text1noticias\">Son \u00e8stas sin embargo,  situaciones coyunturales, objeto obligado en los dos primeros casos, de  comentario y debate diario, con m\u00e0s profusi\u00f2n ahora que ya estamos inmersos en  el tramo final de una campa\u00f1a electoral que debi\u00f2 haber comenzado el pasado dia  18, con la proclama de la   Junta Central Electoral, pero que en realidad viene  libr\u00e0ndose desde hace muchos meses.<\/p>\n<p>&#13;<\/p>\n<p align=\"justify\" class=\"text1noticias\">Hay un tema sin embargo,\u00a0 sobre el que consideramos preciso e  impostergable volver porque en ello se involucra la calidad de vida y la vida  misma del g\u00e8nero humano.\u00a0 Y en la parte  espec\u00ecfica que nos toca,\u00a0 del pedazo de  isla que ocupamos y los nueve millones y medio de seres que lo poblamos.\u00a0 Se trata del fen\u00f2meno llamado \u201ccalentamiento  global\u201d.<\/p>\n<p>&#13;<\/p>\n<p align=\"justify\" class=\"text1noticias\">A ra\u00ecz del paso de las  tormentas Noel y Olga, trajimos a nuestro TELEDEBATE a la Directora Nacional  de Meteorolog\u00eca.\u00a0 Ella reiter\u00f2 la  advertencia recibida por otras v\u00ecas, tanto locales como for\u00e0neas.\u00a0 Esto es: los efectos adversos que trae  aparejados el \u201ccalentamiento global\u201d.\u00a0 <\/p>\n<p>&#13;<\/p>\n<p align=\"justify\" class=\"text1noticias\">De manera precisa se\u00f1al\u00f2 que en  lo adelante habr\u00e0 mayores dificultades para predecir, como se hac\u00eca hasta  ahora, la cantidad de huracanes que pudi\u00e8ramos esperar en cada temporada as\u00ec  como se incrementar\u00e0n su fortaleza y frecuencia.\u00a0 El mismo calendario tradicional que ha  enmarcado la \u00e8poca de los huracanes, dando comienzo el primero de junio y finalizando  el treinta de noviembre, tambi\u00e8n se ver\u00e0 alterado.\u00a0 De hecho, ya lo fue con los casos de Noel y  sobre todo Olga, que cay\u00f2 completamente fuera de la misma.<\/p>\n<p>&#13;<\/p>\n<p align=\"justify\" class=\"text1noticias\">Pero quiz\u00e0s lo m\u00e0s preocupante  en la agenda de posibles efectos y advertencias es el aumento del nivel de los  oc\u00e8anos que, en nuestro caso, como advertimos en ese momento, pudiera  representar la p\u00e8rdida total o parcial de no pocas de nuestras hermosas playas,  sumergidas bajo el mar.<\/p>\n<p>&#13;<\/p>\n<p align=\"justify\" class=\"text1noticias\">La alerta, que pudo lucir  exagerada en ese momento no ten\u00eca nada de tal.\u00a0  Ahora mismo, es el director regional del Programa de las Naciones Unidas  para el Medio Ambiente, Ricardo S\u00e0nchez, quien pronostica que en apenas los  pr\u00f2ximos quince a\u00f1os el turismo en la regi\u00f2n del Caribe pudiera descender en un  25 porciento debido precisamente a los cambios clim\u00e0ticos.\u00a0\u00a0 Ni que decir lo que esto representar\u00eca para  nuestra m\u00e0s importante industria y los perjuicios que se derivar\u00ecan para la  econom\u00eca nacional.<\/p>\n<p>&#13;<\/p>\n<p align=\"justify\" class=\"text1noticias\">No se limit\u00f2 al \u00e0rea caribe\u00f1a,  sin embargo, el alto funcionario de la   ONU en sus apreciaciones.\u00a0  <br \/>&#13;<br \/>\n  <br \/>&#13;<br \/>\nEsos cambios, fruto de nuestras repetidas, irresponsables y desmedidas  agresiones a la Naturaleza,  alcanzar\u00ecan y golpear\u00ecan fuertemente tambi\u00e8n a la Am\u00e8rica Latina.\u00a0 <\/p>\n<p>&#13;<\/p>\n<p align=\"justify\" class=\"text1noticias\">Lo anterior en raz\u00f2n de que  siguiendo un movimiento migratorio del campo a la ciudad que se inici\u00f2 con  posterioridad al t\u00e8rmino de la   II Guerra Mundial y no ha cesado desde entonces,\u00a0 hoy por hoy 78 de cada 100 latinoamericanos  se han convertido en habitantes urbanos.<\/p>\n<p>&#13;<\/p>\n<p align=\"justify\" class=\"text1noticias\">A lo intenso y persistente de  este desplazamiento humano no han correspondido,\u00a0 en la mayor\u00eca de los casos,\u00a0 criterios de planificaci\u00f2n.\u00a0 El resultado ha sido la arrabalizaci\u00f2n de  muchas ciudades y el amontonamiento de grandes n\u00f9cleos humanos en las  condiciones m\u00e0s precarias de vida, en muchos casos en situaci\u00f2n de gran  inseguridad.<\/p>\n<p>&#13;<\/p>\n<p align=\"justify\" class=\"text1noticias\">Tal es nuestro propio  caso,\u00a0 donde hay tantos dominicanos que  por extrema necesidad, persistente complacencia populista del Estado y total  desatenci\u00f2n a las voces de alerta que se les dirigen levantan sus humildes y  endebles moradas en sitios de alto riesgo, principalmente a orillas de r\u00ecos,  presas y ca\u00f1adas con grave peligro para sus propias vidas.<\/p>\n<p>&#13;<\/p>\n<p align=\"justify\" class=\"text1noticias\">Es un costo que hemos debido  pagar muchas veces.\u00a0 Es el que no debemos  seguir pagando en el futuro,\u00a0 si desde ya  mismo ponemos especial atenci\u00f2n al problema que amenaza llegarnos y cuyas  se\u00f1ales estamos recibiendo desde hace tiempo.<\/p>\n<p>&#13;<\/p>\n<p align=\"justify\" class=\"text1noticias\">Es de esperar que atendamos  esos mensajes advertidores de una alterada e irritada pero siempre generosa  Naturaleza.\u00a0 Si tomamos las medidas y  precauciones de lugar y nos reconciliamos prontamente con ella,\u00a0\u00a0 haremos bueno el dicho de que guerra  avisada, no mata soldado.\u00a0\u00a0 <\/p>\n<p>&#13;<\/p>\n<h6> 2008-01-29 16:45:14 <\/h6>\n<p><!--\n<link rel=\"stylesheet\" href=\"css\/bootstrap.min.css\">\n\n\n<ul class=\"pagination\">\n\t    \n\t\n\n<li >\n\t<a href='?page_no=12315'>Previous<\/a>\n\t<\/li>\n\n\n       \n    \n\n<li><a href='?page_no=1'>1<\/a><\/li>\n\n\n\n<li><a href='?page_no=2'>2<\/a><\/li>\n\n\n\n<li><a>...<\/a><\/li>\n\n\n\n<li><a href='?page_no=12314'>12314<\/a><\/li>\n\n\n\n<li><a href='?page_no=12315'>12315<\/a><\/li>\n\n\n\n<li class='active'><a>12316<\/a><\/li>\n\n\n\n<li><a href='?page_no=12317'>12317<\/a><\/li>\n\n\n\n<li><a href='?page_no=12318'>12318<\/a><\/li>\n\n\n\n<li><a>...<\/a><\/li>\n\n\n\n<li><a href='?page_no=13611'>13611<\/a><\/li>\n\n\n\n<li><a href='?page_no=13612'>13612<\/a><\/li>\n\n    \n\t\n\n<li >\n\t<a href='?page_no=12317'>Next<\/a>\n\t<\/li>\n\n\n    \n\n<li><a href='?page_no=13612'>Last &rsaquo;&rsaquo;<\/a><\/li>\n\n<\/ul>\n\n\n--><br \/>\n<\/body><\/p>\n","protected":false},"excerpt":{"rendered":"<p>EL TIRO RAPIDO&#13; &#13; de&#13; &#13; Mario Rivadulla &#13; Ciertamente hay noticias muy importantes sobre el tapete que merecer\u00ecan un enfoque editorial.\u00a0 &#13; &#13; Desde la proclamaci\u00f2n formal del Presidente Leonel Fern\u00e0ndez como candidato oficial del PLD para optar por un nuevo per\u00ecodo y el anuncio de su programa de gobierno,\u00a0 y el mismo anuncio [&hellip;]<\/p>\n","protected":false},"author":3,"featured_media":0,"comment_status":"open","ping_status":"open","sticky":false,"template":"","format":"standard","meta":{"footnotes":""},"categories":[16],"tags":[],"class_list":["post-36455","post","type-post","status-publish","format-standard","hentry","category-opiniones"],"_links":{"self":[{"href":"https:\/\/diariodominicano.com\/index.php?rest_route=\/wp\/v2\/posts\/36455","targetHints":{"allow":["GET"]}}],"collection":[{"href":"https:\/\/diariodominicano.com\/index.php?rest_route=\/wp\/v2\/posts"}],"about":[{"href":"https:\/\/diariodominicano.com\/index.php?rest_route=\/wp\/v2\/types\/post"}],"author":[{"embeddable":true,"href":"https:\/\/diariodominicano.com\/index.php?rest_route=\/wp\/v2\/users\/3"}],"replies":[{"embeddable":true,"href":"https:\/\/diariodominicano.com\/index.php?rest_route=%2Fwp%2Fv2%2Fcomments&post=36455"}],"version-history":[{"count":0,"href":"https:\/\/diariodominicano.com\/index.php?rest_route=\/wp\/v2\/posts\/36455\/revisions"}],"wp:attachment":[{"href":"https:\/\/diariodominicano.com\/index.php?rest_route=%2Fwp%2Fv2%2Fmedia&parent=36455"}],"wp:term":[{"taxonomy":"category","embeddable":true,"href":"https:\/\/diariodominicano.com\/index.php?rest_route=%2Fwp%2Fv2%2Fcategories&post=36455"},{"taxonomy":"post_tag","embeddable":true,"href":"https:\/\/diariodominicano.com\/index.php?rest_route=%2Fwp%2Fv2%2Ftags&post=36455"}],"curies":[{"name":"wp","href":"https:\/\/api.w.org\/{rel}","templated":true}]}}