{"id":36454,"date":"2008-01-29T16:48:57","date_gmt":"2008-01-29T16:48:57","guid":{"rendered":"http:\/\/diariodominicano.ddns.net\/?p=36454"},"modified":"2008-01-29T16:48:57","modified_gmt":"2008-01-29T16:48:57","slug":"las-principales-en-teledebate-9","status":"publish","type":"post","link":"https:\/\/diariodominicano.com\/?p=36454","title":{"rendered":"LAS PRINCIPALES EN TELEDEBATE"},"content":{"rendered":"<p><body><\/p>\n<p align=\"justify\"><span class=\"titulogrande1\">LAS PRINCIPALES EN TELEDEBATE<\/span><br \/>&#13;<br \/>\n  <br \/>&#13;<br \/>\n    <span class=\"text1noticias\">Lunes  28,01,08<\/span><\/p>\n<p>&#13;<\/p>\n<p align=\"justify\" class=\"text1noticias\"><strong>AL FIN.\u00a0<\/strong> Ayer, al  fin, se produjo la proclamaci\u00f2n presidencial por el PLD y partidos aliados del  Presidente Leonel Fern\u00e0ndez como candidato oficial para un nuevo per\u00ecodo.\u00a0 La dilatada y varias veces pospuesta actividad  se tiene entendido que ten\u00eca como prop\u00f2sito dar tiempo a que los acercamientos  a Danilo Medina hicieran que \u00e8ste desistiese de su actual retiro y participase  en el acto, lo que no ocurri\u00f2 como se hab\u00eca pronosticado.<\/p>\n<p>&#13;<\/p>\n<p align=\"justify\" class=\"text1noticias\"><strong>UN PLAN DE GOBIERNO.\u00a0<\/strong> El Presidente Fern\u00e0ndez esboz\u00f2 lo que ser\u00eca  su plan de gobierno en caso de ser escogido para un nuevo per\u00ecodo, prometiendo  la realizaci\u00f2n de toda una vasta serie de obras concretas: la construcci\u00f2n de  nuevas carreteras y elevados,\u00a0 mejorar la  educaci\u00f2n, la salud y la seguridad, superar la crisis el\u00e8ctrica,\u00a0\u00a0 ampliar los programas sociales que lleva a  cabo el gobierno, la creaci\u00f2n de empleos,la reducci\u00f2n de la pobreza y el  fortalecimiento de la tan maltratada clase media.<\/p>\n<p>&#13;<\/p>\n<p align=\"justify\" class=\"text1noticias\"><strong>FUERTES ATAQUES.\u00a0<\/strong> Pero tambi\u00e8n atac\u00f2 duramente a Miguel Vargas  Maldonado, su principal opositor, aunque sin mencionarlo en ning\u00f9n momento por  su nombre.\u00a0 El mandatario dijo que \u00e8ste  se halla rodeado de \u201cun grupo coral de bravucones y fanfarrones, especialistas  en el ultraje, la infamia y el insulto\u201d. Previamente los oradores m\u00e0s fogosos  del equipo presidencial atacaron con dureza al PRD y su candidato.<\/p>\n<p>&#13;<\/p>\n<p align=\"justify\" class=\"text1noticias\"><strong>DE TONO SUBIDO.\u00a0<\/strong> Como era de esperarse, desde la oposici\u00f2n y  en particular el litoral blanco, se levantaron voces para criticar el discurso  presidencial. Por m\u00e0s que tanto Vargas como el mandatario ya han hecho esbozo  de sus respectivos planes de gobierno, todo luce indicar que el debate verbal  ser\u00e0 de tono muy subido.\u00a0 Cabe esperar  que al menos, los partidos instruyan a sus militantes para que nos se dejen  llevar de la pasi\u00f2n y caer en la violencia.<\/p>\n<p>&#13;<\/p>\n<p align=\"justify\" class=\"text1noticias\"><strong>VEREMOS SI FUNCIONA.\u00a0<\/strong>  El Superintendente de Salud de la Seguridad Social  afirma que se ha introducido un cambio salom\u00f2nico en la resoluci\u00f2n que ha  mantenido enfrentados al sector sindical de un lado y al Colegio M\u00e8dico y la Asociaci\u00f2n de Cl\u00ecnicas  por otro.\u00a0 Veremos si la cosa funciona y  se deja sin efecto el paro anunciado para el d\u00eca 30 en el que a fin de cuentas,  como siempre, los perjudicados iban a ser los asegurados.<\/p>\n<p>&#13;<\/p>\n<p align=\"justify\" class=\"text1noticias\"><strong>SIN BANDERA Y SIN IDEARIO.<\/strong>\u00a0 El 26, D\u00eca de Duarte, la capital amaneci\u00f2  hu\u00e8rfana de la bandera dominicana. La falta se hizo notar sobre todo en algunas  oficinas p\u00f9blicas.\u00a0 Penoso en verdad y  una evidencia m\u00e0s de nuestra p\u00e8rdida de valores, aunque mucho m\u00e0s lamentable es  habernos colocado a distancia sideral del ideario duartiano. Hoy, tambi\u00e8n, otro  d\u00eca patricio. El del pr\u00f2cer cubano Jos\u00e8 Marti que encuentra a su pueblo  profundamente dividido e igualmente distanciado del ideal que proclam\u00f2 de \u201cuna  rep\u00f9blica con todos y para el bien de todos\u201d.<\/p>\n<p>&#13;<\/p>\n<p align=\"justify\" class=\"text1noticias\"><strong>LA VEDA HAITIANA.<\/strong>\u00a0 Contin\u00f9a la prohibici\u00f2n por parte de Haiti de  dejar entrar los huevos y pollos dominicanos a su territorio.\u00a0 Llama la atenci\u00f2n sin embargo, que la veda ha  sido extendida a otros productos que nada tienen que ver con el sector av\u00eccola.  \u00a0\u00a0Por lo bajo se asegura que hay factores  locales del otro lado de la frontera interesados en lograr medidas  proteccionistas por parte del gobierno de Preval.<\/p>\n<p>&#13;<\/p>\n<p align=\"justify\" class=\"text1noticias\"><strong>HAY QUE PONERSE LAS PILAS.<\/strong>\u00a0 El tema parece tener otras implicaciones  aparte de los aspectos econ\u00f2micos y sociales y rebasar con mucho el solo  inter\u00e8s de los productores de huevos y pollos.\u00a0  El hecho cierto es que sobran razones para que nuestras autoridades se  pongan las pilas, investiguen a fondo lo que p\u00f9diera estar ocurriendo mientras  le buscan salida coyuntural al problema del sector afectado, al tiempo que  nuevos mercados.<\/p>\n<p>&#13;<\/p>\n<p align=\"justify\" class=\"text1noticias\"><strong>HONRAR, HONRA:\u00a0<\/strong> M\u00e0s que merecido el otorgamiento del m\u00e0s  importante premio literario nacional que patrocina la Fundaci\u00f2n Corripio  al destacado intelectual mocano Bruno Rosario Candelier. Como bien expresa su  compueblano y destacado periodista Adriano Miguel Tejada, la vida de Rosario  Candelier ha estado dedicada por entero a hacer florecer la poes\u00eca y la cr\u00ectica  literaria en un medio \u00e0rido. Aqu\u00ec cabe repetir la frase martiana de que  \u201chonrar, honra\u201d.\u00a0 Nuestros sinceros  parabienes.<\/p>\n<p>&#13;<\/p>\n<p align=\"justify\" class=\"text1noticias\"><strong>EXENCIONES JUSTIFICADAS.\u00a0<\/strong> Medida de justicia la decisi\u00f2n del gobierno  de exonerar del pago de los anticipos del Impuesto sobre la Renta de los a\u00f1os 2007 y  2008 as\u00ec como la de retenci\u00f2n del cinco por ciento en los pagos realizados por  el Estado y el Impuestos sobre los activos del pasado a\u00f1o al sector  agropecuario. La disposici\u00f2n representar\u00e0 un sacrificio fiscal de 2 mil  millones de pesos pero se justifica tomando en cuenta los graves perjuicios  ocasionados al agro nacional por el paso de las tormentas Noel y Olga.<\/p>\n<p>&#13;<\/p>\n<p align=\"justify\" class=\"text1noticias\"><strong>ESPA\u00d1A: UN HERMOSO GESTO.\u00a0<\/strong> Hablando de los dos fen\u00f2menos que arrasaron  el pa\u00ecs pr\u00e0cticamente fuera de temporada dejando un saldo doloroso de muertes y  decenas de miles de damnificados, hay que agradecer el generoso donativo de  Espa\u00f1a de nada menos que 750 millones de pesos para brindar auxilio a quienes  perdieron sus hogares y ajuares.\u00a0 Un  rasgo de gran solidaridad y generosidad que anuda m\u00e0s los estrechos lazos de  amistad entre ambos pa\u00ecses.<\/p>\n<p>&#13;<\/p>\n<p align=\"justify\" class=\"text1noticias\"><strong>POR JOHNNY NARANJO.<\/strong>\u00a0 Con el deceso de Johnny Naranjo el pa\u00ecs  pierde a uno de sus mejores cronistas deportivos y a un excelente ser  humano.\u00a0 Johnny, quien terminados sus  estudios como ingeniero, dej\u00f2 de lado la carrera para dedicarse de lleno a la  narraci\u00f2n y el comentario deportivo donde conquist\u00f2 merecidos laureles por  espacio de d\u00e8cadas donde dej\u00f2 huella de su gran calidad profesional.\u00a0 Descanse en paz.<\/p>\n<p>&#13;<\/p>\n<p align=\"justify\" class=\"text1noticias\"><strong>AL ROJO VIVO.<\/strong> La campa\u00f1a por la  postulaci\u00f2n presidencial dem\u00f2crata en los Estados Unidos se est\u00e0 poniendo al  rojo vivo.\u00a0 El fin de semana trajo una  victoria de Barak Obama sobre Hillary Clinton, en un estado predominantemente  negro. Ahora est\u00e0n empatados a dos victorias por cabeza. Y a partir de hoy  tendr\u00e0n una fatigosa jornada de 10 d\u00ecas que los llevar\u00e0 a 22 estados que  celebran sus elecciones internas el d\u00eca: 5 de febrero. Ambos son primerizos. Si  Hillary llegase a Presidente, ser\u00eca la primera mujer en lograrlo en los Estados  Unidos, y si triunfase Obama, ser\u00eca el primer negro en llegar a la primera magistratura.<\/p>\n<p>&#13;<\/p>\n<p align=\"justify\" class=\"text1noticias\"><strong>COMO MANA.<\/strong>\u00a0 A Obama, por cierto, le acaba de caer como  man\u00e0 celestial el importante refuerzo de la familia Kennedy.\u00a0 Aparte de ser un apellido emblem\u00e0tico del ala  m\u00e0s liberal del Partido Dem\u00f2crata representado por el sempiterno senador Edward  Kennedy, le garantiza la victoria en el Estado de Massachusets, donde la  familia del asesinado Presidente goza de un gran predicamento pol\u00ectico.<\/p>\n<p>&#13;<\/p>\n<h6> 2008-01-29 16:48:57 <\/h6>\n<p><!--\n<link rel=\"stylesheet\" href=\"css\/bootstrap.min.css\">\n\n\n<ul class=\"pagination\">\n\t    \n\t\n\n<li >\n\t<a href='?page_no=12314'>Previous<\/a>\n\t<\/li>\n\n\n       \n    \n\n<li><a href='?page_no=1'>1<\/a><\/li>\n\n\n\n<li><a href='?page_no=2'>2<\/a><\/li>\n\n\n\n<li><a>...<\/a><\/li>\n\n\n\n<li><a href='?page_no=12313'>12313<\/a><\/li>\n\n\n\n<li><a href='?page_no=12314'>12314<\/a><\/li>\n\n\n\n<li class='active'><a>12315<\/a><\/li>\n\n\n\n<li><a href='?page_no=12316'>12316<\/a><\/li>\n\n\n\n<li><a href='?page_no=12317'>12317<\/a><\/li>\n\n\n\n<li><a>...<\/a><\/li>\n\n\n\n<li><a href='?page_no=13611'>13611<\/a><\/li>\n\n\n\n<li><a href='?page_no=13612'>13612<\/a><\/li>\n\n    \n\t\n\n<li >\n\t<a href='?page_no=12316'>Next<\/a>\n\t<\/li>\n\n\n    \n\n<li><a href='?page_no=13612'>Last &rsaquo;&rsaquo;<\/a><\/li>\n\n<\/ul>\n\n\n--><br \/>\n<\/body><\/p>\n","protected":false},"excerpt":{"rendered":"<p>LAS PRINCIPALES EN TELEDEBATE&#13; &#13; Lunes 28,01,08 &#13; AL FIN.\u00a0 Ayer, al fin, se produjo la proclamaci\u00f2n presidencial por el PLD y partidos aliados del Presidente Leonel Fern\u00e0ndez como candidato oficial para un nuevo per\u00ecodo.\u00a0 La dilatada y varias veces pospuesta actividad se tiene entendido que ten\u00eca como prop\u00f2sito dar tiempo a que los acercamientos [&hellip;]<\/p>\n","protected":false},"author":3,"featured_media":0,"comment_status":"open","ping_status":"open","sticky":false,"template":"","format":"standard","meta":{"footnotes":""},"categories":[16],"tags":[],"class_list":["post-36454","post","type-post","status-publish","format-standard","hentry","category-opiniones"],"_links":{"self":[{"href":"https:\/\/diariodominicano.com\/index.php?rest_route=\/wp\/v2\/posts\/36454","targetHints":{"allow":["GET"]}}],"collection":[{"href":"https:\/\/diariodominicano.com\/index.php?rest_route=\/wp\/v2\/posts"}],"about":[{"href":"https:\/\/diariodominicano.com\/index.php?rest_route=\/wp\/v2\/types\/post"}],"author":[{"embeddable":true,"href":"https:\/\/diariodominicano.com\/index.php?rest_route=\/wp\/v2\/users\/3"}],"replies":[{"embeddable":true,"href":"https:\/\/diariodominicano.com\/index.php?rest_route=%2Fwp%2Fv2%2Fcomments&post=36454"}],"version-history":[{"count":0,"href":"https:\/\/diariodominicano.com\/index.php?rest_route=\/wp\/v2\/posts\/36454\/revisions"}],"wp:attachment":[{"href":"https:\/\/diariodominicano.com\/index.php?rest_route=%2Fwp%2Fv2%2Fmedia&parent=36454"}],"wp:term":[{"taxonomy":"category","embeddable":true,"href":"https:\/\/diariodominicano.com\/index.php?rest_route=%2Fwp%2Fv2%2Fcategories&post=36454"},{"taxonomy":"post_tag","embeddable":true,"href":"https:\/\/diariodominicano.com\/index.php?rest_route=%2Fwp%2Fv2%2Ftags&post=36454"}],"curies":[{"name":"wp","href":"https:\/\/api.w.org\/{rel}","templated":true}]}}