{"id":36453,"date":"2008-01-29T18:06:44","date_gmt":"2008-01-29T18:06:44","guid":{"rendered":"http:\/\/diariodominicano.ddns.net\/?p=36453"},"modified":"2008-01-29T18:06:44","modified_gmt":"2008-01-29T18:06:44","slug":"miguel-vargas-y-los-gastos-sociales-del-estado","status":"publish","type":"post","link":"https:\/\/diariodominicano.com\/?p=36453","title":{"rendered":"Miguel Vargas y los Gastos Sociales del Estado"},"content":{"rendered":"<p><body><\/p>\n<p class=\"titulogrande1\"><strong>Miguel Vargas y los Gastos Sociales del Estado<\/strong><\/p>\n<p>&#13;<\/p>\n<p align=\"justify\" class=\"text1noticias\">Una de las razones por la que los  sectores m\u00e1s pobres del pa\u00eds han empeorado sus condiciones de vida es porque  las inversiones que el Estado debe hacer para mejorar la situaci\u00f3n de los  mismos han ido a formar parte de la corrupci\u00f3n que ha estado permeando al  Estado y a la sociedad dominicana durante los \u00faltimos 40 a\u00f1os; situaci\u00f3n que se  ha visto empeorada por la voracidad en detrimento de los fondos p\u00fablicos que se  exhibe en el presente.<\/p>\n<p>&#13;<\/p>\n<p align=\"justify\" class=\"text1noticias\">Muchos sectores pobres de los principales  centros urbanos del pa\u00eds se han convertido en lugares, donde no es posible  habitar con un m\u00ednimo de seguridad familiar y de decencia, porque la llamada  deuda social acumulada del Estado, no ha permitido que esos sectores tengan la  ayuda del Estado para hacer frente a la insalubridad, la violencia y el hambre  que all\u00ed reina.<\/p>\n<p>&#13;<\/p>\n<p align=\"justify\" class=\"text1noticias\">La situaci\u00f3n de los barrios pobres es m\u00e1s  triste cuando observamos que todas las inversiones p\u00fablicas que han podido ser  llevadas a cabo, para beneficiar y ayudar a esos sectores, en la actualidad son  exhibidas por funcionarios p\u00fablicos, que no ocultan sus riquezas y sus fortunas  formidables, provenientes de apropiaciones il\u00edcitas cuyo origen es el Estado. Por  eso se necesita de otra mentalidad en el Estado que ponga freno a la presente  situaci\u00f3n, llevando inversiones a esos sectores pobres para cambiar su  situaci\u00f3n de hambre y falta de esperanza.<\/p>\n<p>&#13;<\/p>\n<p align=\"justify\" class=\"text1noticias\">El pa\u00eds necesita un gobernante que tenga  conciencia y sensibilidad social para que los gastos sociales que debe hacer el  Estado en el \u00e1rea de salud, educaci\u00f3n, viviendas y alimentaci\u00f3n est\u00e9n  orientados a favorecer a los sectores mas indigentes y pobres, porque de nada  sirve que un pa\u00eds alcance alg\u00fan grado de crecimiento si el mismo va a los  bolsillos de los funcionarios, a trav\u00e9s de la corrupci\u00f3n, como ocurre en el  presente.<br \/>&#13;<br \/>\n  <br \/>&#13;<br \/>\nEs irritante escuchar a un gobernante  hablar del crecimiento de la econom\u00eda, del progreso y de la modernidad de su pa\u00eds  cuando la mayor\u00eda de las familias de ese pa\u00eds sabe que su principal  preocupaci\u00f3n\u00a0 es que no tiene que comer  para sus hijos.<\/p>\n<p>&#13;<\/p>\n<p align=\"justify\" class=\"text1noticias\">Los gobernantes que las naciones desean  son aquellos que se ocupan del desarrollo de su pa\u00eds y de sus gentes. El  desarrollo es igual a justicia social, y para hablar de crecimiento y desarrollo  de un pa\u00eds y sus gentes debe haber una distribuci\u00f3n de las riquezas generadas  por el Estado a favor de todos los sectores que conforman la sociedad y no de  una minor\u00eda gobernante como ocurre con esta administraci\u00f3n.<\/p>\n<p>&#13;<\/p>\n<p align=\"justify\" class=\"text1noticias\">El gran dilema del gasto social del  Estado, en nuestro pa\u00eds, es que cada a\u00f1o ha sido menos la cantidad de recursos  econ\u00f3micos que reciben los sectores sociales mas pobres, porque aunque se dice  con palabras que se desea combatir la pobreza con los hechos se hace lo  contrario de lo que se dice, es decir no hay inter\u00e9s en combatir el  analfabetismo, el hambre, la desnutrici\u00f3n y la violencia que hoy arropa a la  mayor\u00eda del pa\u00eds. <\/p>\n<p>&#13;<\/p>\n<p align=\"justify\" class=\"text1noticias\">El Ing. Miguel Vargas ha hecho una  propuesta al pa\u00eds en el sentido de que todas las provincias del pa\u00eds recibir\u00e1n  las ayudas necesarias para la \u00a0construcci\u00f3n  de obras de infraestructuras y las inversiones en salud, escuelas y desarrollo  de la agricultura para la producci\u00f3n de alimentos. El pa\u00eds necesita un  presidente que tenga una concepci\u00f3n de que el Estado debe servir a las  mayor\u00edas\u00a0 y que como gobernante su misi\u00f3n  debe consistir en abandonar la demagogia tradicional y asumir con seriedad y  responsabilidad los compromisos contra\u00eddos con todos los sectores nacionales, pero sobre todo debe dar  mayor importancia\u00a0 a los compromisos\u00a0 contra\u00eddos con la gente\u00a0 de los sectores pobres y de clases medias, ya  que esa es la \u00fanica garant\u00eda que tiene la naci\u00f3n para ir recobrando la  credibilidad perdida por la clase pol\u00edtica tradicional.<\/p>\n<p>&#13;<\/p>\n<p align=\"justify\" class=\"text1noticias\">Al hablar de los gastos sociales del  Estado el pa\u00eds escuch\u00f3 el discurso del actual incumbente del Poder Ejecutivo.  Escuch\u00f3 a un gobernante prometer todo lo habido y por haber. Sin embargo, ese  mismo pa\u00eds sabe que ese discurso es una burla a su inteligencia porque se han  hecho promesas que ni siquiera en cuatro periodos de gobiernos son realizables.  Por eso, la poblaci\u00f3n percibe la falta de respeto con que es tratada por el  actual gobernante. Parecer\u00eda\u00a0 que los  aires del poder o la desesperaci\u00f3n de perderlo han llevado al actual gobernante  a sentirse con el derecho de poder jugar con la inteligencia del pueblo  dominicano.<\/p>\n<p>&#13;<\/p>\n<p align=\"justify\" class=\"text1noticias\">El Ing. Miguel Vargas esta consciente que  todo gobernante que aspire a permanecer en el aprecio del pueblo y de su  consciencia colectiva debe fortalecer las inversiones en los gastos sociales  del Estado a favor de los sectores medios y pobres de la sociedad. El sabe,  adem\u00e1s, que el pueblo ya tom\u00f3 la decisi\u00f3n de sacar del poder al actual grupo  que nos desgobierna. Por eso, est\u00e1 consciente de que su m\u00e9todo de trabajo ser\u00e1 la  antitesis de este grupo cuya principal funci\u00f3n es y ha sido mentir, enga\u00f1ar,  manipular y no cumplirle al pa\u00eds.<\/p>\n<p>&#13;<\/p>\n<p align=\"justify\" class=\"text1noticias\"><strong>Evelio Arroyo es Soci\u00f3logo, Abogado y Escritor. Es,  adem\u00e1s, Director Nacional de Comunicaciones y Estrategias del Movimiento en  L\u00ednea con Miguel, que preside el Dr. Francisco Fern\u00e1ndez.<\/strong><\/p>\n<p>&#13;<\/p>\n<h6> 2008-01-29 18:06:44 <\/h6>\n<p><!--\n<link rel=\"stylesheet\" href=\"css\/bootstrap.min.css\">\n\n\n<ul class=\"pagination\">\n\t    \n\t\n\n<li >\n\t<a href='?page_no=12313'>Previous<\/a>\n\t<\/li>\n\n\n       \n    \n\n<li><a href='?page_no=1'>1<\/a><\/li>\n\n\n\n<li><a href='?page_no=2'>2<\/a><\/li>\n\n\n\n<li><a>...<\/a><\/li>\n\n\n\n<li><a href='?page_no=12312'>12312<\/a><\/li>\n\n\n\n<li><a href='?page_no=12313'>12313<\/a><\/li>\n\n\n\n<li class='active'><a>12314<\/a><\/li>\n\n\n\n<li><a href='?page_no=12315'>12315<\/a><\/li>\n\n\n\n<li><a href='?page_no=12316'>12316<\/a><\/li>\n\n\n\n<li><a>...<\/a><\/li>\n\n\n\n<li><a href='?page_no=13611'>13611<\/a><\/li>\n\n\n\n<li><a href='?page_no=13612'>13612<\/a><\/li>\n\n    \n\t\n\n<li >\n\t<a href='?page_no=12315'>Next<\/a>\n\t<\/li>\n\n\n    \n\n<li><a href='?page_no=13612'>Last &rsaquo;&rsaquo;<\/a><\/li>\n\n<\/ul>\n\n\n--><br \/>\n<\/body><\/p>\n","protected":false},"excerpt":{"rendered":"<p>Miguel Vargas y los Gastos Sociales del Estado &#13; Una de las razones por la que los sectores m\u00e1s pobres del pa\u00eds han empeorado sus condiciones de vida es porque las inversiones que el Estado debe hacer para mejorar la situaci\u00f3n de los mismos han ido a formar parte de la corrupci\u00f3n que ha estado [&hellip;]<\/p>\n","protected":false},"author":3,"featured_media":0,"comment_status":"open","ping_status":"open","sticky":false,"template":"","format":"standard","meta":{"footnotes":""},"categories":[16],"tags":[],"class_list":["post-36453","post","type-post","status-publish","format-standard","hentry","category-opiniones"],"_links":{"self":[{"href":"https:\/\/diariodominicano.com\/index.php?rest_route=\/wp\/v2\/posts\/36453","targetHints":{"allow":["GET"]}}],"collection":[{"href":"https:\/\/diariodominicano.com\/index.php?rest_route=\/wp\/v2\/posts"}],"about":[{"href":"https:\/\/diariodominicano.com\/index.php?rest_route=\/wp\/v2\/types\/post"}],"author":[{"embeddable":true,"href":"https:\/\/diariodominicano.com\/index.php?rest_route=\/wp\/v2\/users\/3"}],"replies":[{"embeddable":true,"href":"https:\/\/diariodominicano.com\/index.php?rest_route=%2Fwp%2Fv2%2Fcomments&post=36453"}],"version-history":[{"count":0,"href":"https:\/\/diariodominicano.com\/index.php?rest_route=\/wp\/v2\/posts\/36453\/revisions"}],"wp:attachment":[{"href":"https:\/\/diariodominicano.com\/index.php?rest_route=%2Fwp%2Fv2%2Fmedia&parent=36453"}],"wp:term":[{"taxonomy":"category","embeddable":true,"href":"https:\/\/diariodominicano.com\/index.php?rest_route=%2Fwp%2Fv2%2Fcategories&post=36453"},{"taxonomy":"post_tag","embeddable":true,"href":"https:\/\/diariodominicano.com\/index.php?rest_route=%2Fwp%2Fv2%2Ftags&post=36453"}],"curies":[{"name":"wp","href":"https:\/\/api.w.org\/{rel}","templated":true}]}}