{"id":36452,"date":"2008-01-29T18:11:49","date_gmt":"2008-01-29T18:11:49","guid":{"rendered":"http:\/\/diariodominicano.ddns.net\/?p=36452"},"modified":"2008-01-29T18:11:49","modified_gmt":"2008-01-29T18:11:49","slug":"el-lider-y-los-fondos-publicos","status":"publish","type":"post","link":"https:\/\/diariodominicano.com\/?p=36452","title":{"rendered":"El L\u00edder y los Fondos P\u00fablicos"},"content":{"rendered":"<p><body><\/p>\n<p class=\"titulogrande1\">El L\u00edder y los Fondos  P\u00fablicos<\/p>\n<p>&#13;<\/p>\n<p align=\"justify\" class=\"text1noticias\">Hay l\u00edderes en los diferentes sectores sociales que  conforman la sociedad .Podemos hablar de l\u00edderes en el aspecto pol\u00edtico,  profesional, gremial, empresarial, religioso, entre otros. El que va a la  cabeza de un sector social o de un grupo que procura conquistas econ\u00f3micas,  reivindicativas o derechos sociales, en la medida que se gana un espacio por  medio de su esfuerzo, trabajo y capacidad va, poco a poco, convirti\u00e9ndose en  l\u00edder del sector al que representa.<\/p>\n<p>&#13;<\/p>\n<p align=\"justify\" class=\"text1noticias\">El liderazgo, como se observa, lo va dando el esfuerzo de  una persona, encaminado a defender y a representar a un sector social o  econ\u00f3mico determinado. El liderazgo en cualquier conglomerado social lo da la  dedicaci\u00f3n al trabajo y las cualidades propias\u00a0  y positivas que adornan a una persona. La vocaci\u00f3n de servicio de la  persona que aspira a convertirse en l\u00edderes es una condici\u00f3n necesaria para  recorrer el camino del liderazgo autentico. Otro aspecto que hay que tomar en  consideraci\u00f3n al hablar de liderazgos es que muchos dirigentes han fracasado en  su intento por convertirse en lideres porque antes de alcanzar la categor\u00eda de  l\u00edder han incumplido tanto con su grupo como con la sociedad que lo ha apoyado,  haciendo lo contrario de lo que predicaban antes de alcanzar un puesto de mando.<br \/> &#13;<br \/>\n  <br \/>&#13;<br \/>\nEn los partidos pol\u00edticos, que son los instrumentos que  utiliza la sociedad para elegir a sus representantes ante el Congreso, los  municipios y el Poder Ejecutivo, hay lideres que han comenzado con altos  \u00edndices de legitimidad, sin embargo en la medida en que han ejercido sus  mandatos han terminado incumpliendo con sus promesas y por tanto irrespetando  el mandato puesto en sus manos por los electores. <\/p>\n<p>&#13;<\/p>\n<p align=\"justify\" class=\"text1noticias\">Por eso, se advierte que quienes se han apartado de su  compromiso con la gente que los elige y optan por convertirse en representantes  de sectores sociales y econ\u00f3micos que no lo han elegido, para sus puestos en el  Estado, terminan pagando la consecuencia de sus actuaciones incorrectas.\u00a0 Aquellos dirigentes que, act\u00faan en pol\u00edtica,  s\u00f3lo motivados por la raz\u00f3n del beneficio propio, \u00fanica y exclusivamente, sin  tomar en cuenta al conglomerado social que representan corren el riesgo de ser  victimas de sus propias actuaciones. <br \/>&#13;<br \/>\n  <br \/>&#13;<br \/>\n  Los l\u00edderes cuando manejan fondos p\u00fablicos deben de actuar  apegado a la correcta actuaci\u00f3n, la correcta actuaci\u00f3n es aquella que esta  apegada a la honestidad y la responsabilidad en sus actuaciones y \u00e9stas  actuaciones deben estar lo m\u00e1s acorde con el marco legal que le sirve de  soporte, tanto a\u00a0 la instituci\u00f3n  partidaria como al Estado o a la instituci\u00f3n p\u00fablica a la que se le esta  sirviendo. Siempre que un servidor p\u00fablico ajuste sus actuaciones dentro del  marco legal de la sociedad o de la instituci\u00f3n en la cual presta sus servicios,  \u00e9ste, rara vez, tendr\u00e1 actuaciones que sean re\u00f1idas con la \u00e9tica.<\/p>\n<p>&#13;<\/p>\n<p align=\"justify\" class=\"text1noticias\">En una sociedad donde las reglas del capitalismo, como  sistema econ\u00f3mico\u00a0 y pol\u00edtico, est\u00e1n bien  definidas, cuando una persona que ocupa un espacio social y pol\u00edtico act\u00faa de  forma inadecuada y da de lado a todo comportamiento \u00e9tico, y act\u00faa en  detrimento de los fondos p\u00fablicos puestos en sus manos, ese l\u00edder va, poco a  poco, perdiendo la autoridad moral ante sus seguidores y de la sociedad en la  cual ejerce su liderazgo.<\/p>\n<p>&#13;<\/p>\n<p align=\"justify\" class=\"text1noticias\">Hay muchos \u201clideres\u201d que entienden que no importa perder  autoridad moral cuando se gana\u00a0 la  autoridad que representa el dinero. El error de esos l\u00edderes radica en que  muchas veces no tienen miramientos para establecer las fuentes de d\u00f3nde  provienen esos dineros. En otras palabras, no se tiene el cuidado debido para  actuar apegado a la \u00e9tica y de esa forma, como es natural,\u00a0 se va perdiendo la buena imagen ante los ojos  de la sociedad.<\/p>\n<p>&#13;<\/p>\n<p align=\"justify\" class=\"text1noticias\">Los principios que deben prevalecer para que un l\u00edder dirija  su naci\u00f3n son los de libertad y democracia y ninguna persona que haya sido  se\u00f1alada como deshonesta ha prevalecido por mucho tiempo en el mando de una  naci\u00f3n. Por eso, aunque muchas veces hay \u201cdirigentes\u201d que se garantizan buenas  fortunas provenientes de posiciones publicas detentadas, en la mayor\u00eda de esos  casos se recibe el rechazo colectivo por la intuici\u00f3n que tiene la gente cuando  ve que hay personas que no pueden justificar los dineros que exhiben ante\u00a0 la sociedad.<br \/>&#13;<br \/>\n  <br \/>&#13;<br \/>\n  La tendencia de la sociedad dominicana es aceptar ciertos  l\u00edmites de tolerancia en su liderazgo pol\u00edtico, siempre que se perciba una  actuaci\u00f3n moderada, honesta y tolerante hacia los fondos y riquezas de la  naci\u00f3n por parte de \u00e9ste. Una actuaci\u00f3n alejada de los objetivos y tendencias  de la sociedad, en cuanto a tener l\u00edderes que le representen de forma autentica  se traduce en imposibilidad para que aquellos lideres que no est\u00e1n en sinton\u00eda  con lo que persigue la gente. <br \/>&#13;<br \/>\n  <br \/>&#13;<br \/>\n  Los cambios pol\u00edticos, por medio de elecciones,  que viene registrando toda Am\u00e9rica Latina no son ajenos a ese deseo que tienen  muchas naciones de tener  l\u00edderes que sintonicen con las mayor\u00edas y sus aspiraciones de redenci\u00f3n social. <br \/>&#13;<br \/>\n  <br \/>&#13;<br \/>\n  El liderazgo que esta prevaleciendo en el mundo y ha prevalecido en el pasado  es aquel que tiene condiciones naturales y caracter\u00edsticas especiales e  indispensables que le permiten una visi\u00f3n de conjunto, no s\u00f3lo de las  tendencias de su naci\u00f3n en el orden social, pol\u00edtico y econ\u00f3mico\u00a0 sino tambi\u00e9n de las tendencias del mundo. El  l\u00edder del presente, llamado a prevalecer sobre el com\u00fan de la gente, es aquel  que en el tr\u00e1fago de la actuaci\u00f3n en la lucha cotidiana va reflejando esas  condiciones de servicio a los dem\u00e1s que lo diferencian de aquellos que por sus  actuaciones comunes, poco diferenciadas, se convierten en lo que la gente ha  dado en llamar \u201cuno m\u00e1s del mont\u00f3n\u201d. <br \/>&#13;<br \/>\n  <br \/>&#13;<br \/>\n  Todo liderazgo llamado a prevalecer en el tiempo debe tomar  en cuenta que la sociedad, a la larga, premia el comportamiento \u00e9tico de sus  conductores p\u00fablico y castiga la inmoralidad de aquellos conductores  deshonestos. Todo l\u00edder\u00a0 que ha sido  acrisolado en su comportamiento moral ha tenido el aprecio de sus\u00a0 pueblos a todo lo largo del ejercicio de su  liderazgo.<\/p>\n<p>&#13;<\/p>\n<p align=\"justify\" class=\"text1noticias\">Las pr\u00e1cticas permisivas y alegres de los dineros p\u00fablicos,  con la anuencia de un l\u00edder pueden hacer de su liderazgo algo pasajero\u00a0 porque todo l\u00edder debe diferenciarse de todos  aquellos\u00a0 que ejercen una funci\u00f3n p\u00fablica\u00a0 con un objetivo propio y particular. <\/p>\n<p>&#13;<\/p>\n<p align=\"justify\" class=\"text1noticias\">En el caso de la Republica Dominicana  encontramos tres l\u00edderes que son los ejemplos m\u00e1s elocuentes de la  diferenciaci\u00f3n de sus liderazgos, ellos son Joaqu\u00edn Balaguer, Juan Bosch y Jos\u00e9  Francisco Pe\u00f1a G\u00f3mez. Cada uno de ellos con virtudes y defectos en los matices  de su personalidad, coinciden en lo relativo a que la poblaci\u00f3n vio siempre en  ellos el ejemplo de la honestidad personal. EL juicio de la poblaci\u00f3n y de la  historia esta a favor de que fueron, en lo personal, honestos y no fueron  abanderados del lujo y la riqueza que reporta el Estado a trav\u00e9s de la  disposici\u00f3n de los fondos p\u00fablicos para uso y disfrute personal. <\/p>\n<p>&#13;<\/p>\n<p align=\"justify\" class=\"text1noticias\">En cuanto al l\u00edder y el gasto de los dineros del Estado es  m\u00e1s conveniente que tanto sus seguidores como sus aliados\u00a0 lo consideren como taca\u00f1o a que se le  considere prodigo con los recursos p\u00fablicos, al mismo tiempo se sugiere al  l\u00edder pol\u00edtico\u00a0 que cuando las arcas del  Estado dispongan de los recursos suficientes se debe ser prodigo con sus  gentes, Se pone como ejemplo a los Estados antiguos en donde cuando los lideres  guerreros derrotaban otros ej\u00e9rcitos y  los Estados vencedores se hac\u00edan ricos, en esos caso conven\u00eda la prodigalidad y  la liberalidad del l\u00edder\u00a0 hacia sus  seguidores, repartiendo bienes entre ellos.<\/p>\n<p>&#13;<\/p>\n<p align=\"justify\" class=\"text1noticias\"><strong>Evelio Arroyo es Soci\u00f3logo, Abogado y Escritor. Estos  temas se publican del libro \u201cLideres y Liderazgos\u201d de su autor\u00eda.<\/strong><\/p>\n<p>&#13;<\/p>\n<h6> 2008-01-29 18:11:49 <\/h6>\n<p><!--\n<link rel=\"stylesheet\" href=\"css\/bootstrap.min.css\">\n\n\n<ul class=\"pagination\">\n\t    \n\t\n\n<li >\n\t<a href='?page_no=12312'>Previous<\/a>\n\t<\/li>\n\n\n       \n    \n\n<li><a href='?page_no=1'>1<\/a><\/li>\n\n\n\n<li><a href='?page_no=2'>2<\/a><\/li>\n\n\n\n<li><a>...<\/a><\/li>\n\n\n\n<li><a href='?page_no=12311'>12311<\/a><\/li>\n\n\n\n<li><a href='?page_no=12312'>12312<\/a><\/li>\n\n\n\n<li class='active'><a>12313<\/a><\/li>\n\n\n\n<li><a href='?page_no=12314'>12314<\/a><\/li>\n\n\n\n<li><a href='?page_no=12315'>12315<\/a><\/li>\n\n\n\n<li><a>...<\/a><\/li>\n\n\n\n<li><a href='?page_no=13611'>13611<\/a><\/li>\n\n\n\n<li><a href='?page_no=13612'>13612<\/a><\/li>\n\n    \n\t\n\n<li >\n\t<a href='?page_no=12314'>Next<\/a>\n\t<\/li>\n\n\n    \n\n<li><a href='?page_no=13612'>Last &rsaquo;&rsaquo;<\/a><\/li>\n\n<\/ul>\n\n\n--><br \/>\n<\/body><\/p>\n","protected":false},"excerpt":{"rendered":"<p>El L\u00edder y los Fondos P\u00fablicos &#13; Hay l\u00edderes en los diferentes sectores sociales que conforman la sociedad .Podemos hablar de l\u00edderes en el aspecto pol\u00edtico, profesional, gremial, empresarial, religioso, entre otros. El que va a la cabeza de un sector social o de un grupo que procura conquistas econ\u00f3micas, reivindicativas o derechos sociales, en [&hellip;]<\/p>\n","protected":false},"author":3,"featured_media":0,"comment_status":"open","ping_status":"open","sticky":false,"template":"","format":"standard","meta":{"footnotes":""},"categories":[16],"tags":[],"class_list":["post-36452","post","type-post","status-publish","format-standard","hentry","category-opiniones"],"_links":{"self":[{"href":"https:\/\/diariodominicano.com\/index.php?rest_route=\/wp\/v2\/posts\/36452","targetHints":{"allow":["GET"]}}],"collection":[{"href":"https:\/\/diariodominicano.com\/index.php?rest_route=\/wp\/v2\/posts"}],"about":[{"href":"https:\/\/diariodominicano.com\/index.php?rest_route=\/wp\/v2\/types\/post"}],"author":[{"embeddable":true,"href":"https:\/\/diariodominicano.com\/index.php?rest_route=\/wp\/v2\/users\/3"}],"replies":[{"embeddable":true,"href":"https:\/\/diariodominicano.com\/index.php?rest_route=%2Fwp%2Fv2%2Fcomments&post=36452"}],"version-history":[{"count":0,"href":"https:\/\/diariodominicano.com\/index.php?rest_route=\/wp\/v2\/posts\/36452\/revisions"}],"wp:attachment":[{"href":"https:\/\/diariodominicano.com\/index.php?rest_route=%2Fwp%2Fv2%2Fmedia&parent=36452"}],"wp:term":[{"taxonomy":"category","embeddable":true,"href":"https:\/\/diariodominicano.com\/index.php?rest_route=%2Fwp%2Fv2%2Fcategories&post=36452"},{"taxonomy":"post_tag","embeddable":true,"href":"https:\/\/diariodominicano.com\/index.php?rest_route=%2Fwp%2Fv2%2Ftags&post=36452"}],"curies":[{"name":"wp","href":"https:\/\/api.w.org\/{rel}","templated":true}]}}