{"id":36441,"date":"2008-01-31T01:39:53","date_gmt":"2008-01-31T01:39:53","guid":{"rendered":"http:\/\/diariodominicano.ddns.net\/?p=36441"},"modified":"2008-01-31T01:39:53","modified_gmt":"2008-01-31T01:39:53","slug":"orlando-dice-6","status":"publish","type":"post","link":"https:\/\/diariodominicano.com\/?p=36441","title":{"rendered":"Orlando Dice&#8230;"},"content":{"rendered":"<p><body><\/p>\n<p><strong class=\"titulogrande1\">Orlando dice\u2026<\/strong><br \/>&#13;<br \/>\n  <br \/>&#13;<br \/>\n    <span class=\"textogrande\">Orlando Gil<\/span> <\/p>\n<p>&#13;<\/p>\n<p align=\"justify\" class=\"text1noticias\"><strong>CELEBRIDADES.-<\/strong> <br \/>&#13;<br \/>\n  <br \/>&#13;<br \/>\n  El equipo de campa\u00f1a del presidente Leonel Fern\u00e1ndez  quiso adelantar simpat\u00edas en Santiago y la zona del Cibao al incluir en el acto  de proclamaci\u00f3n a dos representantes del g\u00e9nero t\u00edpico: una cl\u00e1sica como Fefita  La Grande y  otro moderno como Kiko El Presidente. Hay quienes no entienden estas variantes  del marketing pol\u00edtico, pero si miran hacia Estados Unidos se van a dar cuenta  de que Obama le est\u00e1 comiendo los caramelos a Clinton, en importantes enclaves  y n\u00facleos dem\u00f3cratas, desde que se rodea de celebridades de Hollywood y de  figuras notables de la m\u00fasica popular. A los votantes se les llega de  diferentes maneras: con obras, con discursos, pero tambi\u00e9n con endosos  trascendentes. La far\u00e1ndula hace pol\u00edtica a su manera y ya destaca el fen\u00f3meno  de que la adhesi\u00f3n a la candidatura oficial hizo que dos salseros (que  rivalizaban) cantaran al ritmo de una misma conga. Santiago es crucial,  pol\u00edticamente hablando. Lo ha sido siempre, pero ahora parece que m\u00e1s. El presidente  Fern\u00e1ndez dedicar\u00e1 el pr\u00f3ximo fin de semana a esa comarca, y la prueba ser\u00e1  dura, si se atienden a los s\u00edntomas. La Comisi\u00f3n de la ciudad ya rindi\u00f3 su informe sobre  el desag\u00fce de la Presa  de Tavera y su conclusi\u00f3n es de que hubo descuido, que fue la acusaci\u00f3n  inicial. Esa apreciaci\u00f3n, que se entiende muy estudiada, le devuelve el  problema al gobierno y le complica de nuevo su situaci\u00f3n en la regi\u00f3n\u2026<br \/>&#13;<br \/>\n  <br \/>&#13;<br \/>\n    <strong>LA   DISTINCI\u00d3N.-<\/strong> <br \/>&#13;<br \/>\n  <br \/>&#13;<br \/>\n  El gobierno confiaba con que hab\u00eda superado el  problema que implic\u00f3 el desastre de las aguas de la presa, e incluso estuvo  manejando unos n\u00fameros de encuestas hechas en la zona que daban cuenta de que  la percepci\u00f3n era muy distinta a la que \u2013se dec\u00eda- manipulaba la oposici\u00f3n.  <br \/>&#13;<br \/>\n  <br \/>&#13;<br \/>\n  Estas consideraciones no s\u00f3lo se hac\u00edan atendiendo a los resultados de esas  mediciones, sino que se auscultaba el sentimiento de los pobladores y se  observaba que hac\u00edan distinci\u00f3n entre lo desaprensivo del desag\u00fce y la  asistencia oficial. Como si lo segundo pudiera tapar lo primero. La resignaci\u00f3n  es norma de conducta de las clases bajas, que generalmente atribuyen los  fen\u00f3menos naturales a la mano de Dios. Incluso curan sus tribulaciones con un  refr\u00e1n: \u201cDespu\u00e9s del palo dao, ni Dios lo quita\u201d. Si el gobierno acude  generoso, lo mejor es tomar lo que da y olvidarse de lo otro, aun cuando eso  otro sean decenas de muertes y da\u00f1os materiales de dif\u00edcil o larga reparaci\u00f3n.  Lo del Informe propio era algo previsible, pues sus plazos eran m\u00e1s cortos que  los de la comisi\u00f3n nombrada por el gobierno, pero que se entregue ahora, cuando  Leonel Fern\u00e1ndez va para Santiago en su doble condici\u00f3n de presidente y  candidato, lo hace sospechoso para los paranoicos del oficialismo. Podr\u00e1 ser  t\u00e9cnicamente impecable, pero se le ver\u00e1 muy cargado hacia un lado\u2026<br \/>&#13;<br \/>\n  <br \/>&#13;<br \/>\n    <strong>LA SOSPECHA.-<\/strong> <\/p>\n<p>&#13;<\/p>\n<p align=\"justify\" class=\"text1noticias\">El informe ahora no s\u00f3lo ser\u00e1  sospechoso porque se produce casi en la v\u00edspera de la visita del presidente de la Rep\u00fablica y candidato  del PLD a una zona que todav\u00eda no se repone del desastre de la tormenta Olga,  sino porque coincide con una reanimaci\u00f3n del movimiento popular. <br \/>&#13;<br \/>\n  <br \/>&#13;<br \/>\nLos grupos se  han dado cuenta del \u00e1nimo de la gente y de que por su propio descuido el  gobierno est\u00e1 ganando bonos entre los afectados, por lo que decidieron insistir  en las demandas y reactivar los actos de protestas, de manera que no decaiga el  esp\u00edritu y el oficialismo se imponga. Cuando se observan sus acciones, o se  oyen sus reclamos, queda claro que no son las usuales de los damnificados, y  que las manos de los pol\u00edticos est\u00e1n de por medio, pues exageran tanto en sus  solicitudes como para que no sean complacidas nunca. El gobierno est\u00e1  advertido, incluso por organismos de inteligencia, y se da cuenta de que su  capacidad de maniobra es precaria. El presidente Fern\u00e1ndez, por tanto, deber\u00e1  someterse a una dura prueba como candidato si se aventura por algunos lugares  de Santiago, en que parte de sus moradores est\u00e1n aleccionados pol\u00edticamente y  van a hacer coros a consignas interesadas. Ser\u00e1 un pulso interesante, que el  gobierno deber\u00e1 ver bien como lo libra, pues no debe olvidar que con motivo de la Serie del Caribe habr\u00e1  prensa extranjera\u2026<\/p>\n<p>&#13;<\/p>\n<h6> 2008-01-31 01:39:53 <\/h6>\n<p><!--\n<link rel=\"stylesheet\" href=\"css\/bootstrap.min.css\">\n\n\n<ul class=\"pagination\">\n\t    \n\t\n\n<li >\n\t<a href='?page_no=12302'>Previous<\/a>\n\t<\/li>\n\n\n       \n    \n\n<li><a href='?page_no=1'>1<\/a><\/li>\n\n\n\n<li><a href='?page_no=2'>2<\/a><\/li>\n\n\n\n<li><a>...<\/a><\/li>\n\n\n\n<li><a href='?page_no=12301'>12301<\/a><\/li>\n\n\n\n<li><a href='?page_no=12302'>12302<\/a><\/li>\n\n\n\n<li class='active'><a>12303<\/a><\/li>\n\n\n\n<li><a href='?page_no=12304'>12304<\/a><\/li>\n\n\n\n<li><a href='?page_no=12305'>12305<\/a><\/li>\n\n\n\n<li><a>...<\/a><\/li>\n\n\n\n<li><a href='?page_no=13611'>13611<\/a><\/li>\n\n\n\n<li><a href='?page_no=13612'>13612<\/a><\/li>\n\n    \n\t\n\n<li >\n\t<a href='?page_no=12304'>Next<\/a>\n\t<\/li>\n\n\n    \n\n<li><a href='?page_no=13612'>Last &rsaquo;&rsaquo;<\/a><\/li>\n\n<\/ul>\n\n\n--><br \/>\n<\/body><\/p>\n","protected":false},"excerpt":{"rendered":"<p>Orlando dice\u2026&#13; &#13; Orlando Gil &#13; CELEBRIDADES.- &#13; &#13; El equipo de campa\u00f1a del presidente Leonel Fern\u00e1ndez quiso adelantar simpat\u00edas en Santiago y la zona del Cibao al incluir en el acto de proclamaci\u00f3n a dos representantes del g\u00e9nero t\u00edpico: una cl\u00e1sica como Fefita La Grande y otro moderno como Kiko El Presidente. Hay quienes [&hellip;]<\/p>\n","protected":false},"author":3,"featured_media":0,"comment_status":"open","ping_status":"open","sticky":false,"template":"","format":"standard","meta":{"footnotes":""},"categories":[16],"tags":[],"class_list":["post-36441","post","type-post","status-publish","format-standard","hentry","category-opiniones"],"_links":{"self":[{"href":"https:\/\/diariodominicano.com\/index.php?rest_route=\/wp\/v2\/posts\/36441","targetHints":{"allow":["GET"]}}],"collection":[{"href":"https:\/\/diariodominicano.com\/index.php?rest_route=\/wp\/v2\/posts"}],"about":[{"href":"https:\/\/diariodominicano.com\/index.php?rest_route=\/wp\/v2\/types\/post"}],"author":[{"embeddable":true,"href":"https:\/\/diariodominicano.com\/index.php?rest_route=\/wp\/v2\/users\/3"}],"replies":[{"embeddable":true,"href":"https:\/\/diariodominicano.com\/index.php?rest_route=%2Fwp%2Fv2%2Fcomments&post=36441"}],"version-history":[{"count":0,"href":"https:\/\/diariodominicano.com\/index.php?rest_route=\/wp\/v2\/posts\/36441\/revisions"}],"wp:attachment":[{"href":"https:\/\/diariodominicano.com\/index.php?rest_route=%2Fwp%2Fv2%2Fmedia&parent=36441"}],"wp:term":[{"taxonomy":"category","embeddable":true,"href":"https:\/\/diariodominicano.com\/index.php?rest_route=%2Fwp%2Fv2%2Fcategories&post=36441"},{"taxonomy":"post_tag","embeddable":true,"href":"https:\/\/diariodominicano.com\/index.php?rest_route=%2Fwp%2Fv2%2Ftags&post=36441"}],"curies":[{"name":"wp","href":"https:\/\/api.w.org\/{rel}","templated":true}]}}