{"id":36435,"date":"2008-02-01T00:18:47","date_gmt":"2008-02-01T00:18:47","guid":{"rendered":"http:\/\/diariodominicano.ddns.net\/?p=36435"},"modified":"2008-02-01T00:18:47","modified_gmt":"2008-02-01T00:18:47","slug":"el-lider-y-el-cambio","status":"publish","type":"post","link":"https:\/\/diariodominicano.com\/?p=36435","title":{"rendered":"El L\u00edder y el Cambio"},"content":{"rendered":"<p><body><\/p>\n<p class=\"titulogrande1\">El L\u00edder y el Cambio<\/p>\n<p>&#13;<\/p>\n<p align=\"justify\" class=\"text1noticias\">El l\u00edder pol\u00edtico debe procurar moverse en la direcci\u00f3n\u00a0 que soplan los vientos de los cambios que se  registran en el mundo y que repercuten en el seno de la sociedad que \u00e9l esta  presidiendo Los cambios puestos en marchas siempre deben tomar en cuenta la  indiosincracia\u00a0 y el sistema de valores  de los miembros de las sociedad.<\/p>\n<p>&#13;<\/p>\n<p align=\"justify\" class=\"text1noticias\">Seg\u00fan\u00a0 Maquiavelo en  su libro \u201cLos Discursos sobre Tito Livio\u201d\u00a0  el l\u00edder exitoso es aquel que tiene la capacidad de acomodar su parecer  a los nuevos tiempos, ya que existen dos tipos de hombres: Unos que proceden  con \u00edmpetu y otros con timidez, ambos estilos no son convenientes para un l\u00edder  pol\u00edtico, ya que lo m\u00e1s importante es que se maneje con niveles de equilibrios  frente a las situaciones que tiene que lidiar y se aconseja que cambie de  m\u00e9todos\u00a0 o de rumbo seg\u00fan cambien  las\u00a0 circunstancias\u00a0 que prevalecen, tanto al interior de la  sociedad donde ejerce su liderazgo como\u00a0  cuando estas cambian en el plano externo, de manera que si un l\u00edder es  r\u00edgido y nunca cambia ,aunque cambien las circunstancias, es casi seguro que  ese tipo de liderazgo fracasar\u00e1 m\u00e1s temprano que tarde.<\/p>\n<p>&#13;<\/p>\n<p align=\"justify\" class=\"text1noticias\">Con relaci\u00f3n a los cambios que se propone realizar un l\u00edder  en las estructuras del Estado, \u00e9ste debe comprender que si desea reformar el  modo de gobierno de su naci\u00f3n, si desea que los cambios que promueve sean  aceptados, con satisfacci\u00f3n, por la poblaci\u00f3n, precisa conservar, al menos la  apariencia de los usos anteriores, de manera que a la gente no le parezca que  ha cambiado el orden pol\u00edtico. Estas afirmaciones son validas si los cambios  que se promueven est\u00e1n dentro del sistema capitalista, que es el r\u00e9gimen social  y pol\u00edtico por excelencia de este modo de producci\u00f3n capitalista, sin embargo  si los cambios\u00a0 que se promueven buscan  la instauraci\u00f3n de otro tipo de sistema pol\u00edtico, digamos que un liderazgo  nuevo busca ir eliminando el sistema capitalista e instaurar, verbigracia, un  r\u00e9gimen de tipo socialista, entonces los cambios sociales, econ\u00f3micos y pol\u00edticos, aun en una  primera etapa deber\u00e1n marcar las diferencias con el sistema pol\u00edtico anterior. <br \/>&#13;<br \/>\n\u00a0\u00a0\u00a0\u00a0\u00a0\u00a0\u00a0\u00a0\u00a0\u00a0\u00a0\u00a0\u00a0\u00a0\u00a0\u00a0\u00a0\u00a0\u00a0\u00a0\u00a0\u00a0\u00a0\u00a0\u00a0\u00a0\u00a0\u00a0\u00a0\u00a0\u00a0\u00a0\u00a0\u00a0\u00a0\u00a0\u00a0\u00a0\u00a0\u00a0\u00a0\u00a0\u00a0\u00a0\u00a0\u00a0\u00a0\u00a0\u00a0\u00a0\u00a0\u00a0\u00a0\u00a0\u00a0\u00a0\u00a0\u00a0\u00a0\u00a0\u00a0\u00a0\u00a0\u00a0\u00a0\u00a0\u00a0\u00a0\u00a0\u00a0\u00a0\u00a0\u00a0\u00a0\u00a0\u00a0 <br \/>&#13;<br \/>\nCuando se van a producir cambios en las estructuras  sociales, econ\u00f3micas y pol\u00edticas de de un sistema de producci\u00f3n o de dominaci\u00f3n  si los mismos son dentro del mismo sistema se aconseja que aunque las reformas  y los nuevos ordenamientos sean totalmente distintos de los que exist\u00edan en el  pasado, al menos se parezcan, a los del pasado, ya que la mayor\u00eda de los  hombres y mujeres se sienten satisfechos cuando los mismos parecen tener  similitud porque no tienen el temor de que su situaci\u00f3n o statu quo va a  cambiar de forma radical. En este aspecto, debemos recordar que la mayor\u00eda de  los hombres se sienten m\u00e1s satisfechos con lo que parecen ser de las cosas, que  con lo que estas son realmente y muchas veces se mueven m\u00e1s por las cosas  aparentes, que por la realidad autentica de las cosas existentes. \u00a0\u00a0\u00a0\u00a0\u00a0\u00a0\u00a0\u00a0\u00a0\u00a0\u00a0\u00a0\u00a0\u00a0\u00a0\u00a0\u00a0\u00a0\u00a0\u00a0\u00a0\u00a0\u00a0\u00a0\u00a0\u00a0\u00a0\u00a0\u00a0\u00a0\u00a0\u00a0\u00a0\u00a0\u00a0\u00a0\u00a0\u00a0\u00a0\u00a0\u00a0\u00a0\u00a0<br \/>&#13;<br \/>\n\u00a0\u00a0\u00a0\u00a0\u00a0\u00a0\u00a0\u00a0\u00a0\u00a0\u00a0\u00a0\u00a0\u00a0\u00a0\u00a0\u00a0\u00a0\u00a0\u00a0\u00a0\u00a0\u00a0\u00a0\u00a0\u00a0\u00a0\u00a0\u00a0\u00a0\u00a0\u00a0\u00a0\u00a0 \u00a0\u00a0\u00a0\u00a0\u00a0\u00a0\u00a0\u00a0\u00a0\u00a0\u00a0\u00a0\u00a0\u00a0\u00a0\u00a0\u00a0\u00a0\u00a0\u00a0\u00a0\u00a0\u00a0\u00a0\u00a0\u00a0\u00a0\u00a0\u00a0\u00a0\u00a0\u00a0\u00a0\u00a0\u00a0\u00a0\u00a0\u00a0\u00a0\u00a0\u00a0\u00a0\u00a0\u00a0\u00a0\u00a0\u00a0\u00a0\u00a0\u00a0\u00a0\u00a0\u00a0\u00a0\u00a0\u00a0\u00a0\u00a0\u00a0\u00a0\u00a0\u00a0\u00a0\u00a0\u00a0\u00a0\u00a0\u00a0\u00a0\u00a0\u00a0\u00a0\u00a0\u00a0\u00a0\u00a0\u00a0\u00a0\u00a0\u00a0\u00a0\u00a0\u00a0\u00a0\u00a0\u00a0\u00a0\u00a0<br \/>&#13;<br \/>\nLos cambios dentro de las estructuras sociales,  econ\u00f3micas,\u00a0 legales y de poder de una  naci\u00f3n, casi siempre son dif\u00edciles de introducir, por eso los lideres que van  al gobierno tienen que ser tan cauteloso al introducir cambios en el Estado por  que si los mismos infunden temor a la gente, podr\u00edan generar desequilibrios en  el sistema social, econ\u00f3mico y pol\u00edtico de la naci\u00f3n. En este aspecto debemos  decir que no hay nada m\u00e1s dif\u00edcil de hacer, mas peligroso de llevar a cabo, o  m\u00e1s incierto de su \u00e9xito, que tomar la direcci\u00f3n para introducir un nuevo orden  de cosas en la direcci\u00f3n del Estado y la sociedad. Por eso es aconsejable al  momento de hacer cambios tomar las medidas que permitan que estos no alteren el  orden vigente. \u00a0\u00a0\u00a0\u00a0\u00a0\u00a0\u00a0\u00a0\u00a0\u00a0\u00a0\u00a0\u00a0 <br \/>&#13;<br \/>\n\u00a0\u00a0\u00a0\u00a0\u00a0\u00a0\u00a0\u00a0\u00a0\u00a0\u00a0\u00a0\u00a0\u00a0\u00a0\u00a0\u00a0\u00a0\u00a0\u00a0\u00a0\u00a0\u00a0\u00a0\u00a0\u00a0\u00a0\u00a0\u00a0\u00a0\u00a0\u00a0\u00a0\u00a0\u00a0\u00a0\u00a0\u00a0\u00a0\u00a0\u00a0\u00a0\u00a0\u00a0\u00a0\u00a0\u00a0\u00a0\u00a0\u00a0\u00a0\u00a0\u00a0\u00a0\u00a0\u00a0\u00a0\u00a0\u00a0\u00a0\u00a0\u00a0\u00a0\u00a0\u00a0\u00a0\u00a0\u00a0\u00a0\u00a0\u00a0\u00a0\u00a0\u00a0\u00a0\u00a0\u00a0\u00a0\u00a0\u00a0\u00a0\u00a0\u00a0\u00a0\u00a0\u00a0\u00a0\u00a0\u00a0\u00a0\u00a0\u00a0\u00a0\u00a0\u00a0\u00a0\u00a0\u00a0\u00a0\u00a0\u00a0\u00a0\u00a0\u00a0\u00a0\u00a0\u00a0\u00a0\u00a0\u00a0\u00a0\u00a0 <br \/>&#13;<br \/>\nCuando en una sociedad las personas se han creado h\u00e1bitos de  c\u00f3mo son las cosas y de c\u00f3mo hacerlas, es decir los h\u00e1bitos no son instintos,  son, por el contrario, reacciones adquiridas por las personas. Los h\u00e1bitos no  son espont\u00e1neos,\u00a0 sino que son el  resultado de lo que las personas van creando con sus actuaciones y convivencia  diaria en el seno de la sociedad.<\/p>\n<p>&#13;<\/p>\n<p align=\"justify\" class=\"text1noticias\">Las personas van  formando h\u00e1bitos en sus vidas diarias y luego esos mismos h\u00e1bitos van creando  la personalidad y el car\u00e1cter de esas personas. Por eso cuando se habla de  cambios y reformas desde el Estado entonces eso se traduce en temor para las  personas porque si\u00a0 los cambios que se  proponen son los suficientemente profundos pueden amenazar sus patrones y  h\u00e1bitos de vidas. Por eso cuando un l\u00edder se propone introducir cambios en la  sociedad debe pensar en esos cambios para evaluarlos, para ver si lo acepta o  lo rechaza.<\/p>\n<p>&#13;<\/p>\n<p align=\"justify\" class=\"text1noticias\">En el mundo actual, donde se producen cambios r\u00e1pidos y  profundos en el campo econ\u00f3mico, social, pol\u00edtico y cultural el l\u00edder pol\u00edtico  debe encabezar los cambios y crecimiento que demanda la gente\u00a0 y debe mostrar la manera de c\u00f3mo lograr esos  cambios y los beneficios que los mismos representan para la sociedad, por eso  el l\u00edder debe conocer los requerimientos t\u00e9cnicos del cambio y debe comprender  la actitud y las demandas que motivan a la gente a demandar esos cambios.<\/p>\n<p>&#13;<\/p>\n<p align=\"justify\" class=\"text1noticias\">La prueba esencial de todo liderazgo es entender que el  propio l\u00edder, para tener \u00e9xito, debe cambiar, muchas veces con las  circunstancias, en la concepci\u00f3n de m\u00e9todos para hacer las cosas y otras veces  debe cambiar\u00a0 las concepciones y voluntad  para poder adaptarse a las nuevas realidades sociales y econ\u00f3micas de la  sociedad que dirige porque si se torna en una persona r\u00edgida, que no  acepta\u00a0 cambios en el interior de su  personalidad y sus valores ni en los m\u00e9todos de c\u00f3mo hacer las cosas, entonces  procediendo de esta forma se cae en el estancamiento,\u00a0 y el crecimiento y bienestar deseado no se  pueden obtener. Por eso la tarea principal de todo l\u00edder debe ser cambiar su yo  para convertirlo en nosotros, que es la frase que acoge en su decisi\u00f3n la  voluntad de todos los ciudadanos de una naci\u00f3n.\u00a0\u00a0\u00a0\u00a0\u00a0\u00a0\u00a0\u00a0\u00a0\u00a0\u00a0\u00a0\u00a0\u00a0\u00a0\u00a0\u00a0\u00a0\u00a0\u00a0\u00a0\u00a0\u00a0\u00a0\u00a0\u00a0\u00a0\u00a0\u00a0\u00a0\u00a0\u00a0\u00a0\u00a0\u00a0\u00a0\u00a0\u00a0\u00a0\u00a0\u00a0\u00a0\u00a0\u00a0\u00a0\u00a0\u00a0\u00a0\u00a0\u00a0\u00a0\u00a0\u00a0\u00a0\u00a0\u00a0\u00a0\u00a0\u00a0\u00a0\u00a0\u00a0\u00a0\u00a0\u00a0\u00a0\u00a0\u00a0\u00a0\u00a0\u00a0\u00a0\u00a0\u00a0\u00a0\u00a0\u00a0\u00a0\u00a0\u00a0\u00a0\u00a0\u00a0\u00a0\u00a0\u00a0\u00a0\u00a0\u00a0\u00a0\u00a0\u00a0\u00a0\u00a0\u00a0\u00a0\u00a0\u00a0\u00a0\u00a0\u00a0\u00a0\u00a0\u00a0 <br \/>&#13;<br \/>\n\u00a0\u00a0\u00a0\u00a0\u00a0\u00a0\u00a0\u00a0\u00a0\u00a0\u00a0\u00a0\u00a0\u00a0\u00a0\u00a0\u00a0\u00a0\u00a0\u00a0\u00a0\u00a0\u00a0\u00a0\u00a0\u00a0\u00a0\u00a0\u00a0\u00a0\u00a0\u00a0\u00a0\u00a0\u00a0\u00a0\u00a0\u00a0\u00a0\u00a0\u00a0\u00a0\u00a0\u00a0\u00a0\u00a0\u00a0\u00a0\u00a0\u00a0\u00a0\u00a0\u00a0\u00a0\u00a0\u00a0\u00a0\u00a0\u00a0\u00a0\u00a0\u00a0\u00a0\u00a0\u00a0\u00a0\u00a0\u00a0\u00a0\u00a0\u00a0\u00a0\u00a0\u00a0\u00a0 <br \/>&#13;<br \/>\nEn cuanto al cambio y el l\u00edder podemos decir que la  experiencia se va formando lentamente por los desenga\u00f1os que las personas van  recibiendo en su proceso de vida, por eso la ingenuidad no resiste al tiempo.  Esta afirmaci\u00f3n busca poner en evidencia\u00a0  que las ideas y pensamientos que ha sustentado una persona pueden  cambiar producto de la experiencia que va adquiriendo y producto, adem\u00e1s, de  los cambios que experimentan las sociedades y el mundo. Esos cambios repercuten  en el comportamiento de las personas. <\/p>\n<p>&#13;<\/p>\n<p align=\"justify\" class=\"text1noticias\">El l\u00edder o estadista que no es capaz de entender esos  cambios, comete un grave error porque est\u00e1 perdiendo de vista que estos van  dejando ante los ojos de la gente un sedimento de ideas, juicios, y  sentimientos que renuevan, a lo largo del tiempo, la concepci\u00f3n que las personas  hab\u00edan tenido del mundo y de las cosas materiales que nos rodean. El l\u00edder debe  tener presente los cambios e ideas\u00a0 que  experimentan las personas\u00a0 y no reprochar  a nadie\u00a0 ni sus contradicciones ni sus  inconsecuencias. <\/p>\n<p>&#13;<\/p>\n<p align=\"justify\" class=\"text1noticias\"><strong>Evelio Arroyo es Soci\u00f3logo, Abogado y Escritor. Estos  temas son publicados del libro \u201cLideres y Liderazgos\u201d de su autor\u00eda.\u00a0\u00a0\u00a0\u00a0\u00a0\u00a0\u00a0\u00a0\u00a0\u00a0\u00a0\u00a0\u00a0\u00a0\u00a0\u00a0\u00a0\u00a0\u00a0\u00a0\u00a0\u00a0\u00a0\u00a0\u00a0\u00a0\u00a0\u00a0\u00a0\u00a0\u00a0\u00a0\u00a0\u00a0\u00a0\u00a0\u00a0\u00a0\u00a0\u00a0\u00a0\u00a0\u00a0\u00a0\u00a0\u00a0\u00a0\u00a0\u00a0\u00a0\u00a0\u00a0\u00a0\u00a0\u00a0\u00a0\u00a0\u00a0\u00a0\u00a0\u00a0\u00a0\u00a0\u00a0\u00a0\u00a0\u00a0\u00a0\u00a0\u00a0\u00a0\u00a0\u00a0\u00a0\u00a0\u00a0\u00a0\u00a0\u00a0\u00a0\u00a0\u00a0\u00a0\u00a0\u00a0\u00a0\u00a0\u00a0\u00a0\u00a0\u00a0\u00a0\u00a0\u00a0\u00a0\u00a0\u00a0\u00a0\u00a0\u00a0\u00a0 <\/strong><br \/>&#13;<br \/>\n<strong>\u00a0\u00a0\u00a0\u00a0\u00a0\u00a0\u00a0\u00a0\u00a0\u00a0\u00a0\u00a0\u00a0\u00a0\u00a0\u00a0\u00a0\u00a0\u00a0\u00a0\u00a0\u00a0\u00a0\u00a0\u00a0\u00a0\u00a0\u00a0\u00a0\u00a0\u00a0\u00a0\u00a0\u00a0\u00a0\u00a0\u00a0\u00a0\u00a0\u00a0\u00a0\u00a0\u00a0\u00a0\u00a0\u00a0\u00a0\u00a0\u00a0\u00a0\u00a0\u00a0 <\/strong><\/p>\n<p>&#13;<\/p>\n<h6> 2008-02-01 00:18:47 <\/h6>\n<p><!--\n<link rel=\"stylesheet\" href=\"css\/bootstrap.min.css\">\n\n\n<ul class=\"pagination\">\n\t    \n\t\n\n<li >\n\t<a href='?page_no=12298'>Previous<\/a>\n\t<\/li>\n\n\n       \n    \n\n<li><a href='?page_no=1'>1<\/a><\/li>\n\n\n\n<li><a href='?page_no=2'>2<\/a><\/li>\n\n\n\n<li><a>...<\/a><\/li>\n\n\n\n<li><a href='?page_no=12297'>12297<\/a><\/li>\n\n\n\n<li><a href='?page_no=12298'>12298<\/a><\/li>\n\n\n\n<li class='active'><a>12299<\/a><\/li>\n\n\n\n<li><a href='?page_no=12300'>12300<\/a><\/li>\n\n\n\n<li><a href='?page_no=12301'>12301<\/a><\/li>\n\n\n\n<li><a>...<\/a><\/li>\n\n\n\n<li><a href='?page_no=13611'>13611<\/a><\/li>\n\n\n\n<li><a href='?page_no=13612'>13612<\/a><\/li>\n\n    \n\t\n\n<li >\n\t<a href='?page_no=12300'>Next<\/a>\n\t<\/li>\n\n\n    \n\n<li><a href='?page_no=13612'>Last &rsaquo;&rsaquo;<\/a><\/li>\n\n<\/ul>\n\n\n--><br \/>\n<\/body><\/p>\n","protected":false},"excerpt":{"rendered":"<p>El L\u00edder y el Cambio &#13; El l\u00edder pol\u00edtico debe procurar moverse en la direcci\u00f3n\u00a0 que soplan los vientos de los cambios que se registran en el mundo y que repercuten en el seno de la sociedad que \u00e9l esta presidiendo Los cambios puestos en marchas siempre deben tomar en cuenta la indiosincracia\u00a0 y el [&hellip;]<\/p>\n","protected":false},"author":3,"featured_media":0,"comment_status":"open","ping_status":"open","sticky":false,"template":"","format":"standard","meta":{"footnotes":""},"categories":[16],"tags":[],"class_list":["post-36435","post","type-post","status-publish","format-standard","hentry","category-opiniones"],"_links":{"self":[{"href":"https:\/\/diariodominicano.com\/index.php?rest_route=\/wp\/v2\/posts\/36435","targetHints":{"allow":["GET"]}}],"collection":[{"href":"https:\/\/diariodominicano.com\/index.php?rest_route=\/wp\/v2\/posts"}],"about":[{"href":"https:\/\/diariodominicano.com\/index.php?rest_route=\/wp\/v2\/types\/post"}],"author":[{"embeddable":true,"href":"https:\/\/diariodominicano.com\/index.php?rest_route=\/wp\/v2\/users\/3"}],"replies":[{"embeddable":true,"href":"https:\/\/diariodominicano.com\/index.php?rest_route=%2Fwp%2Fv2%2Fcomments&post=36435"}],"version-history":[{"count":0,"href":"https:\/\/diariodominicano.com\/index.php?rest_route=\/wp\/v2\/posts\/36435\/revisions"}],"wp:attachment":[{"href":"https:\/\/diariodominicano.com\/index.php?rest_route=%2Fwp%2Fv2%2Fmedia&parent=36435"}],"wp:term":[{"taxonomy":"category","embeddable":true,"href":"https:\/\/diariodominicano.com\/index.php?rest_route=%2Fwp%2Fv2%2Fcategories&post=36435"},{"taxonomy":"post_tag","embeddable":true,"href":"https:\/\/diariodominicano.com\/index.php?rest_route=%2Fwp%2Fv2%2Ftags&post=36435"}],"curies":[{"name":"wp","href":"https:\/\/api.w.org\/{rel}","templated":true}]}}