{"id":36434,"date":"2008-02-01T00:22:49","date_gmt":"2008-02-01T00:22:49","guid":{"rendered":"http:\/\/diariodominicano.ddns.net\/?p=36434"},"modified":"2008-02-01T00:22:49","modified_gmt":"2008-02-01T00:22:49","slug":"el-lider-politico-y-la-economia","status":"publish","type":"post","link":"https:\/\/diariodominicano.com\/?p=36434","title":{"rendered":"El L\u00edder Pol\u00edtico y la Econom\u00eda"},"content":{"rendered":"<p><body><\/p>\n<p align=\"justify\"><strong class=\"titulogrande1\">El L\u00edder Pol\u00edtico y la Econom\u00eda <\/strong><br \/>&#13;<br \/>\n  \u00a0\u00a0\u00a0\u00a0\u00a0\u00a0\u00a0\u00a0\u00a0\u00a0\u00a0\u00a0\u00a0\u00a0\u00a0\u00a0\u00a0\u00a0\u00a0\u00a0\u00a0\u00a0\u00a0\u00a0\u00a0\u00a0\u00a0\u00a0\u00a0\u00a0\u00a0\u00a0\u00a0\u00a0\u00a0\u00a0\u00a0\u00a0\u00a0\u00a0\u00a0\u00a0\u00a0\u00a0\u00a0\u00a0\u00a0\u00a0\u00a0\u00a0\u00a0\u00a0\u00a0\u00a0\u00a0\u00a0\u00a0\u00a0\u00a0\u00a0\u00a0\u00a0\u00a0\u00a0\u00a0\u00a0\u00a0\u00a0\u00a0\u00a0\u00a0\u00a0\u00a0\u00a0\u00a0\u00a0\u00a0\u00a0\u00a0\u00a0\u00a0\u00a0\u00a0\u00a0\u00a0\u00a0\u00a0\u00a0\u00a0\u00a0\u00a0\u00a0\u00a0\u00a0\u00a0\u00a0\u00a0\u00a0\u00a0\u00a0\u00a0\u00a0\u00a0\u00a0\u00a0\u00a0\u00a0\u00a0\u00a0\u00a0\u00a0\u00a0\u00a0\u00a0\u00a0\u00a0\u00a0\u00a0 <br \/>&#13;<br \/>\n  <span class=\"text1noticias\">Un aspecto crucial para la  permanencia y crecimiento de todo liderazgo pol\u00edtico, una vez se llega al gobierno,  es el que tiene que ver con el crecimiento de la econom\u00eda y la distribuci\u00f3n de  las riquezas que genera y maneja el Estado, ya que si las riquezas s\u00f3lo se  concentran en las manos de los grupos econ\u00f3micos m\u00e1s influyentes de la sociedad  y del grupo pol\u00edtico que dirige el Estado; las riquezas que deben de ir a  favorecer a los sectores pobres, indigentes y clases medias, para disminuir la  deuda social acumulada en esos sectores, no cumple su cometido.<\/span><\/p>\n<p>&#13;<\/p>\n<p align=\"justify\" class=\"text1noticias\">Todo l\u00edder que aspira a crecer en el aprecio  de la conciencia colectiva debe tomar en cuenta que el crecimiento de la  econom\u00eda nacional y la distribuci\u00f3n equilibrada de\u00a0 las riquezas que genera ese crecimiento, es  una condici\u00f3n necesaria para el crecimiento de su liderazgo al interior de la  sociedad. <\/p>\n<p>&#13;<\/p>\n<p align=\"justify\" class=\"text1noticias\">El crecimiento de la econom\u00eda de  un pa\u00eds camina de forma directa con la estabilidad social y pol\u00edtica. Si la  econom\u00eda de un pa\u00eds\u00a0 va mal, as\u00ed va el  aspecto social y pol\u00edtico, ya que cuando se presentan periodos de inestabilidad  y crisis econ\u00f3mica, ellos dan origen a otras crisis en el plano social y  pol\u00edtico. Por eso todo l\u00edder pol\u00edtico debe tener presente\u00a0 que las masas\u00a0  s\u00f3lo reaccionan, de forma adversa al gobierno y a su liderazgo, si sus  necesidades mas sentidas no son tomadas en cuenta, y no se le ofrece ning\u00fan  tipo de soluci\u00f3n a los mismos. La necesidad m\u00e1s sentida de la gente es su  derecho a comer. Por eso todo l\u00edder pol\u00edtico que esta dirigiendo el gobierno  debe esforzarse para que las condiciones b\u00e1sicas de subsistencias sea una  realidad en los sectores m\u00e1s vulnerables donde est\u00e1 ejerciendo su liderazgo, <\/p>\n<p>&#13;<\/p>\n<p align=\"justify\" class=\"text1noticias\">Las masas\u00a0 s\u00f3lo reaccionan y act\u00faan, en\u00a0 terreno pol\u00edtico, motivadas por sus  necesidades m\u00e1s sentidas. Si el l\u00edder asimila esa realidad\u00a0 y act\u00faa para satisfacer esas necesidades,  aunque sea mediadamente; ese ser\u00e1 un liderazgo que ir\u00e1, de forma progresiva,  hacia el crecimiento. Ning\u00fan liderazgo deber\u00e1 perder de vista que despu\u00e9s de un  periodo de\u00a0 gran crisis econ\u00f3mica habr\u00e1n  cambios pol\u00edticos en la sociedad\u00a0 donde  se ha generado esa crisis. Si las organizaciones pol\u00edticas son fuertes y  organizadas podr\u00e1n darles direcci\u00f3n a los acontecimientos sociales y pol\u00edticos  que genera la crisis econ\u00f3mica. En cambio si las instituciones pol\u00edticas no son  fuertes, la crisis social y pol\u00edtica que genera la crisis econ\u00f3mica puede  afectarlas de forma sensible y hasta podr\u00edan desaparecer del escenario social y  pol\u00edtico.<\/p>\n<p>&#13;<\/p>\n<p align=\"justify\" class=\"text1noticias\">Un autor que retrata los efectos  que tienen las crisis econ\u00f3micas\u00a0 en la  pol\u00edtica de un\u00a0 pa\u00eds, lo es el\u00a0 profesor Bosch, cuando en su libro titulado  Temas Econ\u00f3micos en su toma II nos dice: \u201cLos que han dedicado su tiempo a  estudiar los fen\u00f3menos pol\u00edticos\u00a0 saben  que la historia no improvisa: que as\u00ed como detr\u00e1s de la noche va\u00a0 la ma\u00f1ana y luego el mediod\u00eda\u00a0 y despu\u00e9s la tarde, as\u00ed detr\u00e1s de cada crisis  econ\u00f3mica se producen cambios pol\u00edticos y estos ser\u00e1n seg\u00fan lo quieran o lo  permitan las fuerzas del pueblo. Fuerzas pol\u00edticamente organizadas pueden  dominar una situaci\u00f3n y llevarla adonde le convenga al pa\u00eds, fuerzas  pol\u00edticamente desorganizadas o d\u00e9biles ser\u00e1n barridas por los acontecimientos  econ\u00f3micos\u201d. <\/p>\n<p>&#13;<\/p>\n<p align=\"justify\" class=\"text1noticias\">Otro aspecto que debemos tratar  cuando abordamos el tema de la econom\u00eda\u00a0  y el liderazgo pol\u00edtico de un pa\u00eds es el que tiene que ver con la  econom\u00eda pol\u00edtica. En este sentido debemos decir que la econom\u00eda pol\u00edtica es la  ciencia que estudia la producci\u00f3n de bienes y servicios, desde el punto de  vista de las relaciones que establecen las personas\u00a0 en el proceso de producci\u00f3n. Como se ve la  econom\u00eda pol\u00edtica se ocupa de las relaciones sociales que establecen los  hombres en el proceso de producci\u00f3n. Adem\u00e1s se ocupa de la distribuci\u00f3n de los  bienes y servicios que produce la sociedad y sus diferentes sectores  productivos.<\/p>\n<p>&#13;<\/p>\n<p align=\"justify\" class=\"text1noticias\">En este aspecto todo l\u00edder debe  tomar en cuenta que la econom\u00eda pol\u00edtica se ocupa del estudio de la forma de  propiedad de los medios de producci\u00f3n, es decir de los medios que producen  bienes y servicios. La econom\u00eda pol\u00edtica tambi\u00e9n se ocupa de la posici\u00f3n que  tienen los distintos grupos sociales\u00a0 en  la producci\u00f3n de esos bienes y servicios y de las relaciones sociales  reciprocas que establecen esos grupos entre si. <\/p>\n<p>&#13;<\/p>\n<p align=\"justify\" class=\"text1noticias\">En cuanto al l\u00edder pol\u00edtico  nunca deber\u00e1 perder de vista que la econom\u00eda pol\u00edtica es una ciencia de mucha  utilidad para el ejercicio de su liderazgo desde el gobierno, ya que \u00e9sta se  ocupa de la distribuci\u00f3n de los bienes y servicios y de las riquezas que  produce la sociedad en su conjunto. <br \/>&#13;<br \/>\n  <br \/>&#13;<br \/>\nComo se puede apreciar la econom\u00eda  pol\u00edtica\u00a0 se ocupa de las relaciones  entre los hombres y sus intereses vitales que les permiten su subsistencia.\u00a0 <\/p>\n<p>&#13;<\/p>\n<p align=\"justify\" class=\"text1noticias\">Cuando abordamos el rol que  deben jugar los l\u00edderes pol\u00edticos que presiden el gobierno, debemos tambi\u00e9n  enfocar los efectos negativos\u00a0 que tiene  la creaci\u00f3n de nuevos impuestos. Es evidente que cuando se crean nuevas cargas  impositivas\u00a0 quienes las pagar\u00e1n son los  sectores pobres y de clases medias, ya que tanto los comerciantes, los  industriales y la mayor parte de los sectores productivos, lo que hacen la  mayor\u00eda de las veces es transferir esos impuestos a los consumidores, a trav\u00e9s  de los bienes y servicios que ofertan y venden en el mercado, de esta forma el  presupuesto familiar, de cada familia del pa\u00eds, ve disminuido su poder  adquisitivo, cuando tiene que pagar nuevos impuestos establecidos por el  gobierno y el l\u00edder pol\u00edtico que est\u00e1 presidiendo el Estado.\u00a0\u00a0\u00a0\u00a0\u00a0 <\/p>\n<p>&#13;<\/p>\n<p align=\"justify\" class=\"text1noticias\">Los l\u00edderes visionarios e inteligentes\u00a0 tratan de que los impuestos del gobierno sean  los menos gravosos para la gente. Todo l\u00edder\u00a0  que preside el gobierno debe tener presente\u00a0 que la creaci\u00f3n de nuevos impuestos\u00a0 tiene una relaci\u00f3n directa con la deuda que  ha contra\u00eddo el Estado, tanto en el plano externo como interno, por eso cuando  un gobierno recurre a los prestamos, tanto de instituciones financieras  internacionales como nacionales, esta dando pasos para la creaci\u00f3n de nuevos  impuestos .Porqu\u00e9? Porque para pagar los compromisos de esa deuda del Estado,  el l\u00edder\u00a0 que esta presidiendo el  gobierno debe buscar fuentes econ\u00f3micas\u00a0  que le permitan honrar esos compromisos de la deuda. Por eso recurre a  poner nuevos impuestos a los ciudadanos. <\/p>\n<p>&#13;<\/p>\n<p align=\"justify\" class=\"text1noticias\">\u00bfQu\u00e9 se desprende de esa  situaci\u00f3n? Que la gente, cuando se aumenta la deuda p\u00fablica (la deuda del  Estado) debe pagar mayores impuestos para que el gobierno de turno pueda  cumplir esos compromisos de pago. Ah\u00ed encontramos la relaci\u00f3n\u00a0 de los impuestos que impone el gobierno a las  personas y la deuda que va contrayendo el Estado.<\/p>\n<p>&#13;<\/p>\n<p align=\"justify\" class=\"text1noticias\">Las riquezas del Estado deben  orientarse\u00a0 a una distribuci\u00f3n  equilibrada entre los diferentes\u00a0  sectores sociales para ir tapando la brecha de lo que se ha denominado  deuda social acumulada. <br \/>&#13;<br \/>\n  <br \/>&#13;<br \/>\nPara disminuir la deuda social\u00a0 la \u00fanica forma de lograr esa disminuci\u00f3n\u00a0 es mediante un crecimiento econ\u00f3mico  permanente o constante, siempre que ese crecimiento econ\u00f3mico se oriente en  sentido correcto y no tenga desviaci\u00f3n hacia la corrupci\u00f3n administrativa. S\u00f3lo  de esa forma se puede conseguir una disminuci\u00f3n de la deuda social. Eso no debe  perderlo de vista todo l\u00edder que aspira \u00a0a permanecer\u00a0  en el coraz\u00f3n de la gente.<\/p>\n<p>&#13;<\/p>\n<p align=\"justify\" class=\"text1noticias\">Evelio  Arroyo es Soci\u00f3logo, Abogado y Escritor. Estos temas son publicados de su libro <strong>\u201cLideres y Liderazgos\u201d<\/strong> de\u00a0 su autor\u00eda.\u00a0  \u00a0\u00a0\u00a0<\/p>\n<p>&#13;<\/p>\n<h6> 2008-02-01 00:22:49 <\/h6>\n<p><!--\n<link rel=\"stylesheet\" href=\"css\/bootstrap.min.css\">\n\n\n<ul class=\"pagination\">\n\t    \n\t\n\n<li >\n\t<a href='?page_no=12297'>Previous<\/a>\n\t<\/li>\n\n\n       \n    \n\n<li><a href='?page_no=1'>1<\/a><\/li>\n\n\n\n<li><a href='?page_no=2'>2<\/a><\/li>\n\n\n\n<li><a>...<\/a><\/li>\n\n\n\n<li><a href='?page_no=12296'>12296<\/a><\/li>\n\n\n\n<li><a href='?page_no=12297'>12297<\/a><\/li>\n\n\n\n<li class='active'><a>12298<\/a><\/li>\n\n\n\n<li><a href='?page_no=12299'>12299<\/a><\/li>\n\n\n\n<li><a href='?page_no=12300'>12300<\/a><\/li>\n\n\n\n<li><a>...<\/a><\/li>\n\n\n\n<li><a href='?page_no=13611'>13611<\/a><\/li>\n\n\n\n<li><a href='?page_no=13612'>13612<\/a><\/li>\n\n    \n\t\n\n<li >\n\t<a href='?page_no=12299'>Next<\/a>\n\t<\/li>\n\n\n    \n\n<li><a href='?page_no=13612'>Last &rsaquo;&rsaquo;<\/a><\/li>\n\n<\/ul>\n\n\n--><br \/>\n<\/body><\/p>\n","protected":false},"excerpt":{"rendered":"<p>El L\u00edder Pol\u00edtico y la Econom\u00eda &#13; \u00a0\u00a0\u00a0\u00a0\u00a0\u00a0\u00a0\u00a0\u00a0\u00a0\u00a0\u00a0\u00a0\u00a0\u00a0\u00a0\u00a0\u00a0\u00a0\u00a0\u00a0\u00a0\u00a0\u00a0\u00a0\u00a0\u00a0\u00a0\u00a0\u00a0\u00a0\u00a0\u00a0\u00a0\u00a0\u00a0\u00a0\u00a0\u00a0\u00a0\u00a0\u00a0\u00a0\u00a0\u00a0\u00a0\u00a0\u00a0\u00a0\u00a0\u00a0\u00a0\u00a0\u00a0\u00a0\u00a0\u00a0\u00a0\u00a0\u00a0\u00a0\u00a0\u00a0\u00a0\u00a0\u00a0\u00a0\u00a0\u00a0\u00a0\u00a0\u00a0\u00a0\u00a0\u00a0\u00a0\u00a0\u00a0\u00a0\u00a0\u00a0\u00a0\u00a0\u00a0\u00a0\u00a0\u00a0\u00a0\u00a0\u00a0\u00a0\u00a0\u00a0\u00a0\u00a0\u00a0\u00a0\u00a0\u00a0\u00a0\u00a0\u00a0\u00a0\u00a0\u00a0\u00a0\u00a0\u00a0\u00a0\u00a0\u00a0\u00a0\u00a0\u00a0\u00a0\u00a0\u00a0\u00a0 &#13; Un aspecto crucial para la permanencia y crecimiento de todo liderazgo pol\u00edtico, una vez se llega al gobierno, es el que tiene que ver con el crecimiento de la econom\u00eda y la distribuci\u00f3n de las riquezas que genera y maneja el Estado, ya que si las [&hellip;]<\/p>\n","protected":false},"author":3,"featured_media":0,"comment_status":"open","ping_status":"open","sticky":false,"template":"","format":"standard","meta":{"footnotes":""},"categories":[16],"tags":[],"class_list":["post-36434","post","type-post","status-publish","format-standard","hentry","category-opiniones"],"_links":{"self":[{"href":"https:\/\/diariodominicano.com\/index.php?rest_route=\/wp\/v2\/posts\/36434","targetHints":{"allow":["GET"]}}],"collection":[{"href":"https:\/\/diariodominicano.com\/index.php?rest_route=\/wp\/v2\/posts"}],"about":[{"href":"https:\/\/diariodominicano.com\/index.php?rest_route=\/wp\/v2\/types\/post"}],"author":[{"embeddable":true,"href":"https:\/\/diariodominicano.com\/index.php?rest_route=\/wp\/v2\/users\/3"}],"replies":[{"embeddable":true,"href":"https:\/\/diariodominicano.com\/index.php?rest_route=%2Fwp%2Fv2%2Fcomments&post=36434"}],"version-history":[{"count":0,"href":"https:\/\/diariodominicano.com\/index.php?rest_route=\/wp\/v2\/posts\/36434\/revisions"}],"wp:attachment":[{"href":"https:\/\/diariodominicano.com\/index.php?rest_route=%2Fwp%2Fv2%2Fmedia&parent=36434"}],"wp:term":[{"taxonomy":"category","embeddable":true,"href":"https:\/\/diariodominicano.com\/index.php?rest_route=%2Fwp%2Fv2%2Fcategories&post=36434"},{"taxonomy":"post_tag","embeddable":true,"href":"https:\/\/diariodominicano.com\/index.php?rest_route=%2Fwp%2Fv2%2Ftags&post=36434"}],"curies":[{"name":"wp","href":"https:\/\/api.w.org\/{rel}","templated":true}]}}