{"id":364338,"date":"2022-06-26T23:35:19","date_gmt":"2022-06-27T03:35:19","guid":{"rendered":"http:\/\/diariodominicano.com\/?p=364338"},"modified":"2022-06-27T03:07:34","modified_gmt":"2022-06-27T07:07:34","slug":"mella-nombrado-ministro-de-guerra-y-marina-republica-enfrenta-nuevas-invasiones-de-haiti","status":"publish","type":"post","link":"https:\/\/diariodominicano.com\/?p=364338","title":{"rendered":"Mella nombrado ministro de Guerra y Marina. Rep\u00fablica Dominicana enfrenta nuevas invasiones de Hait\u00ed"},"content":{"rendered":"\n<p>Por H\u00e9ctor Tineo Nolasco<\/p>\n\n\n\n<p>diariodominicano.com <\/p>\n\n\n\n<p>SANTO DOMINGO, el 27 de junio de 1855, el Presidente general Pedro Santana, design\u00f3 al general Mat\u00edas Ram\u00f3n Mella ministro de Guerra y Marina.<\/p>\n\n\n\n<p>&nbsp;&nbsp;&nbsp;&nbsp; &nbsp;&nbsp;&nbsp;&nbsp; En ese momento la Rep\u00fablica Dominicana se encontraba en guerra con Hait\u00ed, cuyo Gobierno cada cierto tiempo organizaba nuevas agresiones contra el Estado dominicano.<\/p>\n\n\n\n<p>&nbsp;&nbsp;&nbsp; &nbsp;&nbsp;&nbsp;&nbsp;&nbsp; En&nbsp; noviembre de 1855 el general haitiano Faustino Soulouque invadi\u00f3 el pa\u00eds con tres frentes que entraron por&nbsp; Dajab\u00f3n,&nbsp; Neyba&nbsp;&nbsp; y Las Matas de Farf\u00e1n.<\/p>\n\n\n\n<p>&nbsp;&nbsp;&nbsp;&nbsp; &nbsp;&nbsp;&nbsp;&nbsp; Al pr\u00f3cer&nbsp; Mella le toc\u00f3 desempe\u00f1ar sus funciones en una situaci\u00f3n dif\u00edcil para Rep\u00fablica Dominicana.&nbsp;<\/p>\n\n\n\n<p>&nbsp;&nbsp;&nbsp;&nbsp; &nbsp;&nbsp;&nbsp;&nbsp; Luego Mat\u00edas Ram\u00f3n Mella fue comisionado por el Presidente Pedro Santana, para que gestionara ante Espa\u00f1a el reconocimiento de la Rep\u00fablica, que se hab\u00eda proclamado con el trabucazo que dispar\u00f3 al amanecer del 27 de febrero de 1844.<\/p>\n\n\n\n<p>&nbsp;&nbsp;&nbsp;&nbsp; &nbsp;&nbsp;&nbsp;&nbsp; Siendo Mella Ministro de Guerra y Marina, el 22 de diciembre&nbsp; de 1855, los dominicanos se enfrentaron a los invasores haitianos en la Sabana de Santom\u00e9, en Las Matas de Farf\u00e1n, y lograron derrotarlos tras una lucha de m\u00e1s de cuatro horas.<\/p>\n\n\n\n<p>&nbsp;&nbsp;&nbsp;&nbsp; &nbsp;&nbsp;&nbsp;&nbsp; Los haitianos huyeron&nbsp; y dejaron 695 muertos&nbsp; y numerosos heridos.&nbsp;&nbsp; Este acontecimiento llen\u00f3 de miedo a los haitianos.<\/p>\n\n\n\n<p>&nbsp;&nbsp;&nbsp; &nbsp;&nbsp;&nbsp;&nbsp;&nbsp; En Sabana de Santom\u00e9,&nbsp; las tropas dominicanas fueron comandadas por&nbsp; los generales Jos\u00e9 Mar\u00eda Cabral y Domingo Contreras.<\/p>\n\n\n\n<p>&nbsp;&nbsp;&nbsp; &nbsp;&nbsp;&nbsp;&nbsp;&nbsp; El mismo d\u00eda 22 de diciembre&nbsp; de 1855, los dominicanos vencieron a los haitianos en la Batalla de&nbsp; Cambronal, en Neiba.<\/p>\n\n\n\n<p>&nbsp;&nbsp; &nbsp;&nbsp;&nbsp;&nbsp;&nbsp;&nbsp; Un informe de la \u00e9poca da cuenta de que los haitianos tambi\u00e9n huyeron y dejaron&nbsp; cientos de muertos y heridos.&nbsp; Las tropas dominicanas fueron comandadas por el general&nbsp; Francisco Sosa.<\/p>\n\n\n\n<p>&nbsp;&nbsp;&nbsp;&nbsp; &nbsp;&nbsp;&nbsp;&nbsp; A partir del a\u00f1o 1848, cuando Francia reconoci\u00f3 el Estado dominicano, los haitianos intensificaron sus ataques, pues&nbsp; pensaban que Francia tomar\u00eda la Bah\u00eda de Saman\u00e1.<\/p>\n\n\n\n<p>&nbsp;&nbsp;&nbsp; &nbsp;&nbsp;&nbsp;&nbsp;&nbsp; Adem\u00e1s,&nbsp; pensaban que el acuerdo entre Francia y Rep\u00fablica Dominicana impedir\u00eda a Hait\u00ed recuperar la parte Este de la Isla, es decir, el territorio del Estado dominicano.<\/p>\n","protected":false},"excerpt":{"rendered":"<p>Por H\u00e9ctor Tineo Nolasco diariodominicano.com SANTO DOMINGO, el 27 de junio de 1855, el Presidente general Pedro Santana, design\u00f3 al general Mat\u00edas Ram\u00f3n Mella ministro de Guerra y Marina. &nbsp;&nbsp;&nbsp;&nbsp; &nbsp;&nbsp;&nbsp;&nbsp; En ese momento la Rep\u00fablica Dominicana se encontraba en guerra con Hait\u00ed, cuyo Gobierno cada cierto tiempo organizaba nuevas agresiones contra el Estado dominicano. [&hellip;]<\/p>\n","protected":false},"author":28,"featured_media":265091,"comment_status":"closed","ping_status":"","sticky":true,"template":"","format":"standard","meta":{"footnotes":""},"categories":[26,27],"tags":[],"class_list":["post-364338","post","type-post","status-publish","format-standard","has-post-thumbnail","hentry","category-efemerides","category-portada"],"_links":{"self":[{"href":"https:\/\/diariodominicano.com\/index.php?rest_route=\/wp\/v2\/posts\/364338","targetHints":{"allow":["GET"]}}],"collection":[{"href":"https:\/\/diariodominicano.com\/index.php?rest_route=\/wp\/v2\/posts"}],"about":[{"href":"https:\/\/diariodominicano.com\/index.php?rest_route=\/wp\/v2\/types\/post"}],"author":[{"embeddable":true,"href":"https:\/\/diariodominicano.com\/index.php?rest_route=\/wp\/v2\/users\/28"}],"replies":[{"embeddable":true,"href":"https:\/\/diariodominicano.com\/index.php?rest_route=%2Fwp%2Fv2%2Fcomments&post=364338"}],"version-history":[{"count":5,"href":"https:\/\/diariodominicano.com\/index.php?rest_route=\/wp\/v2\/posts\/364338\/revisions"}],"predecessor-version":[{"id":364364,"href":"https:\/\/diariodominicano.com\/index.php?rest_route=\/wp\/v2\/posts\/364338\/revisions\/364364"}],"wp:featuredmedia":[{"embeddable":true,"href":"https:\/\/diariodominicano.com\/index.php?rest_route=\/wp\/v2\/media\/265091"}],"wp:attachment":[{"href":"https:\/\/diariodominicano.com\/index.php?rest_route=%2Fwp%2Fv2%2Fmedia&parent=364338"}],"wp:term":[{"taxonomy":"category","embeddable":true,"href":"https:\/\/diariodominicano.com\/index.php?rest_route=%2Fwp%2Fv2%2Fcategories&post=364338"},{"taxonomy":"post_tag","embeddable":true,"href":"https:\/\/diariodominicano.com\/index.php?rest_route=%2Fwp%2Fv2%2Ftags&post=364338"}],"curies":[{"name":"wp","href":"https:\/\/api.w.org\/{rel}","templated":true}]}}