{"id":36432,"date":"2008-02-01T00:59:43","date_gmt":"2008-02-01T00:59:43","guid":{"rendered":"http:\/\/diariodominicano.ddns.net\/?p=36432"},"modified":"2008-02-01T00:59:43","modified_gmt":"2008-02-01T00:59:43","slug":"arcoiris-de-esperanza","status":"publish","type":"post","link":"https:\/\/diariodominicano.com\/?p=36432","title":{"rendered":"Arco\u00edris de Esperanza"},"content":{"rendered":"<p><body><\/p>\n<p class=\"titulogrande1\">Arco\u00edris de Esperanza <\/p>\n<p>&#13;<\/p>\n<p><strong>Por:<\/strong> <span class=\"textogrande\">Manuel Alm\u00e1nzar  Castillo<\/span><\/p>\n<p>&#13;<\/p>\n<p align=\"justify\"><span class=\"text1noticias\">Si nos  abocamos a \u00a0buscar en las p\u00e1ginas  cient\u00edficas sobre lo que significa \u2018ARCOIRIS\u201d, encontraremos , con algunas  diferencias, lo siguiente: Hace m\u00e1s de tres siglos, Isaac Newton logr\u00f3 demostrar con ayuda de un prisma que la luz blanca \u00a0del sol contiene colores a partir del rojo, pasando por el naranja, amarillo, \u00a0el verde, el azul y a\u00f1il hasta llegar al violeta.\u00a0 El <strong>arcoiris<\/strong> es un fen\u00f3meno \u00f3ptico y meteorol\u00f3gico que produce la aparici\u00f3n de  un espectro de luz continuo en el cielo cuando los rayos del sol atraviesan peque\u00f1as part\u00edculas de  humedad contenidas en la atm\u00f3sfera terrestre.  La forma es la de un arco multicolor con el rojo  hacia la parte exterior y el violeta hacia la interior. Menos frecuente es el  arco iris doble, el cual incluye un segundo arco m\u00e1s tenue con los colores  invertidos, es decir el rojo hacia el interior y el violeta hacia el exterior.  <br \/>&#13;<br \/>\n  <br \/>&#13;<br \/>\n  Al final de este art\u00edculo, veremos la conexi\u00f3n y la justeza de estas \u201caparentes  divagaciones\u201d <br \/>&#13;<br \/>\n  <br \/>&#13;<br \/>\nLeonel Fern\u00e1ndez, es hoy por hoy, el pol\u00edtico dominicano de mayor  brillo, formaci\u00f3n, imagen \u00a0y experiencia  de nuestro pa\u00eds. Aspira y, sin ning\u00fan g\u00e9nero de dudas, \u00a0conseguir\u00e1 un tercer periodo presidencial. Esa  certeza lo coloca en un lugar cimero en la historia pol\u00edtica de \u00a0nuestra amada Rep\u00fablica Dominicana.<br \/>&#13;<br \/>\n<br \/>&#13;<br \/>\n No  hay duda alguna de que, \u00a0Leonel navega  con vientos favorables a un tercer\u00a0gobierno constitucional, gozando del  privilegio de haberlo hecho por la voluntad soberana y la decisi\u00f3n mayoritaria  del pueblo dominicano, sin que en ning\u00fan caso haya influido \u00a0factor alguno de tipo represivo o de  imposici\u00f3n de ninguna fuerza ajena al inter\u00e9s nacional.<br \/>&#13;<br \/>\n<br \/>&#13;<br \/>\n En sus dos periodos como  presidente constitucional de la Republica Dominicana, Leonel ha demostrado su  entrega y dedicaci\u00f3n absoluta a la causa del progreso y desarrollo del pueblo  dominicano y como los intereses de la naci\u00f3n son el objetivo fundamental de su  proyecto de naci\u00f3n.<br \/>&#13;<br \/>\n <br \/>&#13;<br \/>\nLeonel Fern\u00e1ndez representa en el d\u00eda de hoy el mejor ejemplo de liderazgo  maduro y aglutinador, es el prototipo del presidente visionario que logra descifrar  y promover los mejores interese de nuestro pueblo,\u00a0 incorporando a la causa de la patria, el m\u00e1s  variado <strong>arcoiris <\/strong>de ideas, proyectos  y representaciones pol\u00edticas y sociales que, tienen como objetivo final el  bienestar de todos los dominicanos, \u00a0buscando siempre el objetivo com\u00fan del desarrollo  humano y econ\u00f3mico auto-sostenido, para hacer cada vez m\u00e1s \u00a0viable el futuro, el desarrollo y el progreso  de un pueblo que ha encontrado en \u00e9l, el l\u00edder capaz de sacarnos del  tercermundismo.<br \/>&#13;<br \/>\n<br \/>&#13;<br \/>\n Leonel Fern\u00e1ndez es un l\u00edder  que supera todas las barreras partidarias y se ha convertido en el mas  emblem\u00e1tico s\u00edmbolo unificador, donde se aglutinan ideolog\u00edas, matices de  colores intensos representados por todo el espectro crom\u00e1tico. Leonel Fern\u00e1ndez  es, hoy por hoy,\u00a0 el \u00fanico liderazgo que  sintetiza los rasgos fundamentales de un pueblo \u201ccaf\u00e9 con lech\u201d, donde se  conjugan todos los colores de la esperanza de un porvenir para la Republica  Dominicana, d\u00e1ndose el fen\u00f3meno de haber conseguido poner en consonancia a las  fuerzas conservadoras con los cambios  que necesita el pais para su desarrollo, con una \u00a0propuesta de naci\u00f3n basada en la modernidad,  sin traumas y sin escenarios de conflictos innecesarios, como ha ocurrido en  otros pa\u00edses del \u00e1rea.<br \/>&#13;<br \/>\n <br \/>&#13;<br \/>\n Si  hoy en nuestro pa\u00eds se construye una democracia con pasos firmes, con grandes  transformaciones institucionales y tomando de manera prioritaria el desarrollo  humano y el gasto social,\u00a0 se debe en  gran medida al gran liderazgo de un hombre que tiene una visi\u00f3n clara y precisa  de hacia donde debe ser llevada la naci\u00f3n dominicana.<br \/>&#13;<br \/>\n<br \/>&#13;<br \/>\n Por eso y m\u00e1s, mucho m\u00e1s,\u00a0 la boleta electoral que el Partido de la  Liberaci\u00f3n Dominicana (PLD) presentar\u00e1 al electorado, el pr\u00f3ximo 16 de mayo, es  un verdadero <strong>ARCOIRIS DE ESPERANZA<\/strong>,  ya que, por primera vez, alrededor de 15 boletas, donde se encuentra  representado con creces el espectro de la luz, con sus diferentes colores, matices,  s\u00edmbolos y representaciones ideol\u00f3gicas, tendr\u00e1n impresa\u00a0 la foto de Leonel, como la m\u00e1s viva expresi\u00f3n  del liderazgo aglutinador que representa, hoy por hoy, el m\u00e1s sobresaliente de  los disc\u00edpulo del maestro de la dignidad y el decoro, el profesor\u00a0 Juan Bosch. (El autor es C\u00f3nsul en la  Florida, Lic. en Educaci\u00f3n, con especialidad en Gesti\u00f3n Escolar) <\/span><\/p>\n<p>&#13;<\/p>\n<h6> 2008-02-01 00:59:43 <\/h6>\n<p><!--\n<link rel=\"stylesheet\" href=\"css\/bootstrap.min.css\">\n\n\n<ul class=\"pagination\">\n\t    \n\t\n\n<li >\n\t<a href='?page_no=12295'>Previous<\/a>\n\t<\/li>\n\n\n       \n    \n\n<li><a href='?page_no=1'>1<\/a><\/li>\n\n\n\n<li><a href='?page_no=2'>2<\/a><\/li>\n\n\n\n<li><a>...<\/a><\/li>\n\n\n\n<li><a href='?page_no=12294'>12294<\/a><\/li>\n\n\n\n<li><a href='?page_no=12295'>12295<\/a><\/li>\n\n\n\n<li class='active'><a>12296<\/a><\/li>\n\n\n\n<li><a href='?page_no=12297'>12297<\/a><\/li>\n\n\n\n<li><a href='?page_no=12298'>12298<\/a><\/li>\n\n\n\n<li><a>...<\/a><\/li>\n\n\n\n<li><a href='?page_no=13611'>13611<\/a><\/li>\n\n\n\n<li><a href='?page_no=13612'>13612<\/a><\/li>\n\n    \n\t\n\n<li >\n\t<a href='?page_no=12297'>Next<\/a>\n\t<\/li>\n\n\n    \n\n<li><a href='?page_no=13612'>Last &rsaquo;&rsaquo;<\/a><\/li>\n\n<\/ul>\n\n\n--><br \/>\n<\/body><\/p>\n","protected":false},"excerpt":{"rendered":"<p>Arco\u00edris de Esperanza &#13; Por: Manuel Alm\u00e1nzar Castillo &#13; Si nos abocamos a \u00a0buscar en las p\u00e1ginas cient\u00edficas sobre lo que significa \u2018ARCOIRIS\u201d, encontraremos , con algunas diferencias, lo siguiente: Hace m\u00e1s de tres siglos, Isaac Newton logr\u00f3 demostrar con ayuda de un prisma que la luz blanca \u00a0del sol contiene colores a partir del [&hellip;]<\/p>\n","protected":false},"author":3,"featured_media":0,"comment_status":"open","ping_status":"open","sticky":false,"template":"","format":"standard","meta":{"footnotes":""},"categories":[16],"tags":[],"class_list":["post-36432","post","type-post","status-publish","format-standard","hentry","category-opiniones"],"_links":{"self":[{"href":"https:\/\/diariodominicano.com\/index.php?rest_route=\/wp\/v2\/posts\/36432","targetHints":{"allow":["GET"]}}],"collection":[{"href":"https:\/\/diariodominicano.com\/index.php?rest_route=\/wp\/v2\/posts"}],"about":[{"href":"https:\/\/diariodominicano.com\/index.php?rest_route=\/wp\/v2\/types\/post"}],"author":[{"embeddable":true,"href":"https:\/\/diariodominicano.com\/index.php?rest_route=\/wp\/v2\/users\/3"}],"replies":[{"embeddable":true,"href":"https:\/\/diariodominicano.com\/index.php?rest_route=%2Fwp%2Fv2%2Fcomments&post=36432"}],"version-history":[{"count":0,"href":"https:\/\/diariodominicano.com\/index.php?rest_route=\/wp\/v2\/posts\/36432\/revisions"}],"wp:attachment":[{"href":"https:\/\/diariodominicano.com\/index.php?rest_route=%2Fwp%2Fv2%2Fmedia&parent=36432"}],"wp:term":[{"taxonomy":"category","embeddable":true,"href":"https:\/\/diariodominicano.com\/index.php?rest_route=%2Fwp%2Fv2%2Fcategories&post=36432"},{"taxonomy":"post_tag","embeddable":true,"href":"https:\/\/diariodominicano.com\/index.php?rest_route=%2Fwp%2Fv2%2Ftags&post=36432"}],"curies":[{"name":"wp","href":"https:\/\/api.w.org\/{rel}","templated":true}]}}