{"id":36431,"date":"2008-02-01T04:32:49","date_gmt":"2008-02-01T04:32:49","guid":{"rendered":"http:\/\/diariodominicano.ddns.net\/?p=36431"},"modified":"2008-02-01T04:32:49","modified_gmt":"2008-02-01T04:32:49","slug":"orlando-dice-5","status":"publish","type":"post","link":"https:\/\/diariodominicano.com\/?p=36431","title":{"rendered":"Orlando Dice"},"content":{"rendered":"<p><body><\/p>\n<p align=\"justify\"><strong class=\"titulogrande1\">Orlando Dice<\/strong><br \/>&#13;<br \/>\n  <br \/>&#13;<br \/>\n    <span class=\"textogrande\">Orlando Gil<\/span><br \/>&#13;<br \/>\n  <br \/>&#13;<br \/>\n  <span class=\"text1noticias\"><strong>ELLOS.-<\/strong><br \/>&#13;<br \/>\n  <br \/>&#13;<br \/>\nObservadores  del panorama pol\u00edtico se extra\u00f1aron de que en el acto de proclamaci\u00f3n del  presidente Leonel Fern\u00e1ndez como candidato oficial del PLD, dos de los oradores  de cartel fueran Franklyn Almeyda y Felucho Jim\u00e9nez. Que hablara uno, bien;  pero los dos, da que pensar. <br \/>&#13;<br \/>\n<br \/>&#13;<br \/>\nAveriguando aqu\u00ed, preguntando all\u00e1, se consigue  una respuesta que pasma: ellos lo pidieron. Y lo mejor de todo: lo  complacieron, pues la rogativa fue dirigida al l\u00edder y candidato que de seguro  sab\u00eda a lo que se expon\u00eda. Como se\u00f1al\u00e9 en una anterior entrega, ambos  pertenecen a la ortodoxia, y si falta recordar, fue en la casa de Almeyda y  Josefina (Gavi\u00f1o) que se fund\u00f3 el PLD. <br \/>&#13;<br \/>\n<br \/>&#13;<br \/>\nSolo que por razones de temperamento,  forman parte del grupo de Los Sangruses, que es un denominativo que se le qued\u00f3  como nombre propio a\u00a0 quien con los a\u00f1os aprendi\u00f3 a ser autoritariamente  simp\u00e1tico: Euclides Guti\u00e9rrez F\u00e9lix. El presidente Fern\u00e1ndez tiene entre sus  haberes pol\u00edticos que estos tres mosqueteros de la guardia de Juan Bosch  renegaran de la orfandad y buscaran cobijo en su liderazgo, al cual han  contribuido de muchas maneras. El jefe del Estado es muy diferente a ellos,  pero supo desde hace tiempo que esa diversidad es parte de su \u00e9xito como  dirigente principal, como candidato y como presidente de la Rep\u00fablica..<br \/>&#13;<br \/>\n  . <br \/>&#13;<br \/>\n  <strong>LOS HALCONES.-<\/strong><br \/>&#13;<br \/>\n  <br \/>&#13;<br \/>\n  Euclides Guti\u00e9rrez F\u00e9lix no pod\u00eda hablar porque la  oportunidad correspondi\u00f3 a su esposa, Flavia Garc\u00eda, quien tuvo que aguantarse  y ver que los derechos de la mujer empiezan en los golpes de cadera de Fefita La Grande. Pero ganas no  le faltaron, ya que Guti\u00e9rrez F\u00e9lix habla de Leonel Fern\u00e1ndez con la misma  suficiencia que lo hace de Trujillo, de Bosch y de Caama\u00f1o, quienes no hicieron  nada notable sin que fuera testigo. No fue el caso de Almeyda y Jim\u00e9nez,  quienes pidieron la pelota como los buenos pitchers al manager cuando se  sienten en condiciones de hacer el juego. El presidente Fern\u00e1ndez les permiti\u00f3,  aun cuando deb\u00eda darse cuenta de que uno y otro viven de pleito en pleito con  sectores de importancia para la econom\u00eda, como los due\u00f1os de bares y de  hoteles, y Jim\u00e9nez \u00f1\u00faltimamente\u00f1 con los periodistas. Incluso, entre Almeyda y  Jim\u00e9nez hubo desavenencias recientes, que al parecer fueron superadas, ya que  se les vio de pa\u00f1os y manteles, sentados juntos en el acto del pasado domingo  en el Palacio de los Deportes.\u00a0 <br \/>&#13;<br \/>\n  <br \/>&#13;<br \/>\n  Ahora \u00bfcu\u00e1l es el mensaje de ambas  comparecencias? Los perrede\u00cfstas est\u00e1n m\u00e1s interesados en saber porqu\u00e9 no habl\u00f3  Francisco Javier Garc\u00eda que en conocer las razones de que s\u00ed lo hicieran los secretarios  de Interior y Polic\u00eda y Turismo. El presidente est\u00e1 dispuesto a librar una  guerra dura, y no necesita de diplom\u00e1ticos de la palabra, sino halcones de la  vieja escuela estalinista&#8230;<br \/>&#13;<br \/>\n  <br \/>&#13;<br \/>\n  <strong>LAS CREDENCIALES.-<\/strong> <\/span><\/p>\n<p>&#13;<\/p>\n<p align=\"justify\" class=\"text1noticias\">Las comparecencias de  Franklyn Almeyda y Felucho Jim\u00e9nez en el acto de proclamaci\u00f3n del presidente  Fern\u00e1ndez como candidato oficial del PLD no fueron\u00a0 importantes por las  palabras que pronunciaron en la ocasi\u00f3n, ya que nadie las recuerda y todav\u00eda se  sigue hablando de El L\u00e1piz, de Kiko El Presidente, de Omega y los dem\u00e1s  cantantes populares.\u00a0 No. La ocasi\u00f3n fue importante porque sirvi\u00f3 para que  ambos presentaran credenciales como las voces duras contra el PRD y su  candidato Miguel Vargas. El secretario de Turismo va a aprovechar que asistir\u00e1  a una feria en Espa\u00f1a para indagar sobre las relaciones de Vargas con los  implicados en el caso Marbella, y esa diligencia no la har\u00e1 por simple  delectaci\u00f3n. No tiene que ir tan lejos, puesto que en Youtube hay un reportaje  de la televisi\u00f3n espa\u00f1ola que no se sabe porqu\u00e9 no lo han reproducido en los  canales locales. Eso es Jim\u00e9nez, pero Almeyda fue m\u00e1s lejos. En su primera  aparici\u00f3n p\u00fablica despu\u00e9s de la proclamaci\u00f3n hizo una distinci\u00f3n entre los  perros realengos y viralatas, e incluy\u00f3 a perredeistas de la categor\u00eda del ex  presidente\u00a0 Hip\u00f3lito Mej\u00cfa, del candidato Miguel Vargas y del presidente  del partido Ram\u00f3n Alburquerque entre los viralatas. Los tres les salieron  huyendo a esa arremetida, sin que se sepa si por miedo o por prudencia. Sin  embargo, lo cierto es que Almeyda tir\u00f3 como si fuera de Los Molinos,,,<\/p>\n<p>&#13;<\/p>\n<h6> 2008-02-01 04:32:49 <\/h6>\n<p><!--\n<link rel=\"stylesheet\" href=\"css\/bootstrap.min.css\">\n\n\n<ul class=\"pagination\">\n\t    \n\t\n\n<li >\n\t<a href='?page_no=12294'>Previous<\/a>\n\t<\/li>\n\n\n       \n    \n\n<li><a href='?page_no=1'>1<\/a><\/li>\n\n\n\n<li><a href='?page_no=2'>2<\/a><\/li>\n\n\n\n<li><a>...<\/a><\/li>\n\n\n\n<li><a href='?page_no=12293'>12293<\/a><\/li>\n\n\n\n<li><a href='?page_no=12294'>12294<\/a><\/li>\n\n\n\n<li class='active'><a>12295<\/a><\/li>\n\n\n\n<li><a href='?page_no=12296'>12296<\/a><\/li>\n\n\n\n<li><a href='?page_no=12297'>12297<\/a><\/li>\n\n\n\n<li><a>...<\/a><\/li>\n\n\n\n<li><a href='?page_no=13611'>13611<\/a><\/li>\n\n\n\n<li><a href='?page_no=13612'>13612<\/a><\/li>\n\n    \n\t\n\n<li >\n\t<a href='?page_no=12296'>Next<\/a>\n\t<\/li>\n\n\n    \n\n<li><a href='?page_no=13612'>Last &rsaquo;&rsaquo;<\/a><\/li>\n\n<\/ul>\n\n\n--><br \/>\n<\/body><\/p>\n","protected":false},"excerpt":{"rendered":"<p>Orlando Dice&#13; &#13; Orlando Gil&#13; &#13; ELLOS.-&#13; &#13; Observadores del panorama pol\u00edtico se extra\u00f1aron de que en el acto de proclamaci\u00f3n del presidente Leonel Fern\u00e1ndez como candidato oficial del PLD, dos de los oradores de cartel fueran Franklyn Almeyda y Felucho Jim\u00e9nez. Que hablara uno, bien; pero los dos, da que pensar. &#13; &#13; Averiguando [&hellip;]<\/p>\n","protected":false},"author":3,"featured_media":0,"comment_status":"open","ping_status":"open","sticky":false,"template":"","format":"standard","meta":{"footnotes":""},"categories":[16],"tags":[],"class_list":["post-36431","post","type-post","status-publish","format-standard","hentry","category-opiniones"],"_links":{"self":[{"href":"https:\/\/diariodominicano.com\/index.php?rest_route=\/wp\/v2\/posts\/36431","targetHints":{"allow":["GET"]}}],"collection":[{"href":"https:\/\/diariodominicano.com\/index.php?rest_route=\/wp\/v2\/posts"}],"about":[{"href":"https:\/\/diariodominicano.com\/index.php?rest_route=\/wp\/v2\/types\/post"}],"author":[{"embeddable":true,"href":"https:\/\/diariodominicano.com\/index.php?rest_route=\/wp\/v2\/users\/3"}],"replies":[{"embeddable":true,"href":"https:\/\/diariodominicano.com\/index.php?rest_route=%2Fwp%2Fv2%2Fcomments&post=36431"}],"version-history":[{"count":0,"href":"https:\/\/diariodominicano.com\/index.php?rest_route=\/wp\/v2\/posts\/36431\/revisions"}],"wp:attachment":[{"href":"https:\/\/diariodominicano.com\/index.php?rest_route=%2Fwp%2Fv2%2Fmedia&parent=36431"}],"wp:term":[{"taxonomy":"category","embeddable":true,"href":"https:\/\/diariodominicano.com\/index.php?rest_route=%2Fwp%2Fv2%2Fcategories&post=36431"},{"taxonomy":"post_tag","embeddable":true,"href":"https:\/\/diariodominicano.com\/index.php?rest_route=%2Fwp%2Fv2%2Ftags&post=36431"}],"curies":[{"name":"wp","href":"https:\/\/api.w.org\/{rel}","templated":true}]}}