{"id":36430,"date":"2008-02-01T20:56:18","date_gmt":"2008-02-01T20:56:18","guid":{"rendered":"http:\/\/diariodominicano.ddns.net\/?p=36430"},"modified":"2008-02-01T20:56:18","modified_gmt":"2008-02-01T20:56:18","slug":"las-principales-en-teledebate-6","status":"publish","type":"post","link":"https:\/\/diariodominicano.com\/?p=36430","title":{"rendered":"LAS PRINCIPALES EN TELEDEBATE"},"content":{"rendered":"<p><body><\/p>\n<p align=\"justify\"><span class=\"titulogrande1\">LAS PRINCIPALES EN TELEDEBATE<\/span><br \/>&#13;<br \/>\n  <br \/>&#13;<br \/>\n    <span class=\"text1noticias\">Jueves 31,01,08<\/span><\/p>\n<p>&#13;<\/p>\n<p align=\"justify\" class=\"text1noticias\"><strong>A PUNTO DE TRAGEDIA.<\/strong>\u00a0  El acto en que el Consejo Presidencial Reformista encabezado por el  Canciller Carlos Morales formaliz\u00f2 su apoyo a la candidatura del Presidente  Leonel Fern\u00e0ndez efectuado en el Malecon Center estuvo a punto de terminar en  tragedia. Esto as\u00ec cuando se desplom\u00f2 un ascensor desde la sexta planta donde  se celebraba el evento ocasionando lesiones a varios miembros de la escolta del  Ejecutivo. <\/p>\n<p>&#13;<\/p>\n<p align=\"justify\" class=\"text1noticias\"><strong>INVESTIGAR.<\/strong>\u00a0 Por suerte, el accidente no provoc\u00f2 ninguna  muerte.\u00a0 Pero que recordemos es la  primera vez que ocurre algo similar en muchos a\u00f1os y m\u00e0s en un edificio de  primer orden como el lugar en que se efectu\u00f2 el evento.\u00a0 Es obvio que precisa investigar las causas  del accidente, y descartado cualquier intento de sabotaje establecer si fue  debido a vicios de construcci\u00f2n o falta de adecuado mantenimiento.<\/p>\n<p>&#13;<\/p>\n<p align=\"justify\" class=\"text1noticias\"><strong>GARANTIA INTERNACIONAL:<\/strong> A la  comisi\u00f2n que visit\u00f2 al Presidente Garc\u00eca Pr\u00e8val para lograr que se levantase la  prohibici\u00f2n a la sostenida importaci\u00f2n de pollos y huevos dominicanos al otro  lado de la frontera, las autoridades sanitarias del vecino le reclaman una  certificaci\u00f2n de organismo internacional acreditando que en la granja donde se  descubri\u00f2 la gripe aviar, no quedan rastros de la misma. <\/p>\n<p>&#13;<\/p>\n<p align=\"justify\" class=\"text1noticias\"><strong>HAITI LOS NECESITA.<\/strong>\u00a0 Si lo anterior es todo, entonces no es  exagerado.\u00a0 Tampoco creemos que sea  dif\u00eccil de obtener dicha certificaci\u00f2n.\u00a0  Hagamos la gesti\u00f2n, sin adelantarnos a prejuzgar si las autoridades  haitianas despu\u00e8s de ello pondr\u00e0n nuevos obst\u00e0culos. El propio embajador de  Hait\u00ec acaba de admitir que su pa\u00ecs solo produce el 20 porciento de los huevos  que consume.\u00a0 Por tanto, el levantamiento  de la veda es de inter\u00e8s mutuo.<\/p>\n<p>&#13;<\/p>\n<p align=\"justify\" class=\"text1noticias\"><strong>NUEVA QUEJA.\u00a0<\/strong> No bien se disipa el humo del enfrentamiento  entre el sector sindical de un lado y el Colegio M\u00e8dico y la Asociaci\u00f2n de Cl\u00ecnicas  por otro, surge una nueva queja en el Plan Familiar de Salud. Es la resistencia  de \u00e8stos a aceptar los llamados Centros de Atenci\u00f2n Primaria, pese a que est\u00e0n  contemplados dentro del sistema que se estima abaratar\u00ecan considerablemente el  costo de los servicios y que \u00e8stos se prestar\u00ecan completos y de calidad.<\/p>\n<p>&#13;<\/p>\n<p align=\"justify\" class=\"text1noticias\"><strong>\u00bfCOMENZARLA DE NUEVO?<\/strong>\u00a0 Por otra parte, se se\u00f1ala que la mayor\u00eca de  los especialistas han quedado fuera del sistema del Plan Familiar de Salud, por  lo que \u00e8ste ha elevado los costos para los usuarios y las empresas.\u00a0 Son tantas las quejas, las deficiencias y las  diferencias que presenta el bendito Plan que uno llega a preguntarse si ser\u00e0  necesario desmontarlo y comenzarlo de nuevo con otro esquema que sea realmente  eficiente.<\/p>\n<p>&#13;<\/p>\n<p align=\"justify\" class=\"text1noticias\"><strong>APROBACION DEL FONDO:\u00a0<\/strong> El acuerdo stand by con el Fondo Monetario  finaliza hoy con la aprobaci\u00f2n por parte del organismo internacional de la  octava revisi\u00f2n as\u00ec como un nuevo desembolso de algo m\u00e0s de 112 millones de  d\u00f2lares. Tambi\u00e8n acord\u00f2 una dispensa al gobierno en el\u00a0 controversial caso de la Sun Land.\u00a0 De acuerdo a lo expresado anteriorme \u00e8ste es  el acuerdo de mejor cumplimiento que ha registrado el organismo en los \u00f9ltimos  20 a\u00f1os. <\/p>\n<p>&#13;<\/p>\n<p align=\"justify\" class=\"text1noticias\"><strong>EL NUEVO CONVENIO.\u00a0<\/strong> Lo anterior es un buen punto en el exitoso  expediente de H\u00e8ctor Valdez Albizu, quien ha sido el art\u00ecfice principal de la  estabilidad macroecon\u00f2mica y de la prima del d\u00f2lar.\u00a0 Este inform\u00f2 por otra parte que para  considerar la posible firma de un nuevo acuerdo habr\u00e0 que esperar a que pasen  las elecciones del 16 de Mayo y se defina un ganador. <\/p>\n<p>&#13;<\/p>\n<p align=\"justify\" class=\"text1noticias\"><strong>LA FALTA DEL  TUCANO.\u00a0 <\/strong>El mayor general Rafael Radham\u00e8s  Ram\u00ecrez Ferreiras, el diligente jefe de la DNCD, se lamenta de que la falta de recursos  impidi\u00f2 que el organismo diera caza a una lancha r\u00e0pida del narcotr\u00e0fico que  recogi\u00f2 una gran cantidad de droga arrojada en la Costa Este en la noche  del martes. \u201cCon un solo avi\u00f2n Supertucano a mano le hubi\u00e8ramos podido dar  caza\u201d, expres\u00f2 el alto militar.\u00a0 Hasta  ahora los nuestros se baten casi a mano pelada y asi no se puede.<\/p>\n<p>&#13;<\/p>\n<p align=\"justify\" class=\"text1noticias\"><strong>BRUGAL CREE EN SU GENTE.\u00a0<\/strong> Por ah\u00ec ya tenemos la nueva convocatoria del  Premio Brugal Cree en su Gente.\u00a0 Todos  los interesados pueden dirigirse a Brugal para proponer el nombre de cualquier  instituci\u00f2n que est\u00e8 realizando una meritoria labor en las categor\u00ecas de  Educaci\u00f2n, Asistencia Social, Desarrollo Comunitario, Arte y Cultura y Defensa  y Protecci\u00f2n al Medio Ambiente. El plazo vence el 30 de Junio.\u00a0 <\/p>\n<p>&#13;<\/p>\n<p align=\"justify\" class=\"text1noticias\"><strong>ESTIMULANDO EL  PATRIOTISMO.\u00a0<\/strong> Cada d\u00eca, el personal de la Suprema Corte de  Justicia inicia sus labores entonando el Himno Nacional.\u00a0 Es un hermoso ejemplo de rescate y  permanencia de los valores patrios, tan en desuso al momento presente.\u00a0 Hay que felicitar al m\u00e0s alto tribunal del  pa\u00ecs por esta feliz iniciativa.\u00a0 Ojal\u00e0 su  ejemplo fuese copiado y reproducido en todas las oficinas p\u00f9blicas, muchas de  las cuales aparecieron hu\u00e8rfanas de la bandera nacional en la fecha natalicia  de Juan Pablo Duarte.<\/p>\n<p>&#13;<\/p>\n<p align=\"justify\" class=\"text1noticias\"><strong>ESO SI ES HAMBRE.\u00a0<\/strong> Toca hasta las m\u00e0s profundas fibras del  coraz\u00f2n los sendos reportajes aparecidos en los matutinos El Caribe y Hoy  mostrando, con estremecedor testimonio gr\u00e0fico, como en el pa\u00ecs vecino se  elaboran galletas a base de lodo que en no pocos casos constituyen el \u00f9nico  alimento de muchas personas.\u00a0 Eso s\u00ec es  hambre. <\/p>\n<p>&#13;<\/p>\n<h6> 2008-02-01 20:56:18 <\/h6>\n<p><!--\n<link rel=\"stylesheet\" href=\"css\/bootstrap.min.css\">\n\n\n<ul class=\"pagination\">\n\t    \n\t\n\n<li >\n\t<a href='?page_no=12293'>Previous<\/a>\n\t<\/li>\n\n\n       \n    \n\n<li><a href='?page_no=1'>1<\/a><\/li>\n\n\n\n<li><a href='?page_no=2'>2<\/a><\/li>\n\n\n\n<li><a>...<\/a><\/li>\n\n\n\n<li><a href='?page_no=12292'>12292<\/a><\/li>\n\n\n\n<li><a href='?page_no=12293'>12293<\/a><\/li>\n\n\n\n<li class='active'><a>12294<\/a><\/li>\n\n\n\n<li><a href='?page_no=12295'>12295<\/a><\/li>\n\n\n\n<li><a href='?page_no=12296'>12296<\/a><\/li>\n\n\n\n<li><a>...<\/a><\/li>\n\n\n\n<li><a href='?page_no=13611'>13611<\/a><\/li>\n\n\n\n<li><a href='?page_no=13612'>13612<\/a><\/li>\n\n    \n\t\n\n<li >\n\t<a href='?page_no=12295'>Next<\/a>\n\t<\/li>\n\n\n    \n\n<li><a href='?page_no=13612'>Last &rsaquo;&rsaquo;<\/a><\/li>\n\n<\/ul>\n\n\n--><br \/>\n<\/body><\/p>\n","protected":false},"excerpt":{"rendered":"<p>LAS PRINCIPALES EN TELEDEBATE&#13; &#13; Jueves 31,01,08 &#13; A PUNTO DE TRAGEDIA.\u00a0 El acto en que el Consejo Presidencial Reformista encabezado por el Canciller Carlos Morales formaliz\u00f2 su apoyo a la candidatura del Presidente Leonel Fern\u00e0ndez efectuado en el Malecon Center estuvo a punto de terminar en tragedia. Esto as\u00ec cuando se desplom\u00f2 un ascensor [&hellip;]<\/p>\n","protected":false},"author":3,"featured_media":0,"comment_status":"open","ping_status":"open","sticky":false,"template":"","format":"standard","meta":{"footnotes":""},"categories":[16],"tags":[],"class_list":["post-36430","post","type-post","status-publish","format-standard","hentry","category-opiniones"],"_links":{"self":[{"href":"https:\/\/diariodominicano.com\/index.php?rest_route=\/wp\/v2\/posts\/36430","targetHints":{"allow":["GET"]}}],"collection":[{"href":"https:\/\/diariodominicano.com\/index.php?rest_route=\/wp\/v2\/posts"}],"about":[{"href":"https:\/\/diariodominicano.com\/index.php?rest_route=\/wp\/v2\/types\/post"}],"author":[{"embeddable":true,"href":"https:\/\/diariodominicano.com\/index.php?rest_route=\/wp\/v2\/users\/3"}],"replies":[{"embeddable":true,"href":"https:\/\/diariodominicano.com\/index.php?rest_route=%2Fwp%2Fv2%2Fcomments&post=36430"}],"version-history":[{"count":0,"href":"https:\/\/diariodominicano.com\/index.php?rest_route=\/wp\/v2\/posts\/36430\/revisions"}],"wp:attachment":[{"href":"https:\/\/diariodominicano.com\/index.php?rest_route=%2Fwp%2Fv2%2Fmedia&parent=36430"}],"wp:term":[{"taxonomy":"category","embeddable":true,"href":"https:\/\/diariodominicano.com\/index.php?rest_route=%2Fwp%2Fv2%2Fcategories&post=36430"},{"taxonomy":"post_tag","embeddable":true,"href":"https:\/\/diariodominicano.com\/index.php?rest_route=%2Fwp%2Fv2%2Ftags&post=36430"}],"curies":[{"name":"wp","href":"https:\/\/api.w.org\/{rel}","templated":true}]}}