{"id":36429,"date":"2008-02-01T21:04:29","date_gmt":"2008-02-01T21:04:29","guid":{"rendered":"http:\/\/diariodominicano.ddns.net\/?p=36429"},"modified":"2008-02-01T21:04:29","modified_gmt":"2008-02-01T21:04:29","slug":"el-tiro-rapido-295","status":"publish","type":"post","link":"https:\/\/diariodominicano.com\/?p=36429","title":{"rendered":"EL TIRO RAPIDO"},"content":{"rendered":"<p><body><\/p>\n<p><span class=\"titulogrande1\">EL TIRO RAPIDO<\/span><br \/>&#13;<br \/>\n  <br \/>&#13;<br \/>\n    <strong>de<\/strong><br \/>&#13;<br \/>\n  <br \/>&#13;<br \/>\n  <span class=\"textogrande\">Mario  Rivadulla<\/span><\/p>\n<p>&#13;<\/p>\n<p align=\"justify\" class=\"text1noticias\">Apenas en d\u00ecas muy recientes acogimos en este espacio  sendas declaraciones del Cardenal L\u00f2pez Rodr\u00ecguez y del Presidente de la Junta Central  Electoral, doctor Julio C\u00e8sar Casta\u00f1os Guzm\u00e0n reclamando elevar el tono de la  campa\u00f1a pol\u00ectica con el endoso de nuestra propia exhortaci\u00f2n.\u00a0 Posteriormente, en las p\u00e0ginas de opini\u00f2n del  List\u00ecn Diario, publicamos un art\u00ecculo en esa misma direcci\u00f2n bajo el t\u00ectulo  \u201c\u00bfSe perder\u00e0n en el desierto?\u201d<\/p>\n<p>&#13;<\/p>\n<p align=\"justify\" class=\"text1noticias\">Despu\u00e8s de eso se han seguido elevando voces provenientes  de distintos litorales de la sociedad dominicana, entre \u00e8stas la del Presidente  de la Suprema Corte  de Justicia, doctor Jorge Subero Isa,\u00a0  sum\u00e0ndose tambi\u00e8n a lo que va constituyendo una demanda que gana cada  vez m\u00e0s cuerpo en el seno del electorado sensato.<\/p>\n<p>&#13;<\/p>\n<p align=\"justify\" class=\"text1noticias\">Parecer\u00eca que hasta ahora la pr\u00e8dica haya rebotado en  o\u00ecdos sordos.\u00a0 No pasa un solo d\u00eca sin  que la prensa nacional deje de acoger una declaraci\u00f2n insultante o una  manifestaci\u00f2n venenosa tratando de descalificar al adversario hasta\u00a0 en el orden personal,\u00a0 sin dejar espacio al saludable debate de  ideas y propuestas concretas para solucionar o aliviar los problemas del pa\u00ecs. <\/p>\n<p>&#13;<\/p>\n<p align=\"justify\" class=\"text1noticias\">Es llamativo el hecho de que m\u00e0s que de los propios  candidatos, son voces de su entorno las que se dedican a fomentar esta campa\u00f1a  negativa que va tomando un sesgo cada vez m\u00e0s preocupante y que solo puede  conducir, por v\u00eca de la violencia verbal, a la violencia f\u00ecsica.<\/p>\n<p>&#13;<\/p>\n<p align=\"justify\" class=\"text1noticias\">\u00bfSer\u00e0 preciso acaso tener que lamentar que la sangre corra  innecesariamente a resultas del fanatismo de unos pocos, por lo general  apasionados pero infelices militantes de la base, exarcebados por el discurso  levantisco de algunos de los dirigentes de sus c\u00f9pulas partidarias, como si  fuese un tributo obligado a pagar para que la clase pol\u00ectica reaccione y ponga  fin a la oratoria de diatriba?<\/p>\n<p>&#13;<\/p>\n<p align=\"justify\" class=\"text1noticias\">\u00bfAcaso no es la Presidencia de la Rep\u00f9blica la m\u00e0s elevada  posici\u00f2n a que puede aspirar un ciudadano y la m\u00e0s alta responsabilidad que  deber\u00e0 asumir en caso de ser escogido para ese desempe\u00f1o lo cual suma una dignidad  muy especial al cargo?<\/p>\n<p>&#13;<\/p>\n<p align=\"justify\" class=\"text1noticias\">\u00bfNo corresponde por consiguiente reclamar que el nivel del  debate p\u00f9blico marche acorde con esa dignidad?<\/p>\n<p>&#13;<\/p>\n<p align=\"justify\" class=\"text1noticias\">El discurso electoral no puede  continuar el rumbo torcido que lleva al presente. Porque ese camino solo puede  conducir al despe\u00f1adero.\u00a0 Y no es \u00e8so lo  que el pa\u00ecs necesita y el pueblo espera y requiere.<\/p>\n<p>&#13;<\/p>\n<p align=\"justify\" class=\"text1noticias\">Por el contrario, lo que se  necesita, espera y requiere son actitudes responsables y propuestas sensatas y  realizables.\u00a0 Que se fundamenten en la  realidad.\u00a0 Que no caigan en el plano  demag\u00f2gico de las promesas fantasiosas,\u00a0  que luego no hay manera de cumplir y que se traducen en amargas  frustraciones para la ciudadan\u00eca.<\/p>\n<p>&#13;<\/p>\n<p align=\"justify\" class=\"text1noticias\">Lo que debe entender la clase  pol\u00ectica es que m\u00e0s que una simple contienda de poder, lo que est\u00e0 en juego es  el destino de la naci\u00f2n que demanda\u00a0  respuestas realizables a la suma de problemas que acumulamos, tanto las  que nos vienen de viejo como las que nos traen aparejadas los tiempos dif\u00ecciles  que corren.<\/p>\n<p>&#13;<\/p>\n<p align=\"justify\" class=\"text1noticias\">El pueblo dominicano ha ido a  votar una y otra vez en las \u00f9ltimas d\u00e8cadas con un sentido de responsabilidad,  disciplina y civismo ejemplares.\u00a0 Pero  para que siga manteniendo la misma vocaci\u00f2n democr\u00e0tica manifestada hasta el  presente, es preciso que la dirigencia pol\u00ectica se ponga a su misma altura. <\/p>\n<p>&#13;<\/p>\n<p align=\"justify\" class=\"text1noticias\">Todav\u00eca tiene la oportunidad de  hacerlo. Le quedan tres meses y medio, de aqu\u00ec al 16 de Mayo.\u00a0<br \/>&#13;<br \/>\n  <br \/> &#13;<br \/>\nDe esperar que lo haga y no que estos  reclamos se pierdan en el desierto de su ceguera y sordera.<\/p>\n<p>&#13;<\/p>\n<h6> 2008-02-01 21:04:29 <\/h6>\n<p><!--\n<link rel=\"stylesheet\" href=\"css\/bootstrap.min.css\">\n\n\n<ul class=\"pagination\">\n\t    \n\t\n\n<li >\n\t<a href='?page_no=12292'>Previous<\/a>\n\t<\/li>\n\n\n       \n    \n\n<li><a href='?page_no=1'>1<\/a><\/li>\n\n\n\n<li><a href='?page_no=2'>2<\/a><\/li>\n\n\n\n<li><a>...<\/a><\/li>\n\n\n\n<li><a href='?page_no=12291'>12291<\/a><\/li>\n\n\n\n<li><a href='?page_no=12292'>12292<\/a><\/li>\n\n\n\n<li class='active'><a>12293<\/a><\/li>\n\n\n\n<li><a href='?page_no=12294'>12294<\/a><\/li>\n\n\n\n<li><a href='?page_no=12295'>12295<\/a><\/li>\n\n\n\n<li><a>...<\/a><\/li>\n\n\n\n<li><a href='?page_no=13611'>13611<\/a><\/li>\n\n\n\n<li><a href='?page_no=13612'>13612<\/a><\/li>\n\n    \n\t\n\n<li >\n\t<a href='?page_no=12294'>Next<\/a>\n\t<\/li>\n\n\n    \n\n<li><a href='?page_no=13612'>Last &rsaquo;&rsaquo;<\/a><\/li>\n\n<\/ul>\n\n\n--><br \/>\n<\/body><\/p>\n","protected":false},"excerpt":{"rendered":"<p>EL TIRO RAPIDO&#13; &#13; de&#13; &#13; Mario Rivadulla &#13; Apenas en d\u00ecas muy recientes acogimos en este espacio sendas declaraciones del Cardenal L\u00f2pez Rodr\u00ecguez y del Presidente de la Junta Central Electoral, doctor Julio C\u00e8sar Casta\u00f1os Guzm\u00e0n reclamando elevar el tono de la campa\u00f1a pol\u00ectica con el endoso de nuestra propia exhortaci\u00f2n.\u00a0 Posteriormente, en las [&hellip;]<\/p>\n","protected":false},"author":3,"featured_media":0,"comment_status":"open","ping_status":"open","sticky":false,"template":"","format":"standard","meta":{"footnotes":""},"categories":[16],"tags":[],"class_list":["post-36429","post","type-post","status-publish","format-standard","hentry","category-opiniones"],"_links":{"self":[{"href":"https:\/\/diariodominicano.com\/index.php?rest_route=\/wp\/v2\/posts\/36429","targetHints":{"allow":["GET"]}}],"collection":[{"href":"https:\/\/diariodominicano.com\/index.php?rest_route=\/wp\/v2\/posts"}],"about":[{"href":"https:\/\/diariodominicano.com\/index.php?rest_route=\/wp\/v2\/types\/post"}],"author":[{"embeddable":true,"href":"https:\/\/diariodominicano.com\/index.php?rest_route=\/wp\/v2\/users\/3"}],"replies":[{"embeddable":true,"href":"https:\/\/diariodominicano.com\/index.php?rest_route=%2Fwp%2Fv2%2Fcomments&post=36429"}],"version-history":[{"count":0,"href":"https:\/\/diariodominicano.com\/index.php?rest_route=\/wp\/v2\/posts\/36429\/revisions"}],"wp:attachment":[{"href":"https:\/\/diariodominicano.com\/index.php?rest_route=%2Fwp%2Fv2%2Fmedia&parent=36429"}],"wp:term":[{"taxonomy":"category","embeddable":true,"href":"https:\/\/diariodominicano.com\/index.php?rest_route=%2Fwp%2Fv2%2Fcategories&post=36429"},{"taxonomy":"post_tag","embeddable":true,"href":"https:\/\/diariodominicano.com\/index.php?rest_route=%2Fwp%2Fv2%2Ftags&post=36429"}],"curies":[{"name":"wp","href":"https:\/\/api.w.org\/{rel}","templated":true}]}}