{"id":36428,"date":"2008-02-01T21:10:20","date_gmt":"2008-02-01T21:10:20","guid":{"rendered":"http:\/\/diariodominicano.ddns.net\/?p=36428"},"modified":"2008-02-01T21:10:20","modified_gmt":"2008-02-01T21:10:20","slug":"reflexiones-del-comandante-en-jefe-3","status":"publish","type":"post","link":"https:\/\/diariodominicano.com\/?p=36428","title":{"rendered":"REFLEXIONES DEL COMANDANTE EN JEFE"},"content":{"rendered":"<p><body><\/p>\n<p align=\"justify\"><strong><u>Reflexiones  del Comandante en Jefe<\/u><\/strong><strong> <\/strong><br \/>&#13;<br \/>\n  <br \/>&#13;<br \/>\n    <strong>Lula <\/strong><br \/>&#13;<br \/>\n    <br \/>&#13;<br \/>\n    <strong>(Cuarta y \u00faltima parte) <\/strong><br \/>&#13;<br \/>\n    <br \/>&#13;<br \/>\n    <span class=\"text1noticias\">No quiero abusar de la paciencia de  los lectores, ni de la excepcional oportunidad que me ofreci\u00f3 Lula de  intercambiar ideas al encontrarse conmigo. Por ello, afirmo que es la cuarta y  \u00faltima sobre su visita.<br \/>&#13;<br \/>\n    <br \/>&#13;<br \/>\n    Cuando habl\u00e9 con \u00e9l sobre Venezuela,  me dijo: Nosotros pensamos cooperar con el presidente Ch\u00e1vez. Me puse de  acuerdo con \u00e9l. Cada a\u00f1o ir\u00e9 dos veces a Caracas y \u00e9l viajar\u00e1 dos veces a  Brasil para no permitir divergencias entre nosotros y, si hubiera, poder  resolverla en el momento. <br \/>&#13;<br \/>\n    <br \/>&#13;<br \/>\n    Venezuela no necesita dinero \u2014expresa\u2014, porque tiene  muchos recursos, pero necesita tiempo e infraestructura.<br \/>&#13;<br \/>\n    <br \/>&#13;<br \/>\n    Le expres\u00e9 que me alegraba mucho de su  posici\u00f3n respecto a ese pa\u00eds, porque est\u00e1bamos agradecidos a ese pueblo hermano  por los Acuerdos suscritos que nos garantizaron un suministro normal de  combustible.<br \/>&#13;<br \/>\n    <br \/>&#13;<br \/>\n    No puedo olvidar que, a ra\u00edz del golpe  de Estado de abril de 2002, la consigna respecto a nuestro pa\u00eds de los que  asaltaron el poder fue: \u00abni una gota m\u00e1s de petr\u00f3leo para Cuba\u00bb. Nos  convertimos en un motivo adicional para que el imperialismo tratara de hacer  estallar la econom\u00eda de Venezuela, aunque de hecho era lo que se propon\u00edan  hacer desde que Ch\u00e1vez prest\u00f3 juramento de su cargo como Presidente sobre la  moribunda Constituci\u00f3n de la IV Rep\u00fablica, que m\u00e1s tarde de forma legal y  democr\u00e1tica transform\u00f3 en la V Rep\u00fablica.<br \/>&#13;<br \/>\n    <br \/>&#13;<br \/>\n    Cuando el precio del petr\u00f3leo subi\u00f3  abruptamente y surgieron dificultades reales para adquirirlo, Ch\u00e1vez no solo  mantuvo sino que elev\u00f3 el suministro. Despu\u00e9s de los Acuerdos del ALBA, que se  firmaron en La Habana el 14 de diciembre de 2004, esto se mantiene en  condiciones honorables y beneficiosas para ambos pa\u00edses. Laboran all\u00ed casi 40  mil abnegados especialistas cubanos, en su mayor\u00eda m\u00e9dicos, que con sus  conocimientos, y particularmente con su ejemplo internacionalista, est\u00e1n  contribuyendo a formar a los propios venezolanos que los sustituir\u00e1n.<br \/>&#13;<br \/>\n    <br \/>&#13;<br \/>\n    Le expliqu\u00e9 que Cuba sosten\u00eda  relaciones de amistad con todos los pa\u00edses de Am\u00e9rica Latina y el Caribe, sean  de izquierda o de derecha. Hace rato trazamos esa l\u00ednea y no la cambiaremos;  cualquier gesti\u00f3n en favor de la paz entre los pueblos estamos dispuestos a  apoyarla. Es un terreno espinoso y dif\u00edcil, pero perseveraremos en \u00e9l.<br \/>&#13;<br \/>\n    <br \/>&#13;<br \/>\n    Lula expresa de nuevo su respeto y  cari\u00f1o profundo por Cuba y sus dirigentes. A\u00f1adi\u00f3, de inmediato, que sent\u00eda  orgullo de lo que estaba sucediendo en Am\u00e9rica Latina, y una vez m\u00e1s afirm\u00f3 que  aqu\u00ed en La Habana decidimos crear el Foro de Sao Paulo y unir a toda la izquierda  de Am\u00e9rica Latina, y esa izquierda est\u00e1 llegando al poder en casi todos los  pa\u00edses.<br \/>&#13;<br \/>\n    <br \/>&#13;<br \/>\n    En esta ocasi\u00f3n, le record\u00e9 lo que nos  ense\u00f1\u00f3 Mart\u00ed sobre las glorias de este mundo, que caben todas en un grano de  ma\u00edz. Lula a\u00f1adi\u00f3: Les digo a todos que, en las conversaciones que tuve con  usted, jam\u00e1s dio consejo alguno que pudiera entrar en confrontaci\u00f3n con la  legalidad; usted siempre me pidi\u00f3 que no me ganara muchos enemigos al mismo  tiempo. Y eso es lo que est\u00e1 permitiendo que las cosas marchen.<br \/>&#13;<br \/>\n    <br \/>&#13;<br \/>\n    Casi de inmediato manifest\u00f3 que  Brasil, un pa\u00eds grande y con recursos, tiene que ayudar a Ecuador, a Bolivia, a  Uruguay, a Paraguay.<br \/>&#13;<br \/>\n    <br \/>&#13;<br \/>\n    Ahora hemos estado en Am\u00e9rica Central.  Nunca un Presidente brasile\u00f1o hab\u00eda visitado un pa\u00eds en esa \u00e1rea con proyectos  de cooperaci\u00f3n.<br \/>&#13;<br \/>\n    <br \/>&#13;<br \/>\n    Le pregunto: \u00bfTe recuerdas, Lula, lo  que te dije en la cena familiar e informal que ofreciste a nuestra delegaci\u00f3n  al d\u00eda siguiente de tu toma de posesi\u00f3n, en enero de 2003? \u00a1Ninguno de los  hijos de la gran mayor\u00eda de pobres que vot\u00f3 por ti ser\u00e1 nunca ejecutivo de las  grandes empresas estatales de Brasil; los estudios universitarios son aqu\u00ed  demasiado caros! <br \/>&#13;<br \/>\n    <br \/>&#13;<br \/>\n    Lula explica al respecto: Estamos  haciendo 214 escuelas t\u00e9cnicas, profesionales; estamos tambi\u00e9n haciendo 13  nuevas Universidades federales y 48 extensiones universitarias.<br \/>&#13;<br \/>\n    <br \/>&#13;<br \/>\n    Le pregunto: \u00bfPor eso no se paga nada,  verdad? Me responde r\u00e1pido: Hemos creado un programa y ya colocamos a 460 mil  j\u00f3venes de la periferia, pobres, de escuelas p\u00fablicas, para que puedan cursar  los estudios universitarios. La derecha me acusaba de que estaba tratando de  bajar el nivel de la ense\u00f1anza; dos a\u00f1os despu\u00e9s, fueron investigados 14  cursos: los mejores alumnos fueron los pobres de la periferia. Estamos creando  otro programa con 18 alumnos como promedio; esto va a lograr que haya 250 mil  j\u00f3venes en la ense\u00f1anza universitaria.<br \/>&#13;<br \/>\n    <br \/>&#13;<br \/>\n    La relaci\u00f3n comercial de Brasil con  Am\u00e9rica Latina es mayor que con Estados Unidos, me manifest\u00f3. Continu\u00e9  explic\u00e1ndole que si \u00edbamos a establecer relaciones estrechas entre ambos  pa\u00edses, no solo como amigos sino tambi\u00e9n como socios en \u00e1reas importantes,  necesitaba conocer el pensamiento de los l\u00edderes de Brasil, puesto que en \u00e1reas  estrat\u00e9gicas \u00edbamos a estar asociados, y nosotros ten\u00edamos por norma cumplir  nuestros compromisos econ\u00f3micos.<br \/>&#13;<br \/>\n    <br \/>&#13;<br \/>\n    Hablamos de otros importantes  problemas, los puntos en los que coincid\u00edamos y en los que no, con el mayor  tacto posible.<br \/>&#13;<br \/>\n    <br \/>&#13;<br \/>\n    Le habl\u00e9 de diversas regiones,  incluyendo el Caribe, y de las formas de cooperaci\u00f3n que hab\u00edamos desarrollado  con ellos.<br \/>&#13;<br \/>\n    <br \/>&#13;<br \/>\n    Lula me expres\u00f3 que Brasil deb\u00eda tener  una pol\u00edtica m\u00e1s activa para cooperar con los pa\u00edses m\u00e1s pobres. Tiene nuevas  responsabilidades, es el pa\u00eds m\u00e1s rico de toda la regi\u00f3n.<br \/>&#13;<br \/>\n    <br \/>&#13;<br \/>\n    Le habl\u00e9, como es l\u00f3gico, del cambio  clim\u00e1tico y la poca atenci\u00f3n que le prestan al tema gran n\u00famero de dirigentes  de los pa\u00edses industrializados del mundo.<br \/>&#13;<br \/>\n    <br \/>&#13;<br \/>\n    Cuando habl\u00e9 con \u00e9l la tarde del 15 de  enero, no pude mencionarle el art\u00edculo que se public\u00f3 solo tres d\u00edas despu\u00e9s,  escrito por Stephen Leahy desde Toronto. Este nos transmite noticias del nuevo  libro titulado <em>Movilizarse para salvar la civilizaci\u00f3n<\/em>, de Lester Brown.<br \/>&#13;<br \/>\n    <br \/>&#13;<br \/>\n\u00abLa crisis es extremadamente  seria y urgente y requiere un esfuerzo de movilizaci\u00f3n de las naciones similar  al realizado durante la Segunda Guerra Mundial (1939-1945)\u00bb \u2014argumenta el  autor, Lester Brown, Presidente del Centro de Estudios Instituto para Pol\u00edticas  de la Tierra, con sede en Washington.<br \/>&#13;<br \/>\n<br \/>&#13;<br \/>\n\u00abEl cambio clim\u00e1tico ocurre mucho  m\u00e1s r\u00e1pido de lo previsto por los cient\u00edficos, y el planeta sufrir\u00e1  inevitablemente un incremento de la temperatura de por lo menos dos  grados\u00bb, dijo Brown a IPS, \u00abque nos colocar\u00e1 decididamente en la zona  de peligro\u00bb.<br \/>&#13;<br \/>\n<br \/>&#13;<br \/>\n\u00abNinguno de los precandidatos  presidenciales para las elecciones en Estados Unidos\u00bb \u2014que se realizar\u00e1n  el primer martes de noviembre\u2014 \u00abplantea la urgencia del problema del  cambio clim\u00e1tico\u00bb.<br \/>&#13;<br \/>\n<br \/>&#13;<br \/>\n\u00abLas emisiones de gases  invernadero, parcialmente responsables del recalentamiento global, deben  reducirse en 80 por ciento para 2020.\u00bb<br \/>&#13;<br \/>\n<br \/>&#13;<br \/>\nSe trata de una meta mucho m\u00e1s  ambiciosa que la planteada por el Panel Intergubernamental sobre Cambio  Clim\u00e1tico (IPCC), que recibi\u00f3 en 2007 el premio Nobel de la Paz junto con el ex  vicepresidente estadounidense Al Gore, quien recomend\u00f3 un recorte de entre 25 y  40 por ciento respecto de los niveles de emisi\u00f3n de 1990, nos informa el cable.<br \/>&#13;<br \/>\n<br \/>&#13;<br \/>\nBrown estima que los datos utilizados  por el IPCC est\u00e1n desactualizados, ya que ser\u00edan de hace dos a\u00f1os. Estudios m\u00e1s  recientes indican que el cambio clim\u00e1tico se est\u00e1 acelerando, dijo.<br \/>&#13;<br \/>\n<br \/>&#13;<br \/>\nAunque conf\u00eda en que el IPCC  modificar\u00e1 esa recomendaci\u00f3n en su pr\u00f3ximo informe, se\u00f1al\u00f3 que reci\u00e9n se  difundir\u00e1 en cinco o seis a\u00f1os. \u00abDemasiado tarde, tenemos que actuar  ya\u00bb, asegur\u00f3 Brown.<br \/>&#13;<br \/>\n<br \/>&#13;<br \/>\nEl Plan B 3.0 de Brown recomienda  medidas para llegar a 80 por ciento de reducci\u00f3n en las emisiones, que se basan  fuertemente en el uso eficiente de la energ\u00eda, las fuentes renovables y la  expansi\u00f3n del \u00abescudo\u00bb de \u00e1rboles del planeta.<br \/>&#13;<br \/>\n<br \/>&#13;<br \/>\n\u00abLa energ\u00eda e\u00f3lica puede cubrir  40 por ciento de la demanda mundial con la instalaci\u00f3n de 1,5 millones de  nuevas turbinas de viento de dos megavatios. Aunque el n\u00famero parece elevado,  se producen cada a\u00f1o 65 millones de autom\u00f3viles en el mundo. Un alumbrado m\u00e1s  eficiente puede reducir el uso mundial de electricidad en 12 por ciento.<br \/>&#13;<br \/>\n<br \/>&#13;<br \/>\n\u00abEn Estados Unidos, los edificios  comerciales y residenciales son responsables por 40 por ciento de las emisiones  de carbono. El siguiente paso debe apuntar a generar electricidad de forma no  contaminante para la calefacci\u00f3n, refrigerar y alumbrar las viviendas.<br \/>&#13;<br \/>\n<br \/>&#13;<br \/>\n\u00abEl empleo de biocombustibles que  se producen empleando granos como el ma\u00edz y la soja, empuja al alza los precios  de estos alimentos y puede provocar una escasez de comida desastrosa para los  pobres del mundo.<br \/>&#13;<br \/>\n<br \/>&#13;<br \/>\n\u00abLa adici\u00f3n anual de 70 millones  de personas a la poblaci\u00f3n mundial se concentra en naciones donde las reservas  de agua se est\u00e1n agotando y los pozos se secan, las \u00e1reas boscosas se reducen,  los suelos se degradan y los campos de pastura se vuelven desiertos.<br \/>&#13;<br \/>\n<br \/>&#13;<br \/>\n\u00abA\u00f1o tras a\u00f1o aumenta el n\u00famero  de \u2018Estados inviables\u2019, que constituyen un \u2018alerta temprana de la ca\u00edda de una  civilizaci\u00f3n\u2019\u00bb, coment\u00f3 Brown.<br \/>&#13;<br \/>\n<br \/>&#13;<br \/>\n\u00abEl aumento en el precio del  petr\u00f3leo debe a\u00f1adirse a la lista de problemas. Los pa\u00edses ricos tendr\u00e1n todo  el que necesiten, mientras que los pobres deber\u00e1n reducir su consumo.<br \/>&#13;<br \/>\n<br \/>&#13;<br \/>\n\u00abEl crecimiento poblacional y la  pobreza demandan una atenci\u00f3n especial del mundo desarrollado.<br \/>&#13;<br \/>\n<br \/>&#13;<br \/>\n\u00abEl tiempo es nuestro recurso m\u00e1s  escaso\u00bb, concluy\u00f3 el prestigioso cient\u00edfico.<br \/>&#13;<br \/>\n<br \/>&#13;<br \/>\nNo se puede expresar con m\u00e1s claridad  un peligro que se cierne sobre la humanidad.<br \/>&#13;<br \/>\n<br \/>&#13;<br \/>\nPero no es la \u00fanica noticia que se  public\u00f3 despu\u00e9s de mi reuni\u00f3n con Lula. Hace apenas dos d\u00edas, anatematizando y  haciendo trizas el discurso de Bush al Congreso, The New York Times, en su  editorial, expres\u00f3 esta idea en una l\u00ednea: \u00abAl mundo civilizado lo esperan  peligros horripilantes\u00bb.<br \/>&#13;<br \/>\n<br \/>&#13;<br \/>\nChina, un pa\u00eds cuya superficie es 87  veces mayor que nuestra isla y en el que viven 117 veces m\u00e1s habitantes que en  Cuba, acaba de ser azotada por una inhabitual ola de fr\u00edo que golpe\u00f3 a  Shanghai, el \u00e1rea m\u00e1s desarrollada, y al resto de la zona meridional y central  de ese gran pa\u00eds.<br \/>&#13;<br \/>\n<br \/> &#13;<br \/>\nLas autoridades informan sobre la emergencia que los cables  internacionales de Occidente \u2014AFP, AP, EFE, DPA, ANSA y otros\u2014 transmiten:  \u00abLas fuertes nevadas han obligado a cerrar centrales t\u00e9rmicas y reducir a  la mitad las reservas del carb\u00f3n, la principal fuente de energ\u00eda del pa\u00eds, lo  que ha creado una grave crisis energ\u00e9tica\u00bb.<br \/>&#13;<br \/>\n<br \/>&#13;<br \/>\n\u00ab\u00bc en  la zona m\u00e1s afectada, un siete por ciento de la energ\u00eda total, han detenido sus  operaciones, destac\u00f3 la Comisi\u00f3n de Energ\u00eda.<br \/>&#13;<br \/>\n<br \/>&#13;<br \/>\n\u00ab\u00bc 90  centrales, que producen un 10 por ciento adicional de la electricidad de origen  t\u00e9rmico, podr\u00edan cerrar en los pr\u00f3ximos d\u00edas si no mejora la situaci\u00f3n\u00bc <br \/>&#13;<br \/>\n<br \/>&#13;<br \/>\n\u00abLas reservas de carb\u00f3n han  quedado reducidas a menos de la mitad, advierten las autoridades\u00bc <br \/>&#13;<br \/>\n<br \/>&#13;<br \/>\n\u00abEl principal problema es el  transporte. M\u00e1s de la mitad de los trenes se dedican a transportar carb\u00f3n, por  lo que la par\u00e1lisis de la red ha ocasionado muchos problemas, destac\u00f3 Wang  Zheming, experto de la Comisi\u00f3n Estatal de Seguridad.<br \/>&#13;<br \/>\n<br \/>&#13;<br \/>\n\u00abWang record\u00f3 que el transporte  de carb\u00f3n se enfrenta estos d\u00edas a la competencia de los pasajeros, pues debido  a las fiestas hay un \u00e9xodo ferroviario de casi 180 millones de personas en  apenas un mes.<br \/>&#13;<br \/>\n<br \/>&#13;<br \/>\n\u00abEs dif\u00edcil para China usar otra  fuente de energ\u00eda. Lo ideal ser\u00eda el gas natural, pero los dep\u00f3sitos no son  todav\u00eda suficientes, coment\u00f3 el experto.\u00bb<br \/>&#13;<br \/>\n<br \/>&#13;<br \/>\nTambi\u00e9n debe tenerse en cuenta que la  cuenca del Yangtz\u00e9 y otras zonas del centro y sur del pa\u00eds sufrieron en los  \u00faltimos meses la peor sequ\u00eda en medio siglo, lo que afect\u00f3 la producci\u00f3n  hidroel\u00e9ctrica.<br \/>&#13;<br \/>\n<br \/>&#13;<br \/>\n\u00abLa nieve seguir\u00e1 cayendo con  fuerza durante los pr\u00f3ximos tres d\u00edas\u00bb, seg\u00fan la Asociaci\u00f3n China de Meteorolog\u00eda.<br \/>&#13;<br \/>\n<br \/>&#13;<br \/>\n\u00abTodo el pa\u00eds se ha movilizado  para resolver la emergencia. En la ciudad de Nanjing, 250 mil personas fueron  destinadas a la limpieza de la nieve de las calles.\u00bb<br \/>&#13;<br \/>\n<br \/>&#13;<br \/>\nDichos cables hablan de \u00ab460 mil  soldados del Ej\u00e9rcito Popular de Liberaci\u00f3n, desplegados en las provincias  chinas para ayudar a millones de personas a la intemperie afectadas por el peor  fr\u00edo de los \u00faltimos tiempos, y un mill\u00f3n de agentes de autoridad para ayudar a  restablecer el tr\u00e1nsito y los servicios. <br \/>&#13;<br \/>\n<br \/>&#13;<br \/>\n\u00abEl Ministerio de Sanidad envi\u00f3  15 000 m\u00e9dicos para asistir a los damnificados. <br \/>&#13;<br \/>\n<br \/>&#13;<br \/>\n\u00abEl primer ministro Wen Jiabao se  dirigi\u00f3 en la ciudad de Cant\u00f3n a una multitud de viajeros cuyos trenes se  vieron paralizados. <br \/>&#13;<br \/>\n<br \/>&#13;<br \/>\n\u00abSe calculan m\u00e1s de 80 millones  de afectados. Los da\u00f1os ocasionados a la agricultura y la producci\u00f3n de  alimentos se analizan.\u00bb<br \/>&#13;<br \/>\n<br \/>&#13;<br \/>\nLa BBC Mundo expresa: \u00abEl  gobierno de China inform\u00f3 que una severa sequ\u00eda provoc\u00f3 que el nivel de agua en  una parte del r\u00edo m\u00e1s grande del pa\u00eds, el Yangtz\u00e9, cayera a su nivel m\u00e1s bajo  desde que se iniciaran sus registros hace 142 a\u00f1os.<br \/>&#13;<br \/>\n<br \/>&#13;<br \/>\n\u00abEn la ciudad portuaria de  Hankou, en el centro del pa\u00eds, los niveles de agua disminuyeron a 13,98 m a  principios de enero, lo cual no se hab\u00eda registrado desde 1866, indic\u00f3 citando  medios locales.\u00bb<br \/>&#13;<br \/>\n<br \/>&#13;<br \/>\nEn Viet Nam la ola fr\u00eda se acercaba a  su territorio con temperaturas inusualmente bajas.<br \/>&#13;<br \/>\n<br \/>&#13;<br \/>\nTales noticias dan idea de lo que  puede significar el cambio clim\u00e1tico que tanto preocupa a los cient\u00edficos. En  ambos ejemplos que he citado se trata de pa\u00edses revolucionarios, perfectamente  organizados, con gran fuerza econ\u00f3mica y humana, donde todos los recursos se  ponen de inmediato al servicio del pueblo. No se trata de masas hambrientas  abandonadas a su suerte.<br \/>&#13;<br \/>\n<br \/>&#13;<br \/>\nPor otro lado, un cable de la agencia  Reuters, del 29 de enero, informa que \u00ab\u2018Francia prev\u00e9 modificar su  pol\u00edtica de consumo de biocombustibles, debido a las dudas respecto al impacto  de los llamados \u2018combustibles verdes\u2019 sobre el medio ambiente\u2019, inform\u00f3 el  martes la Secretaria de Estado para el medio ambiente.<br \/>&#13;<br \/>\n<br \/>&#13;<br \/>\n\u00abFrancia se ha convertido en uno  de los mayores productores de biocombustibles de Europa, luego que estableci\u00f3  una pol\u00edtica ambigua que anticipa en dos a\u00f1os el objetivo de la Uni\u00f3n Europea  de mezclar biocombustibles con combustibles est\u00e1ndar.<br \/>&#13;<br \/>\n<br \/>&#13;<br \/>\n\u00abPara alcanzar sus objetivos de  mezcla de combustibles\u00bc Francia estableci\u00f3 un sistema  de cuotas que se benefician de los reducidos aranceles, a fin de hacerlos  competitivos respecto a los combustibles est\u00e1ndar.<br \/>&#13;<br \/>\n<br \/>&#13;<br \/>\n\u00abLa pol\u00edtica alent\u00f3 a muchas  compa\u00f1\u00edas a invertir en el sector, construyendo plantas de etanol y biodi\u00e9sel a  lo largo del pa\u00eds.\u00bb<br \/>&#13;<br \/>\n<br \/>&#13;<br \/>\nTodo lo que acabo de exponer, que  aunque previsto conceptualmente constituye una suma de elementos nuevos reci\u00e9n  acaecidos, en tales circunstancias demandar\u00e1n seguramente de Brasil, no  afectado afortunadamente en este instante por grandes calamidades clim\u00e1ticas,  pasos importantes en su pol\u00edtica comercial y de inversi\u00f3n. En lo inmediato, su  peso internacional se eleva.<br \/>&#13;<br \/>\n<br \/>&#13;<br \/>\nEs evidente que un n\u00famero de factores  complican la situaci\u00f3n del planeta. Se pueden enumerar varios:<br \/>&#13;<br \/>\n<br \/>&#13;<br \/>\n1.Crecimiento del consumo de petr\u00f3leo,  un producto no renovable y contaminante, por derroche de las sociedades de  consumo.<br \/>&#13;<br \/>\n<br \/>&#13;<br \/>\n2.Escasez de alimentos por variadas  causas, entre ellas el crecimiento exponencial de la poblaci\u00f3n humana y de los  animales que convierten los granos directamente en prote\u00ednas de creciente  demanda.<br \/>&#13;<br \/>\n<br \/>&#13;<br \/>\n3.Sobreexplotaci\u00f3n de los mares y  contaminaci\u00f3n de sus especies por desechos qu\u00edmicos de la industria  incompatibles con la vida.<br \/>&#13;<br \/>\n<br \/>&#13;<br \/>\n  4.La idea macabra de convertir los  alimentos en combustibles para el ocio y el lujo.<br \/>&#13;<br \/>\n  <br \/>&#13;<br \/>\n  5.Incapacidad del sistema econ\u00f3mico  dominante para el uso racional y eficiente de la ciencia y la t\u00e9cnica en la  lucha contra plagas y enfermedades que agreden a la vida humana, los animales y  los cultivos que la sostienen. La biotecnolog\u00eda transforma los genes y las  transnacionales producen y emplean sus productos, maximizando las ganancias a  trav\u00e9s de la publicidad, sin seguridad para los que los consumen ni acceso para  los que m\u00e1s los necesitan. Entre esos productos, las nov\u00edsimas mol\u00e9culas  nanotecnol\u00f3gicas \u2014el t\u00e9rmino es relativamente nuevo\u2014 que se abren paso  desordenadamente por las mismas v\u00edas.<br \/>&#13;<br \/>\n  <br \/>&#13;<br \/>\n  6.La necesidad de planes racionales de  crecimiento familiar y de la sociedad en su conjunto ajenos a pretensiones  hegem\u00f3nicas y de poder.<br \/>&#13;<br \/>\n  <br \/>&#13;<br \/>\n  7.La ausencia casi general de  educaci\u00f3n en temas que son decisivos para la vida, incluso en las naciones con  niveles de escolaridad m\u00e1s altos.<br \/>&#13;<br \/>\n  <br \/>&#13;<br \/>\n  8.Los riesgos reales que se derivan de  las armas de exterminio masivo en manos de irresponsables, lo que el ya citado  The New York Times, uno de los \u00f3rganos m\u00e1s influyentes de Estados Unidos,  calific\u00f3 de peligros horripilantes.<br \/>&#13;<br \/>\n  <br \/>&#13;<br \/>\n\u00bfHay remedios para estos peligros? S\u00ed:  conocerlos y asumirlos. \u00bfC\u00f3mo? Ser\u00edan respuestas puramente te\u00f3ricas. H\u00e1ganselas  por s\u00ed mismos los propios lectores, especialmente los y las m\u00e1s j\u00f3venes, como  suele decirse \u00faltimamente para no parecer discriminador de las mujeres. No  esperen a ser primero Jefes de Estado.<br \/>&#13;<br \/>\n<br \/>&#13;<br \/>\n\u00bfTen\u00eda o no temas que conversar con  Lula? Era imposible contarle todo. Por esta v\u00eda es m\u00e1s f\u00e1cil comentarle las  noticias que llegaron despu\u00e9s.<br \/>&#13;<br \/>\n<br \/>&#13;<br \/>\nLe record\u00e9 que trataba de recuperarme  de dos accidentes: el de Villa Clara y la enfermedad que sobrevino despu\u00e9s de  mi \u00faltimo viaje a la Argentina. <br \/>&#13;<br \/>\n<br \/>&#13;<br \/>\nCasi al final me dijo: \u00abEst\u00e1  invitado para ir a Brasil este a\u00f1o\u00bb. Gracias, le respond\u00ed, por lo menos  con el pensamiento estar\u00e9 all\u00ed.<br \/>&#13;<br \/>\n<br \/>&#13;<br \/>\nPor \u00faltimo me dijo: Les contar\u00e9, a los  compa\u00f1eros y amigos que usted tiene en Brasil, que est\u00e1 muy bien.<br \/>&#13;<br \/>\n<br \/>&#13;<br \/>\nCaminamos juntos hasta la salida.  Vali\u00f3 realmente la pena el encuentro.<br \/>&#13;<br \/>\n<br \/>&#13;<br \/>\n  <strong>Fidel Castro Ruz<br \/>&#13;<br \/>\n    Enero 31 de 2008<br \/>&#13;<br \/>\n    Hora: 6:32 p.m.<\/strong> <br \/>&#13;<br \/>\n    <strong><a href=\"http:\/\/www.granma.cubaweb.cu\/secciones\/reflexiones\/esp-072.html\">Lula<\/a> <br \/>&#13;<br \/>\n    (Primera Parte)<br \/>&#13;<br \/>\n    <a href=\"http:\/\/www.granma.cubaweb.cu\/secciones\/reflexiones\/esp-074.html\">Lula <\/a><br \/>&#13;<br \/>\n    (Segunda Parte)<br \/>&#13;<br \/>\n    <a href=\"http:\/\/www.granma.cubaweb.cu\/secciones\/reflexiones\/esp-075.html\">Lula <\/a><br \/>&#13;<br \/>\n(Tercera Parte)<\/strong><\/span><\/p>\n<p>&#13;<\/p>\n<h6> 2008-02-01 21:10:20 <\/h6>\n<p><!--\n<link rel=\"stylesheet\" href=\"css\/bootstrap.min.css\">\n\n\n<ul class=\"pagination\">\n\t    \n\t\n\n<li >\n\t<a href='?page_no=12291'>Previous<\/a>\n\t<\/li>\n\n\n       \n    \n\n<li><a href='?page_no=1'>1<\/a><\/li>\n\n\n\n<li><a href='?page_no=2'>2<\/a><\/li>\n\n\n\n<li><a>...<\/a><\/li>\n\n\n\n<li><a href='?page_no=12290'>12290<\/a><\/li>\n\n\n\n<li><a href='?page_no=12291'>12291<\/a><\/li>\n\n\n\n<li class='active'><a>12292<\/a><\/li>\n\n\n\n<li><a href='?page_no=12293'>12293<\/a><\/li>\n\n\n\n<li><a href='?page_no=12294'>12294<\/a><\/li>\n\n\n\n<li><a>...<\/a><\/li>\n\n\n\n<li><a href='?page_no=13611'>13611<\/a><\/li>\n\n\n\n<li><a href='?page_no=13612'>13612<\/a><\/li>\n\n    \n\t\n\n<li >\n\t<a href='?page_no=12293'>Next<\/a>\n\t<\/li>\n\n\n    \n\n<li><a href='?page_no=13612'>Last &rsaquo;&rsaquo;<\/a><\/li>\n\n<\/ul>\n\n\n--><br \/>\n<\/body><\/p>\n","protected":false},"excerpt":{"rendered":"<p>Reflexiones del Comandante en Jefe &#13; &#13; Lula &#13; &#13; (Cuarta y \u00faltima parte) &#13; &#13; No quiero abusar de la paciencia de los lectores, ni de la excepcional oportunidad que me ofreci\u00f3 Lula de intercambiar ideas al encontrarse conmigo. Por ello, afirmo que es la cuarta y \u00faltima sobre su visita.&#13; &#13; Cuando habl\u00e9 [&hellip;]<\/p>\n","protected":false},"author":3,"featured_media":0,"comment_status":"open","ping_status":"open","sticky":false,"template":"","format":"standard","meta":{"footnotes":""},"categories":[16],"tags":[],"class_list":["post-36428","post","type-post","status-publish","format-standard","hentry","category-opiniones"],"_links":{"self":[{"href":"https:\/\/diariodominicano.com\/index.php?rest_route=\/wp\/v2\/posts\/36428","targetHints":{"allow":["GET"]}}],"collection":[{"href":"https:\/\/diariodominicano.com\/index.php?rest_route=\/wp\/v2\/posts"}],"about":[{"href":"https:\/\/diariodominicano.com\/index.php?rest_route=\/wp\/v2\/types\/post"}],"author":[{"embeddable":true,"href":"https:\/\/diariodominicano.com\/index.php?rest_route=\/wp\/v2\/users\/3"}],"replies":[{"embeddable":true,"href":"https:\/\/diariodominicano.com\/index.php?rest_route=%2Fwp%2Fv2%2Fcomments&post=36428"}],"version-history":[{"count":0,"href":"https:\/\/diariodominicano.com\/index.php?rest_route=\/wp\/v2\/posts\/36428\/revisions"}],"wp:attachment":[{"href":"https:\/\/diariodominicano.com\/index.php?rest_route=%2Fwp%2Fv2%2Fmedia&parent=36428"}],"wp:term":[{"taxonomy":"category","embeddable":true,"href":"https:\/\/diariodominicano.com\/index.php?rest_route=%2Fwp%2Fv2%2Fcategories&post=36428"},{"taxonomy":"post_tag","embeddable":true,"href":"https:\/\/diariodominicano.com\/index.php?rest_route=%2Fwp%2Fv2%2Ftags&post=36428"}],"curies":[{"name":"wp","href":"https:\/\/api.w.org\/{rel}","templated":true}]}}