{"id":36427,"date":"2008-02-02T01:27:01","date_gmt":"2008-02-02T01:27:01","guid":{"rendered":"http:\/\/diariodominicano.ddns.net\/?p=36427"},"modified":"2008-02-02T01:27:01","modified_gmt":"2008-02-02T01:27:01","slug":"el-lider-politico-y-las-elecciones","status":"publish","type":"post","link":"https:\/\/diariodominicano.com\/?p=36427","title":{"rendered":"El L\u00edder Pol\u00edtico y las Elecciones"},"content":{"rendered":"<p><body><\/p>\n<p class=\"titulogrande1\"><strong>El L\u00edder  Pol\u00edtico y las Elecciones\u00a0 <\/strong><\/p>\n<p>&#13;<\/p>\n<p align=\"justify\" class=\"text1noticias\">El l\u00edder  pol\u00edtico debe estar consciente\u00a0 de que  todos los que participan en la actividad pol\u00edtica lo hacen porque aspiran a participar  en el poder o influir en la distribuci\u00f3n de \u00e9ste\u00a0 entre los diferentes grupos humanos que  conforman la sociedad.<\/p>\n<p>&#13;<\/p>\n<p align=\"justify\" class=\"text1noticias\">Dentro de los  diferentes grupos humanos que apoyan al l\u00edder \u00e9ste debe distinguir entre los  que son sus aliados permanentes y quienes son aliados condicionados, o  coyunturales, los primeros deben ser retribuidos, sea en el partido o sea en el  gobierno, ya que la pol\u00edtica es una actividad de personas interesadas, por la  naturaleza misma de sus tareas. En la actualidad en los partidos pol\u00edticos se  pone en pr\u00e1ctica la divisi\u00f3n social del trabajo, en donde los profesionales y  t\u00e9cnicos hacen sus aportes a las organizaciones pol\u00edticas de acuerdo a su  especialidad y de acuerdo a su capacidad. Las instituciones pol\u00edticas en la  actualidad deben ser vista como empresas de car\u00e1cter colectivo, donde sus  miembros m\u00e1s destacados deben ser vistos como los principales miembros y  accionistas, que se diferencian de una empresa meramente comercial en que en  la actividad pol\u00edtica el servicio a la  gente debe ser lo principal y lo econ\u00f3mico debe ser lo secundario En la  actividad pol\u00edtica el individuo no debe tener un inter\u00e9s econ\u00f3mico tan marcado  y tan determinante como en las empresas comerciales y de servicios.. En las  empresas comerciales, en cambio, el fin \u00faltimo y primero es la obtenci\u00f3n de  beneficios econ\u00f3micos, sobre todas las cosas.<\/p>\n<p>&#13;<\/p>\n<p align=\"justify\" class=\"text1noticias\">El l\u00edder no  debe perder de vista que hay personas que viven de la pol\u00edtica, estos son la  mayor\u00eda de los que participan de la actividad de los partidos y otros que viven  para la pol\u00edtica, estos son los que tienen recursos econ\u00f3micos y pueden  participar en la actividad pol\u00edtica\u00a0 sin  buscar beneficios inmediatos, estos son la minor\u00eda en cualquier sociedad.\u00a0\u00a0\u00a0\u00a0\u00a0 <\/p>\n<p>&#13;<\/p>\n<p align=\"justify\" class=\"text1noticias\">En cuanto a  los aliados condicionados que siguen a un l\u00edder estos viven de la pol\u00edtica\u00a0 y el l\u00edder no debe prescindir de ellos porque  al constituir una mayor\u00eda, tanto en el partido como en el seno de la sociedad,  el l\u00edder que renunciara a su apoyo no tiene posibilidad de acceder al poder del  Estado.\u00a0\u00a0\u00a0\u00a0 <\/p>\n<p>&#13;<\/p>\n<p align=\"justify\" class=\"text1noticias\">Quien  participa de la actividad pol\u00edtica aspira al disfrute del poder para gozar del  sentimiento de prestigio que \u00e9ste da a quien lo detenta, por eso el l\u00edder  pol\u00edtico debe tener presente que los intereses en torno a la distribuci\u00f3n del  poder\u00a0 o para su conservaci\u00f3n est\u00e1n  ligados, de manera directa, a la mayor\u00eda\u00a0  poblacional que s\u00f3lo apoya al l\u00edder si se da ese condicionamiento a que  aspira esa mayor\u00eda de la gente. <\/p>\n<p>&#13;<\/p>\n<p align=\"justify\" class=\"text1noticias\">El l\u00edder debe  tener presente el sentido de la importancia que reviste conocer a quienes viven  de la pol\u00edtica. En el caso del grupo que disfruta del poder hace de la  actividad pol\u00edtica algo interno y gozan con la posesi\u00f3n de \u00e9ste, ya que el  poder alimenta su equilibrio interno y su autoestima, porque saben que a trav\u00e9s  del mismo pueden darle sentido econ\u00f3mico a su vida, y en esa misma medida  pueden servir, si esa es su intenci\u00f3n, a su causa pol\u00edtica, mediante el  servicio a la gente.\u00a0\u00a0\u00a0 <br \/>&#13;<br \/>\n\u00a0\u00a0\u00a0\u00a0\u00a0\u00a0\u00a0\u00a0\u00a0\u00a0\u00a0\u00a0\u00a0\u00a0\u00a0\u00a0\u00a0\u00a0\u00a0\u00a0\u00a0\u00a0\u00a0\u00a0\u00a0\u00a0\u00a0\u00a0\u00a0\u00a0\u00a0\u00a0\u00a0\u00a0\u00a0\u00a0\u00a0\u00a0\u00a0\u00a0\u00a0\u00a0\u00a0\u00a0\u00a0\u00a0\u00a0\u00a0\u00a0\u00a0\u00a0\u00a0\u00a0\u00a0\u00a0\u00a0\u00a0\u00a0\u00a0\u00a0\u00a0\u00a0\u00a0\u00a0\u00a0\u00a0\u00a0\u00a0\u00a0\u00a0\u00a0\u00a0\u00a0\u00a0\u00a0\u00a0\u00a0\u00a0\u00a0\u00a0\u00a0\u00a0\u00a0\u00a0\u00a0\u00a0\u00a0\u00a0\u00a0\u00a0\u00a0\u00a0\u00a0\u00a0\u00a0\u00a0\u00a0\u00a0\u00a0\u00a0\u00a0\u00a0\u00a0<br \/>&#13;<br \/>\nEl l\u00edder debe  tener pleno consciencia de que quienes viven de la pol\u00edtica como profesi\u00f3n, o  sea aquellos que aspiran a hacer de \u00e9sta una fuente permanente de ingresos son  la parte cuantitativamente m\u00e1s importante de la sociedad, ya que tanto como  votantes para elegir gobiernos o como generadores de riquezas determinan la  permanencia o no del l\u00edder\u00a0 frente al  Estado. Los grupos y sectores que viven\u00a0  de y para la pol\u00edtica tienen incidencia tanto en\u00a0 el sector p\u00fablico como en el privado. Todo  l\u00edder que pierde de vista esta realidad va disminuyendo su posibilidad de  avanzar hacia el poder del Estado.\u00a0\u00a0\u00a0\u00a0\u00a0\u00a0\u00a0\u00a0\u00a0\u00a0\u00a0\u00a0 <\/p>\n<p>&#13;<\/p>\n<p align=\"justify\" class=\"text1noticias\">Todo l\u00edder pol\u00edtico  que preside un partido, donde el sistema electoral promueve elecciones  peri\u00f3dicas de sus gobernantes, debe siempre visualizar que la actividad  pol\u00edtica es una tarea de un grupo de personas\u00a0  interesadas en la participaci\u00f3n del poder pol\u00edtico, ya que buscan una  retribuci\u00f3n del l\u00edder, una vez \u00e9ste llegue al gobierno.<\/p>\n<p>&#13;<\/p>\n<p align=\"justify\" class=\"text1noticias\">El l\u00edder  pol\u00edtico debe estar plenamente consciente de que la imagen que \u00e9l debe  proyectar es la de servicio a toda la sociedad una vez se alcance el gobierno,  pero sin perder de vista la realidad del poder en el sentido de que\u00a0 \u00e9ste est\u00e1 en manos de quienes trabajan dentro  de la organizaci\u00f3n, de forma continua\u00a0 o  de quienes depende el partido para su existencia y funcionamiento en el aspecto  econ\u00f3mico.\u00a0 En este orden,\u00a0 los seguidores, los dirigentes y los  empresarios que apoyan a una organizaci\u00f3n pol\u00edtica esperan que la victoria del  l\u00edder\u00a0 se traduzca en retribuci\u00f3n  personal, la mayor\u00eda de las veces esa retribuci\u00f3n\u00a0 se expresa en cargos p\u00fablicos y otras  ventajas.<br \/>&#13;<br \/>\n\u00a0\u00a0\u00a0\u00a0\u00a0\u00a0\u00a0\u00a0\u00a0\u00a0\u00a0\u00a0\u00a0\u00a0\u00a0\u00a0\u00a0\u00a0\u00a0 \u00a0\u00a0\u00a0\u00a0\u00a0\u00a0\u00a0\u00a0\u00a0\u00a0\u00a0\u00a0\u00a0\u00a0\u00a0\u00a0\u00a0\u00a0\u00a0\u00a0\u00a0\u00a0\u00a0\u00a0\u00a0\u00a0\u00a0\u00a0\u00a0\u00a0\u00a0\u00a0\u00a0\u00a0\u00a0\u00a0\u00a0\u00a0\u00a0\u00a0\u00a0\u00a0\u00a0\u00a0\u00a0\u00a0\u00a0\u00a0\u00a0\u00a0\u00a0\u00a0\u00a0\u00a0\u00a0\u00a0\u00a0\u00a0\u00a0\u00a0\u00a0\u00a0\u00a0\u00a0\u00a0\u00a0\u00a0\u00a0\u00a0\u00a0\u00a0\u00a0\u00a0\u00a0\u00a0\u00a0\u00a0\u00a0\u00a0\u00a0\u00a0\u00a0\u00a0<br \/>&#13;<br \/>\nLos  seguidores de un l\u00edder pol\u00edtico casi siempre buscan que el efecto demag\u00f3gico,  es decir los discursos y las promesas de campa\u00f1as, mediante la presencia y  personalidad del l\u00edder, en el escenario pol\u00edtico electoral, vaya ganando  espacio y ampliando las posibilidades\u00a0 de  sus seguidores, como\u00a0 forma de encontrar  para ellos mismos, la esperada retribuci\u00f3n una vez se llegue al gobierno.<\/p>\n<p>&#13;<\/p>\n<p align=\"justify\" class=\"text1noticias\">Los  dirigentes de los partidos pol\u00edticos, a trav\u00e9s de la historia, se han sometido  con relativa facilidad a un l\u00edder que actu\u00e9 con fuertes rasgos demag\u00f3gicos,  sobre todo en los pa\u00edses pobres. <br \/>&#13;<br \/>\n  <br \/>&#13;<br \/>\nSus interese materiales e ideales est\u00e1n  \u00edntimamente ligados al \u00e9xito del poder\u00a0  del partido, que los dirigentes esperan que se logre a trav\u00e9s del l\u00edder  partidario.<\/p>\n<p>&#13;<\/p>\n<p align=\"justify\" class=\"text1noticias\">En el caso de los pa\u00edses pobres \u00a0de Latinoam\u00e9rica los rasgos demag\u00f3gicos de  cualquier dirigente pol\u00edtico son un caldo de cultivo para que ese liderazgo  temporal, que se ostenta, vaya poco a poco, disminuyendo su incidencia social y  pol\u00edtica en el aprecio de la gente, porque estos pa\u00edses, producto de sus luchas  hist\u00f3ricas han ido desarrollando una \u00a0conciencia pol\u00edtica\u00a0 que le permite diferenciar al l\u00edder autentico  del demagogo profesional y consuetudinario. Eso explica, porqu\u00e9 muchos pa\u00edses  latinoamericanos han ido dando un giro que rechaza los partidos tradicionales  en el poder y por el contrario ha venido aupando gobiernos \u00a0y lideres de tendencias socialistas, como ha  venido ocurriendo en Venezuela, Ecuador, Uruguay, entre otros.<\/p>\n<p>&#13;<\/p>\n<p align=\"justify\" class=\"text1noticias\"><strong>Evelio  Arroyo es Soci\u00f3logo, Abogado y Escritor. Estos temas se publican de su libro  \u201cLideres y Liderazgos\u201d<\/strong><\/p>\n<p>&#13;<\/p>\n<h6> 2008-02-02 01:27:01 <\/h6>\n<p><!--\n<link rel=\"stylesheet\" href=\"css\/bootstrap.min.css\">\n\n\n<ul class=\"pagination\">\n\t    \n\t\n\n<li >\n\t<a href='?page_no=12290'>Previous<\/a>\n\t<\/li>\n\n\n       \n    \n\n<li><a href='?page_no=1'>1<\/a><\/li>\n\n\n\n<li><a href='?page_no=2'>2<\/a><\/li>\n\n\n\n<li><a>...<\/a><\/li>\n\n\n\n<li><a href='?page_no=12289'>12289<\/a><\/li>\n\n\n\n<li><a href='?page_no=12290'>12290<\/a><\/li>\n\n\n\n<li class='active'><a>12291<\/a><\/li>\n\n\n\n<li><a href='?page_no=12292'>12292<\/a><\/li>\n\n\n\n<li><a href='?page_no=12293'>12293<\/a><\/li>\n\n\n\n<li><a>...<\/a><\/li>\n\n\n\n<li><a href='?page_no=13611'>13611<\/a><\/li>\n\n\n\n<li><a href='?page_no=13612'>13612<\/a><\/li>\n\n    \n\t\n\n<li >\n\t<a href='?page_no=12292'>Next<\/a>\n\t<\/li>\n\n\n    \n\n<li><a href='?page_no=13612'>Last &rsaquo;&rsaquo;<\/a><\/li>\n\n<\/ul>\n\n\n--><br \/>\n<\/body><\/p>\n","protected":false},"excerpt":{"rendered":"<p>El L\u00edder Pol\u00edtico y las Elecciones\u00a0 &#13; El l\u00edder pol\u00edtico debe estar consciente\u00a0 de que todos los que participan en la actividad pol\u00edtica lo hacen porque aspiran a participar en el poder o influir en la distribuci\u00f3n de \u00e9ste\u00a0 entre los diferentes grupos humanos que conforman la sociedad. &#13; Dentro de los diferentes grupos humanos [&hellip;]<\/p>\n","protected":false},"author":3,"featured_media":0,"comment_status":"open","ping_status":"open","sticky":false,"template":"","format":"standard","meta":{"footnotes":""},"categories":[16],"tags":[],"class_list":["post-36427","post","type-post","status-publish","format-standard","hentry","category-opiniones"],"_links":{"self":[{"href":"https:\/\/diariodominicano.com\/index.php?rest_route=\/wp\/v2\/posts\/36427","targetHints":{"allow":["GET"]}}],"collection":[{"href":"https:\/\/diariodominicano.com\/index.php?rest_route=\/wp\/v2\/posts"}],"about":[{"href":"https:\/\/diariodominicano.com\/index.php?rest_route=\/wp\/v2\/types\/post"}],"author":[{"embeddable":true,"href":"https:\/\/diariodominicano.com\/index.php?rest_route=\/wp\/v2\/users\/3"}],"replies":[{"embeddable":true,"href":"https:\/\/diariodominicano.com\/index.php?rest_route=%2Fwp%2Fv2%2Fcomments&post=36427"}],"version-history":[{"count":0,"href":"https:\/\/diariodominicano.com\/index.php?rest_route=\/wp\/v2\/posts\/36427\/revisions"}],"wp:attachment":[{"href":"https:\/\/diariodominicano.com\/index.php?rest_route=%2Fwp%2Fv2%2Fmedia&parent=36427"}],"wp:term":[{"taxonomy":"category","embeddable":true,"href":"https:\/\/diariodominicano.com\/index.php?rest_route=%2Fwp%2Fv2%2Fcategories&post=36427"},{"taxonomy":"post_tag","embeddable":true,"href":"https:\/\/diariodominicano.com\/index.php?rest_route=%2Fwp%2Fv2%2Ftags&post=36427"}],"curies":[{"name":"wp","href":"https:\/\/api.w.org\/{rel}","templated":true}]}}