{"id":36424,"date":"2008-02-03T23:25:09","date_gmt":"2008-02-03T23:25:09","guid":{"rendered":"http:\/\/diariodominicano.ddns.net\/?p=36424"},"modified":"2008-02-03T23:25:09","modified_gmt":"2008-02-03T23:25:09","slug":"condolencia-de-narciso-isa-conde-por-la-muerte-del-camarada-volodia-teitelboin","status":"publish","type":"post","link":"https:\/\/diariodominicano.com\/?p=36424","title":{"rendered":"Condolencia de Narciso Isa Conde por la muerte del camarada Volodia Teitelboin"},"content":{"rendered":"<p><body><\/p>\n<p align=\"justify\" class=\"titulogrande1\">Condolencia de Narciso Isa Conde por la muerte del camarada Volodia  Teitelboin<\/p>\n<p>&#13;<\/p>\n<p align=\"justify\" class=\"text1noticias\">Camaradas  del PC Chileno, herman@s queridos(as):<\/p>\n<p>&#13;<\/p>\n<p align=\"justify\" class=\"text1noticias\">Ha muerto f\u00edsicamente  Volodia Teitelboin,\u00a0uno de los seres m\u00e1s admirable de nuestro movimiento  comunista. Un intelectual capaz de hablar y escribir\u00a0en hermosa\u00a0prosa  po\u00e9tica sobre\u00a0los temas m\u00e1s profundos y m\u00e1s sencillos de\u00a0de la vida y  de la lucha emancipadora. Capaz de deslumbrar con su modesta sabidur\u00eda, capaz  de amar como nadie a la humanidad y de combatir a sus verdugos de todos los  tiempos, capaz de la mayor ternura y del mayor sacrificio por la causa de la  redenci\u00f3n de l@s oprimid@s. <\/p>\n<p>&#13;<\/p>\n<p align=\"justify\" class=\"text1noticias\">Firme y flexible en lo que  hab\u00eda que serlo. Apaciblemente rebelde\u00a0e innovador. Persistente, siempre  refrescante, solidario\u00a0y cari\u00f1oso. <\/p>\n<p>&#13;<\/p>\n<p align=\"justify\" class=\"text1noticias\">El camarada Volodia  desapareci\u00f3\u00a0hoy de los quehaceres de\u00a0esta vida\u00a0terrenal, no  as\u00ed\u00a0de nuestros corazones y mentes; dej\u00f3 as\u00ed de existir  biol\u00f3gicamente\u00a0un camarada y un amigo\u00a0entra\u00f1able, un militante  comunista ejemplar,\u00a0un\u00a0fecundo pensador marxista\u00a0y un narrador  de fina pluma y de excepcional creatividad en la pol\u00edtica revolucionaria y en  la literatura de punta. <br \/>&#13;<br \/>\n  <br \/>&#13;<br \/>\nPero su recuerdo, su esp\u00edritu indomable y renovador, su  aporte inconmensurable a la\u00a0liberaci\u00f3n de la humanidad, jam\u00e1s habr\u00e1n de  ausentarse.\u00a0<\/p>\n<p>&#13;<\/p>\n<p align=\"justify\" class=\"text1noticias\">Porque su obra y su ejemplo  habr\u00e1n de\u00a0trascender su propia\u00a0\u00e9poca y su vida f\u00edsica, Volodia es  tambien, como Neruda y Allende, de los muertos que no nunca mueren, de los  seres que se quedan en el coraz\u00f3n de los pueblos, de sus camaradas y amig@s.<\/p>\n<p>&#13;<\/p>\n<p align=\"justify\"><span class=\"text1noticias\">Reciban a mi nombre, que lo  quise tanto, y de tod@s l@s comunistas y caama\u00f1istas\u00a0dominican@s, de nuestro proyecto  de Nueva Izquierda-C\u00edrculos\u00a0Caama\u00f1istas, de la Coordinadora Continental  Bolivariana (CCB),\u00a0que junto a otr@s valios@s luchadores(as) presido,  nuestras sentida condolencia,\u00a0unida inseparablemente\u00a0al orgullo de  haber tenido de hermano en la lucha por la libertad y el socialismo,\u00a0a  un\u00a0combatiente y a un intelectual de tal calibre.\u00a1RECONOCIMIENTO ETERNO AL  CAMARADA TEITELBOIN! \u00a1HASTA LA VICTORIA SIEMPRE!<br \/>&#13;<br \/>\n\u00a0\u00a0\u00a0\u00a0\u00a0\u00a0\u00a0\u00a0\u00a0\u00a0\u00a0\u00a0\u00a0\u00a0\u00a0\u00a0\u00a0\u00a0\u00a0\u00a0\u00a0\u00a0\u00a0\u00a0\u00a0\u00a0\u00a0\u00a0\u00a0\u00a0\u00a0\u00a0\u00a0\u00a0\u00a0\u00a0\u00a0\u00a0\u00a0\u00a0\u00a0\u00a0\u00a0\u00a0\u00a0\u00a0\u00a0\u00a0\u00a0\u00a0\u00a0\u00a0\u00a0\u00a0\u00a0\u00a0\u00a0\u00a0\u00a0\u00a0\u00a0\u00a0\u00a0\u00a0\u00a0\u00a0\u00a0\u00a0\u00a0\u00a0\u00a0<\/span><br \/>&#13;<br \/>\n  <strong class=\"textogrande\">Narciso Isa Conde<\/strong><br \/>&#13;<br \/>\n  Rep\u00fablica Dominicana<br \/>&#13;\n<\/p>\n<p>&#13;<\/p>\n<h6> 2008-02-03 23:25:09 <\/h6>\n<p><!--\n<link rel=\"stylesheet\" href=\"css\/bootstrap.min.css\">\n\n\n<ul class=\"pagination\">\n\t    \n\t\n\n<li >\n\t<a href='?page_no=12288'>Previous<\/a>\n\t<\/li>\n\n\n       \n    \n\n<li><a href='?page_no=1'>1<\/a><\/li>\n\n\n\n<li><a href='?page_no=2'>2<\/a><\/li>\n\n\n\n<li><a>...<\/a><\/li>\n\n\n\n<li><a href='?page_no=12287'>12287<\/a><\/li>\n\n\n\n<li><a href='?page_no=12288'>12288<\/a><\/li>\n\n\n\n<li class='active'><a>12289<\/a><\/li>\n\n\n\n<li><a href='?page_no=12290'>12290<\/a><\/li>\n\n\n\n<li><a href='?page_no=12291'>12291<\/a><\/li>\n\n\n\n<li><a>...<\/a><\/li>\n\n\n\n<li><a href='?page_no=13611'>13611<\/a><\/li>\n\n\n\n<li><a href='?page_no=13612'>13612<\/a><\/li>\n\n    \n\t\n\n<li >\n\t<a href='?page_no=12290'>Next<\/a>\n\t<\/li>\n\n\n    \n\n<li><a href='?page_no=13612'>Last &rsaquo;&rsaquo;<\/a><\/li>\n\n<\/ul>\n\n\n--><br \/>\n<\/body><\/p>\n","protected":false},"excerpt":{"rendered":"<p>Condolencia de Narciso Isa Conde por la muerte del camarada Volodia Teitelboin &#13; Camaradas del PC Chileno, herman@s queridos(as): &#13; Ha muerto f\u00edsicamente Volodia Teitelboin,\u00a0uno de los seres m\u00e1s admirable de nuestro movimiento comunista. Un intelectual capaz de hablar y escribir\u00a0en hermosa\u00a0prosa po\u00e9tica sobre\u00a0los temas m\u00e1s profundos y m\u00e1s sencillos de\u00a0de la vida y de [&hellip;]<\/p>\n","protected":false},"author":3,"featured_media":0,"comment_status":"open","ping_status":"open","sticky":false,"template":"","format":"standard","meta":{"footnotes":""},"categories":[16],"tags":[],"class_list":["post-36424","post","type-post","status-publish","format-standard","hentry","category-opiniones"],"_links":{"self":[{"href":"https:\/\/diariodominicano.com\/index.php?rest_route=\/wp\/v2\/posts\/36424","targetHints":{"allow":["GET"]}}],"collection":[{"href":"https:\/\/diariodominicano.com\/index.php?rest_route=\/wp\/v2\/posts"}],"about":[{"href":"https:\/\/diariodominicano.com\/index.php?rest_route=\/wp\/v2\/types\/post"}],"author":[{"embeddable":true,"href":"https:\/\/diariodominicano.com\/index.php?rest_route=\/wp\/v2\/users\/3"}],"replies":[{"embeddable":true,"href":"https:\/\/diariodominicano.com\/index.php?rest_route=%2Fwp%2Fv2%2Fcomments&post=36424"}],"version-history":[{"count":0,"href":"https:\/\/diariodominicano.com\/index.php?rest_route=\/wp\/v2\/posts\/36424\/revisions"}],"wp:attachment":[{"href":"https:\/\/diariodominicano.com\/index.php?rest_route=%2Fwp%2Fv2%2Fmedia&parent=36424"}],"wp:term":[{"taxonomy":"category","embeddable":true,"href":"https:\/\/diariodominicano.com\/index.php?rest_route=%2Fwp%2Fv2%2Fcategories&post=36424"},{"taxonomy":"post_tag","embeddable":true,"href":"https:\/\/diariodominicano.com\/index.php?rest_route=%2Fwp%2Fv2%2Ftags&post=36424"}],"curies":[{"name":"wp","href":"https:\/\/api.w.org\/{rel}","templated":true}]}}