{"id":36422,"date":"2008-02-04T17:02:39","date_gmt":"2008-02-04T17:02:39","guid":{"rendered":"http:\/\/diariodominicano.ddns.net\/?p=36422"},"modified":"2008-02-04T17:02:39","modified_gmt":"2008-02-04T17:02:39","slug":"el-lider-politico-las-reformas-y-la-globalizacion","status":"publish","type":"post","link":"https:\/\/diariodominicano.com\/?p=36422","title":{"rendered":"El L\u00edder Pol\u00edtico, las Reformas y la Globalizaci\u00f3n"},"content":{"rendered":"<p><body><\/p>\n<p class=\"titulogrande1\"><strong>El L\u00edder Pol\u00edtico, las Reformas y la Globalizaci\u00f3n <\/strong><\/p>\n<p>&#13;<\/p>\n<p align=\"justify\" class=\"text1noticias\">En estos tiempos de globalizaci\u00f3n y de ensanchamiento del  libre comercio el l\u00edder pol\u00edtico tiene que actuar con comedimiento, al momento  de introducir nuevas leyes y reformas\u00a0 en  el sistema econ\u00f3mico, fiscal y legal de la naci\u00f3n que est\u00e1 dirigiendo. El l\u00edder  debe gobernar con leyes justas y sabias, porque si las reformas y leyes que se  promulgan responden m\u00e1s a intereses for\u00e1neos\u00a0o responden a leyes que no se ajustan al sistema legal vigente, ni a la  cultura e instituciones que se quieren adoptar al interior del sistema  econ\u00f3mico del pa\u00eds en cuesti\u00f3n,\u00a0 de esa  forma se corre el riesgo de malograr el bienestar de la gente y por tanto el  desarrollo empresarial y productivo del pa\u00eds, en donde el l\u00edder est\u00e1 ejerciendo su liderazgo.\u00a0\u00a0\u00a0\u00a0\u00a0\u00a0\u00a0\u00a0\u00a0\u00a0\u00a0\u00a0\u00a0\u00a0\u00a0\u00a0\u00a0\u00a0\u00a0\u00a0\u00a0\u00a0\u00a0\u00a0\u00a0\u00a0\u00a0\u00a0\u00a0\u00a0\u00a0\u00a0\u00a0\u00a0\u00a0\u00a0\u00a0\u00a0\u00a0\u00a0\u00a0\u00a0\u00a0\u00a0\u00a0\u00a0\u00a0\u00a0\u00a0\u00a0\u00a0\u00a0\u00a0\u00a0\u00a0\u00a0\u00a0\u00a0\u00a0\u00a0\u00a0\u00a0\u00a0\u00a0\u00a0\u00a0\u00a0\u00a0\u00a0\u00a0\u00a0\u00a0\u00a0\u00a0\u00a0\u00a0\u00a0\u00a0\u00a0\u00a0\u00a0\u00a0\u00a0\u00a0\u00a0\u00a0\u00a0\u00a0\u00a0\u00a0\u00a0\u00a0\u00a0\u00a0\u00a0\u00a0\u00a0\u00a0\u00a0\u00a0\u00a0 <\/p>\n<p>&#13;<\/p>\n<p align=\"justify\" class=\"text1noticias\">El l\u00edder pol\u00edtico, de forma permanente, debe evaluar las  reformas que se producen en el exterior y estudiar, adem\u00e1s las caracter\u00edsticas  y aspiraciones\u00a0 de sus gentes, porque  ello le permitir\u00e1 proponer\u00a0 nuevas leyes  que se ajusten a la realidad de las instituciones p\u00fablicas de su pa\u00eds. <br \/>&#13;<br \/>\n  <br \/>&#13;<br \/>\nCuando  el l\u00edder se gu\u00eda con conocimientos plenos de las aspiraciones de su pueblo,  casi siempre las medidas,\u00a0 leyes e  instituciones que va desarrollando son eficaces ante los ojos de la gente. <\/p>\n<p>&#13;<\/p>\n<p align=\"justify\" class=\"text1noticias\"> Otro aspecto que el l\u00edder debe\u00a0 tener presente es el relacionado con la  renovaci\u00f3n del pa\u00eds. <br \/>&#13;<br \/>\n  <br \/>&#13;<br \/>\n  Cuando se est\u00e1 en la oposici\u00f3n, antes de llegar al poder,  el l\u00edder tendr\u00eda una percepci\u00f3n diferente de las cosas. Una vez \u00e9ste se  enfrente a las tareas de Estado descubrir\u00e1 que una cosa son sus aspiraciones y  fantas\u00edas\u00a0 como persona y otras muy  diferentes\u00a0 las realidades y  limitaciones\u00a0 con que el tendr\u00e1 que  luchar en el d\u00eda a d\u00eda cuando este dirigiendo el Estado y los interese que en  el convergen. Cuando el l\u00edder llega al gobierno es cuando comprende que una  cosa son las aspiraciones que se enarbolan en la oposici\u00f3n y otra muy diferente  la realidad que gobierna todos los intereses que confluyen en torno al  Estado.\u00a0\u00a0\u00a0\u00a0\u00a0\u00a0\u00a0\u00a0\u00a0\u00a0\u00a0\u00a0\u00a0\u00a0\u00a0 <br \/>&#13;<br \/>\n\u00a0\u00a0\u00a0\u00a0\u00a0\u00a0\u00a0\u00a0\u00a0\u00a0\u00a0\u00a0\u00a0\u00a0\u00a0\u00a0\u00a0\u00a0\u00a0\u00a0\u00a0\u00a0\u00a0\u00a0\u00a0\u00a0\u00a0\u00a0\u00a0\u00a0\u00a0\u00a0\u00a0\u00a0\u00a0\u00a0\u00a0\u00a0\u00a0\u00a0\u00a0\u00a0\u00a0\u00a0\u00a0\u00a0\u00a0\u00a0\u00a0\u00a0\u00a0\u00a0\u00a0\u00a0\u00a0\u00a0\u00a0\u00a0\u00a0\u00a0\u00a0\u00a0\u00a0\u00a0\u00a0\u00a0\u00a0\u00a0\u00a0\u00a0\u00a0\u00a0\u00a0\u00a0\u00a0\u00a0\u00a0\u00a0\u00a0\u00a0\u00a0\u00a0\u00a0\u00a0\u00a0\u00a0\u00a0\u00a0\u00a0\u00a0\u00a0\u00a0\u00a0\u00a0\u00a0\u00a0\u00a0\u00a0\u00a0\u00a0\u00a0\u00a0\u00a0\u00a0\u00a0\u00a0  \u00a0\u00a0\u00a0\u00a0\u00a0\u00a0\u00a0\u00a0\u00a0\u00a0<br \/>&#13;<br \/>\nEl l\u00edder debe  comprender que las instituciones, los h\u00e1bitos ,las costumbres y la cultura general de una sociedad\u00a0 se van conformando al\u00a0 paso del tiempo y de forma lenta y gradual,  En este aspecto el l\u00edder escuchara a muchos que\u00a0  exigen reformas y renovaci\u00f3n para modernizar la sociedad, sin embargo  \u00e9ste debe ser cauto, porque puede ocurrir que los mismos que propugnan por  renovaci\u00f3n y reformas, en el presente, piensen de forma diferente, en el  futuro, si esos cambios los afectaran, en el orden econ\u00f3mico.\u00a0 <\/p>\n<p>&#13;<\/p>\n<p align=\"justify\" class=\"text1noticias\">El l\u00edder pol\u00edtico que \u00a0busca cosas de utilidad para su naci\u00f3n debe  reconocer que lo que a la sociedad le ha costado a\u00f1os construir s\u00f3lo el tiempo  y la historia pueden\u00a0 ir reemplazandolo,  ya que con lo que ha construido el tiempo y la historia , s\u00f3lo el tiempo y la  historia pueden ir neg\u00e1ndolo: por eso como hombre cauto \u00e9ste debe ir reformando  algunas instituciones, pero sin precipitarse.\u00a0 <\/p>\n<p>&#13;<\/p>\n<p align=\"justify\" class=\"text1noticias\">En el presente, que vivimos tiempos de integraci\u00f3n, acuerdos  de libre comercio y de globalizaci\u00f3n, muchas instituciones p\u00fablicas\u00a0 han sido reformadas y en muchos casos  privatizadas.\u00a0 Los procesos de cambios y  de reformas en los pa\u00edses pobres deben ser visualizado por el l\u00edder o estadista  con reservas y cautela, ya que producto del desempleo que impera en los pa\u00edses  pobres, el Estado se convirti\u00f3, desde el punto de vista de su desarrollo  hist\u00f3rico, en \u00a0un proveedor de empleos  para muchos que siguen al l\u00edder pol\u00edtico o estadista.\u00a0 <br \/>&#13;<br \/>\n  <br \/>&#13;<br \/>\n  Cuando se manejan empresas estatales con criterios  administrativos y empresariales modernos se pueden conseguir est\u00e1ndares de  crecimientos y beneficios\u00a0 apropiados,  sin embargo producto de los criterios pol\u00edticos prevalecientes en el sentido de  que no se escoge a los empleados que van a trabajar a esas empresas por su  capacidad para desempe\u00f1ar una funci\u00f3n, si no por la adhesi\u00f3n a un determinado  l\u00edder pol\u00edtico, eso ha ido erosionando las empresas del Estado y su  rendimiento. Por eso vimos en el pasado que muchas de esas empresas estatales  fueron a la quiebra.<\/p>\n<p>&#13;<\/p>\n<p align=\"justify\" class=\"text1noticias\">Las reformas y el proceso de globalizaci\u00f3n que se ponen en  marcha desde el Estado\u00a0 deben ser vistas  y conocidas\u00a0 por el l\u00edder en sus efectos  y alcances en el interior de la econom\u00eda y la sociedad, ya que si no conocen  sus alcances las mismas pueden resultar negativas y eliminar importantes  empresas, que han sido esenciales para el empleo y la absorci\u00f3n de manos\u00a0 de obra desempleada.\u00a0\u00a0\u00a0\u00a0 <\/p>\n<p>&#13;<\/p>\n<p align=\"justify\" class=\"text1noticias\">El l\u00edder o estadista debe visualizar que las reformas y los  acuerdos de libre comercio puestos en marcha en el interior de las econom\u00edas nacionales\u00a0 de los pa\u00edses pobres y que se han sido  impuestos por las econom\u00edas industrializadas de los pa\u00edses\u00a0 ricos no tienen un car\u00e1cter individual, sino  que las mismas son el producto de los intereses de los pa\u00edses m\u00e1s  industrializados y ricos y que la asimilaci\u00f3n de reformas y cambios dentro de  las econom\u00edas nacionales deben ser sobre la base de que los sectores  empresariales, estatales y productivos asuman una alianza estrat\u00e9gica, ya que  ning\u00fan sector, productivo\u00a0 o social est\u00e1  en condiciones de hacer frente a las reformas y cambios que impone un mundo  globalizado que no s\u00f3lo ha modificado las estructuras productivas y legales de  los pa\u00edses pobres, sino que producto de esos cambios, producidos en las  estructuras productivas de los pa\u00edses pobres, ellos han originado un cambio en  el comportamiento, pensamiento y actitudes de la gente. <\/p>\n<p>&#13;<\/p>\n<p align=\"justify\" class=\"text1noticias\">Como se ve, el proceso integrador al ser un proceso que ha  modificado conductas y h\u00e1bitos de la gente se ha convertido en una tendencia  del mundo y de las sociedades ricas y pobres, en donde los pa\u00edses pobres,  aunque han tenido que desmantelar, en muchos casos, estructuras productivas e  industriales importantes, ello al mismo tiempo ha dado origen a la expansi\u00f3n  del sector comercio, que aunque ha eliminado importantes sectores comerciales  medios y peque\u00f1os en los pa\u00edses pobres, ello no ha sido \u00f3bice para que la  gente, como consumidora de productos y servicios se haya visto beneficiada por  ese auge comercial que nos trae la globalizaci\u00f3n, en la medida que los  consumidores de los pa\u00edses pobres hoy pueden comprar bienes y servicios de  mucho mayor calidad y a mejores precios que los que se produc\u00edan en las  empresas nacionales, y eso como es evidente se proyecta como un aspecto  positivo a favor de los acuerdos de libre comercio y la globalizaci\u00f3n. <\/p>\n<p>&#13;<\/p>\n<p align=\"justify\" class=\"text1noticias\">Todo l\u00edder o estadista debe conocer estos aspectos de los  efectos de las reformas que se implementan en el Estado, porque as\u00ed est\u00e1 en  condiciones de participar y escoger\u00a0 los  mejores acuerdos y alianzas que beneficien al pa\u00eds\u00a0 y a sus gentes. <br \/>&#13;<br \/>\n  <strong>\u00a0\u00a0\u00a0\u00a0\u00a0\u00a0\u00a0\u00a0\u00a0\u00a0\u00a0\u00a0\u00a0\u00a0\u00a0\u00a0\u00a0\u00a0\u00a0\u00a0\u00a0\u00a0\u00a0\u00a0\u00a0\u00a0\u00a0\u00a0\u00a0\u00a0\u00a0\u00a0\u00a0\u00a0\u00a0\u00a0\u00a0\u00a0\u00a0\u00a0\u00a0\u00a0\u00a0\u00a0\u00a0\u00a0\u00a0\u00a0\u00a0\u00a0\u00a0\u00a0\u00a0\u00a0\u00a0\u00a0\u00a0\u00a0\u00a0\u00a0\u00a0\u00a0\u00a0\u00a0\u00a0\u00a0\u00a0\u00a0\u00a0\u00a0 <\/strong><br \/>&#13;<br \/>\nLos  cambios y reformas que se han producido en los \u00faltimos 15 a\u00f1os en Am\u00e9rica  Latina y el mundo\u00a0 y sus econom\u00edas  nacionales han significado cambios muy profundos en sus estructura productivas  y legales, dichos cambios y reformas se han traducido en el establecimiento de  nuevas reglas de juegos entre las relaciones comerciales que deben establecer  los pa\u00edses ricos y los pa\u00edses pobres, lo que se traduce, a su vez, en una  redefinici\u00f3n\u00a0 de las antiguas relaciones  de comercio para poder readecuarlas al nuevo modelo de crecimiento de las  econom\u00edas nacionales.\u00a0\u00a0\u00a0\u00a0\u00a0\u00a0\u00a0\u00a0\u00a0\u00a0\u00a0\u00a0\u00a0\u00a0\u00a0\u00a0\u00a0\u00a0 <\/p>\n<p>&#13;<\/p>\n<p align=\"justify\" class=\"text1noticias\">En este aspecto lo primero que se\u00a0 ha tenido que redefinir son los aspectos  relacionado con las nuevas tecnolog\u00edas que demandan los niveles de desarrollos  presentes, tambi\u00e9n el proceso de libre comercio implica innovaci\u00f3n  organizativa, capacidad para lograr una mayor producci\u00f3n , adem\u00e1s ha implicado  para las economiza nacionales mayor preparaci\u00f3n de sus recursos humanos para  poder competir con otros pa\u00edses en aquellos sectores en donde las ventajas  comparativas, en el aspecto productivo, de los pa\u00edses pobres pueden aprovechar  esas ventajas para integrarse al proceso deglobalizacion y de libre comercio.  Para ampliar sobre estos temas ver el libro <strong>\u201cNeoliberalismo y<\/strong> <strong>Globalizaci\u00f3n<\/strong>\u201d  de nuestra autor\u00eda. \u00a0\u00a0\u00a0\u00a0\u00a0\u00a0\u00a0\u00a0\u00a0\u00a0\u00a0\u00a0\u00a0\u00a0\u00a0\u00a0\u00a0\u00a0\u00a0\u00a0\u00a0\u00a0\u00a0\u00a0\u00a0\u00a0\u00a0\u00a0\u00a0\u00a0\u00a0\u00a0\u00a0\u00a0\u00a0\u00a0\u00a0\u00a0\u00a0\u00a0\u00a0\u00a0\u00a0\u00a0\u00a0\u00a0\u00a0\u00a0\u00a0\u00a0\u00a0\u00a0\u00a0\u00a0\u00a0\u00a0\u00a0\u00a0\u00a0\u00a0\u00a0\u00a0\u00a0\u00a0 <\/p>\n<p>&#13;<\/p>\n<p align=\"justify\" class=\"text1noticias\"><strong>Evelio Arroyo es Soci\u00f3logo, Abogado y Escritor. Estos  temas son publicados del libro \u201cLideres y Liderazgos\u201d de su autor\u00eda.<\/strong><\/p>\n<p>&#13;<\/p>\n<h6> 2008-02-04 17:02:39 <\/h6>\n<p><!--\n<link rel=\"stylesheet\" href=\"css\/bootstrap.min.css\">\n\n\n<ul class=\"pagination\">\n\t    \n\t\n\n<li >\n\t<a href='?page_no=12286'>Previous<\/a>\n\t<\/li>\n\n\n       \n    \n\n<li><a href='?page_no=1'>1<\/a><\/li>\n\n\n\n<li><a href='?page_no=2'>2<\/a><\/li>\n\n\n\n<li><a>...<\/a><\/li>\n\n\n\n<li><a href='?page_no=12285'>12285<\/a><\/li>\n\n\n\n<li><a href='?page_no=12286'>12286<\/a><\/li>\n\n\n\n<li class='active'><a>12287<\/a><\/li>\n\n\n\n<li><a href='?page_no=12288'>12288<\/a><\/li>\n\n\n\n<li><a href='?page_no=12289'>12289<\/a><\/li>\n\n\n\n<li><a>...<\/a><\/li>\n\n\n\n<li><a href='?page_no=13611'>13611<\/a><\/li>\n\n\n\n<li><a href='?page_no=13612'>13612<\/a><\/li>\n\n    \n\t\n\n<li >\n\t<a href='?page_no=12288'>Next<\/a>\n\t<\/li>\n\n\n    \n\n<li><a href='?page_no=13612'>Last &rsaquo;&rsaquo;<\/a><\/li>\n\n<\/ul>\n\n\n--><br \/>\n<\/body><\/p>\n","protected":false},"excerpt":{"rendered":"<p>El L\u00edder Pol\u00edtico, las Reformas y la Globalizaci\u00f3n &#13; En estos tiempos de globalizaci\u00f3n y de ensanchamiento del libre comercio el l\u00edder pol\u00edtico tiene que actuar con comedimiento, al momento de introducir nuevas leyes y reformas\u00a0 en el sistema econ\u00f3mico, fiscal y legal de la naci\u00f3n que est\u00e1 dirigiendo. El l\u00edder debe gobernar con leyes [&hellip;]<\/p>\n","protected":false},"author":3,"featured_media":0,"comment_status":"open","ping_status":"open","sticky":false,"template":"","format":"standard","meta":{"footnotes":""},"categories":[16],"tags":[],"class_list":["post-36422","post","type-post","status-publish","format-standard","hentry","category-opiniones"],"_links":{"self":[{"href":"https:\/\/diariodominicano.com\/index.php?rest_route=\/wp\/v2\/posts\/36422","targetHints":{"allow":["GET"]}}],"collection":[{"href":"https:\/\/diariodominicano.com\/index.php?rest_route=\/wp\/v2\/posts"}],"about":[{"href":"https:\/\/diariodominicano.com\/index.php?rest_route=\/wp\/v2\/types\/post"}],"author":[{"embeddable":true,"href":"https:\/\/diariodominicano.com\/index.php?rest_route=\/wp\/v2\/users\/3"}],"replies":[{"embeddable":true,"href":"https:\/\/diariodominicano.com\/index.php?rest_route=%2Fwp%2Fv2%2Fcomments&post=36422"}],"version-history":[{"count":0,"href":"https:\/\/diariodominicano.com\/index.php?rest_route=\/wp\/v2\/posts\/36422\/revisions"}],"wp:attachment":[{"href":"https:\/\/diariodominicano.com\/index.php?rest_route=%2Fwp%2Fv2%2Fmedia&parent=36422"}],"wp:term":[{"taxonomy":"category","embeddable":true,"href":"https:\/\/diariodominicano.com\/index.php?rest_route=%2Fwp%2Fv2%2Fcategories&post=36422"},{"taxonomy":"post_tag","embeddable":true,"href":"https:\/\/diariodominicano.com\/index.php?rest_route=%2Fwp%2Fv2%2Ftags&post=36422"}],"curies":[{"name":"wp","href":"https:\/\/api.w.org\/{rel}","templated":true}]}}