{"id":36421,"date":"2008-02-04T17:05:30","date_gmt":"2008-02-04T17:05:30","guid":{"rendered":"http:\/\/diariodominicano.ddns.net\/?p=36421"},"modified":"2008-02-04T17:05:30","modified_gmt":"2008-02-04T17:05:30","slug":"miguel-vargas-y-la-deuda-social-acumulada","status":"publish","type":"post","link":"https:\/\/diariodominicano.com\/?p=36421","title":{"rendered":"Miguel Vargas y la Deuda Social acumulada"},"content":{"rendered":"<p><body><\/p>\n<p class=\"titulogrande1\"><strong>Miguel Vargas y la Deuda Social acumulada <\/strong><\/p>\n<p>&#13;<\/p>\n<p align=\"justify\" class=\"text1noticias\">Cuando el  Estado no hace las inversiones que tiene que hacer para beneficio de las diferentes  comunidades del pa\u00eds y esa falta de atenci\u00f3n se produce de manera repetida, a\u00f1os  tras a\u00f1os, se van acumulando muchos problemas sociales porque la falta de obras  de infraestructuras y\u00a0 la falta de  asistencia econ\u00f3mica y social que debe beneficiar a esas comunidades van  acumulando muchas necesidades insatisfechas, esto debido al descuido e  irresponsabilidad de gobernantes indolentes y alejados del bien com\u00fan en sus  actuaciones frente al Estado.<\/p>\n<p>&#13;<\/p>\n<p align=\"justify\" class=\"text1noticias\">Por eso o\u00edmos  hablar de la deuda social acumulada del Estado, que no son m\u00e1s que los  incumplimientos permanentes por parte de los candidatos una vez llegan al  poder. Podemos decir que los partidos pol\u00edticos dominicanos y los gobiernos que  estos han presidido, les han venido fallando al pa\u00eds en por\u00a0 lo menos los \u00faltimos 40 a\u00f1os.<\/p>\n<p>&#13;<\/p>\n<p align=\"justify\" class=\"text1noticias\">Cu\u00e1l es la  gravedad de que los partidos pol\u00edticos no cumplan con las promesas que hacen a  la gente en la campa\u00f1a electoral? La gravedad de esa falta de cumplimiento  consiste en que la gente va perdiendo la fe en las instituciones  representativas y como los partidos pol\u00edticos son sociedades intermedias que  sirven de canal a las demandas e intereses de la sociedad y sus diferentes  sectores, entonces si no se cumple con la gente y las comunidades, el sistema  de partidos y las virtudes de la democracia, que ellos pregonan y  representan\u00a0 va perdiendo credibilidad  ante los ojos de la gente, y de esa\u00a0  forma la poblaci\u00f3n va dejando de creer en las virtudes de\u00a0 nuestro sistema pol\u00edtico y econ\u00f3mico. <\/p>\n<p>&#13;<\/p>\n<p align=\"justify\" class=\"text1noticias\">La deuda  social acumulada del Estado dominicano desmiente a quienes viven, de forma  permanente, hablando del crecimiento econ\u00f3mico que experimenta el pa\u00eds, ya que  cuando no se cumple con los principales problemas sociales que afectan a las  comunidades, construy\u00e9ndoles las obras de infraestructuras\u00a0 que estas necesitan y cuando tampoco se  cumple con las conquistas econ\u00f3micas que estas necesitan y demandan para su  desarrollo material y el bienestar de sus gentes, el crecimiento econ\u00f3mico y  cultural que se pregona tiene un saldo negativo y eso es lo que efectivamente  ha estado ocurriendo en todas las comunidades del pa\u00eds, que en vez de esas  comunidades y sus gentes crecer en el aspecto econ\u00f3mico, material y cultural  est\u00e1n siendo azotadas en el m\u00e1s elemental de los derechos de una persona y ese  es el derecho a comer. En otras palabras las principales comunidades pobres del  pa\u00eds han sido abandonadas y est\u00e1n sufriendo un proceso involutivo, tanto en su\u00a0 aspecto econ\u00f3mico como en su desarrollo  material y cultural.<\/p>\n<p>&#13;<\/p>\n<p align=\"justify\" class=\"text1noticias\">La deuda  social acumulada del Estado se ha ido expandiendo en los \u00faltimos a\u00f1os\u00a0 y muchas comunidades y sus gentes han sido  abandonadas\u00a0 a su suerte. Ese abandono  por parte del Estado de las comunidades que m\u00e1s necesitan su ayuda se debe\u00a0 a un mal social com\u00fan en la mayor\u00eda de pa\u00edses  pobres de Latinoam\u00e9rica; ese\u00a0 mal social  es la corrupci\u00f3n administrativa, ya que la apropiaci\u00f3n il\u00edcita de fondos  p\u00fablicos por parte de funcionarios gubernamentales\u00a0 se ha convertido en algo consuetudinario y es  el principal obst\u00e1culo para el crecimiento y desarrollo econ\u00f3mico y cultural de  los pueblos m\u00e1s pobres de Am\u00e9rica Latina.<\/p>\n<p>&#13;<\/p>\n<p align=\"justify\" class=\"text1noticias\">El Ing. Miguel  Vargas esta consciente que en estos tiempos de crisis econ\u00f3mica y moral  profunda que vive la sociedad dominicana y el mundo se necesita de un  gobernante que le duela la pobreza y la indigencia de las mayor\u00edas nacionales,  por eso su mensaje al pa\u00eds es de que har\u00e1 inversiones equilibradas para hacer  frente a la falta de esperanza de las comunidades pobres y sus gentes. Por eso,  en el aspecto de los gastos corrientes del Estado, est\u00e1 proponiendo un  aumento\u00a0 salarial para los servidores  p\u00fablicos de un 30%, una vez inicie su gesti\u00f3n de gobierno el pr\u00f3ximo 16 de  Agosto. <\/p>\n<p>&#13;<\/p>\n<p align=\"justify\" class=\"text1noticias\">Para hacer frente a la deuda social acumulada del Estado el Ing.  Miguel Vargas tambi\u00e9n se est\u00e1 comprometiendo a bajar las cargas de impuestos  que en el presente esta pagando la poblaci\u00f3n pobre y media de la sociedad. En  ese sentido se ha comprometido a bajar los impuestos de un 25 a un 15%, como forma de  aliviar\u00a0 la asfixiante situaci\u00f3n  econ\u00f3mica en que\u00a0 ha sumido la presente  administraci\u00f3n al pa\u00eds.<\/p>\n<p>&#13;<\/p>\n<p align=\"justify\" class=\"text1noticias\">El aumento de  la criminalidad y la violencia, que en la actualidad\u00a0 esta azotando a casi toda la sociedad, en un  80%, es producto de la deuda social acumulada\u00a0  del Estado dominicano. Esa deuda social se expresa en falta de escuelas,  dispensarios m\u00e9dicos, puestos de ventas populares, canchas deportivas, entre  otras \u00a0Por eso, necesitamos un gobernante  \u00a0que asuma compromisos con los diferentes  sectores sociales y econ\u00f3micos para una vez llegue al gobierno los ponga en  marcha. Estos compromisos los esta asumiendo el Ing. Miguel Vargas para el  beneficio y la redenci\u00f3n de las mayor\u00edas nacionales.<\/p>\n<p>&#13;<\/p>\n<p align=\"justify\" class=\"text1noticias\"><strong>Evelio Arroyo es Soci\u00f3logo,  Abogado y Escritor. Es, adem\u00e1s, Director Nacional de Comunicaciones y  Estrategias del Movimiento en L\u00ednea con Miguel, que preside el Dr. Francisco  Fern\u00e1ndez.\u00a0\u00a0\u00a0\u00a0 <\/strong><\/p>\n<p>&#13;<\/p>\n<h6> 2008-02-04 17:05:30 <\/h6>\n<p><!--\n<link rel=\"stylesheet\" href=\"css\/bootstrap.min.css\">\n\n\n<ul class=\"pagination\">\n\t    \n\t\n\n<li >\n\t<a href='?page_no=12285'>Previous<\/a>\n\t<\/li>\n\n\n       \n    \n\n<li><a href='?page_no=1'>1<\/a><\/li>\n\n\n\n<li><a href='?page_no=2'>2<\/a><\/li>\n\n\n\n<li><a>...<\/a><\/li>\n\n\n\n<li><a href='?page_no=12284'>12284<\/a><\/li>\n\n\n\n<li><a href='?page_no=12285'>12285<\/a><\/li>\n\n\n\n<li class='active'><a>12286<\/a><\/li>\n\n\n\n<li><a href='?page_no=12287'>12287<\/a><\/li>\n\n\n\n<li><a href='?page_no=12288'>12288<\/a><\/li>\n\n\n\n<li><a>...<\/a><\/li>\n\n\n\n<li><a href='?page_no=13611'>13611<\/a><\/li>\n\n\n\n<li><a href='?page_no=13612'>13612<\/a><\/li>\n\n    \n\t\n\n<li >\n\t<a href='?page_no=12287'>Next<\/a>\n\t<\/li>\n\n\n    \n\n<li><a href='?page_no=13612'>Last &rsaquo;&rsaquo;<\/a><\/li>\n\n<\/ul>\n\n\n--><br \/>\n<\/body><\/p>\n","protected":false},"excerpt":{"rendered":"<p>Miguel Vargas y la Deuda Social acumulada &#13; Cuando el Estado no hace las inversiones que tiene que hacer para beneficio de las diferentes comunidades del pa\u00eds y esa falta de atenci\u00f3n se produce de manera repetida, a\u00f1os tras a\u00f1os, se van acumulando muchos problemas sociales porque la falta de obras de infraestructuras y\u00a0 la [&hellip;]<\/p>\n","protected":false},"author":3,"featured_media":0,"comment_status":"open","ping_status":"open","sticky":false,"template":"","format":"standard","meta":{"footnotes":""},"categories":[16],"tags":[],"class_list":["post-36421","post","type-post","status-publish","format-standard","hentry","category-opiniones"],"_links":{"self":[{"href":"https:\/\/diariodominicano.com\/index.php?rest_route=\/wp\/v2\/posts\/36421","targetHints":{"allow":["GET"]}}],"collection":[{"href":"https:\/\/diariodominicano.com\/index.php?rest_route=\/wp\/v2\/posts"}],"about":[{"href":"https:\/\/diariodominicano.com\/index.php?rest_route=\/wp\/v2\/types\/post"}],"author":[{"embeddable":true,"href":"https:\/\/diariodominicano.com\/index.php?rest_route=\/wp\/v2\/users\/3"}],"replies":[{"embeddable":true,"href":"https:\/\/diariodominicano.com\/index.php?rest_route=%2Fwp%2Fv2%2Fcomments&post=36421"}],"version-history":[{"count":0,"href":"https:\/\/diariodominicano.com\/index.php?rest_route=\/wp\/v2\/posts\/36421\/revisions"}],"wp:attachment":[{"href":"https:\/\/diariodominicano.com\/index.php?rest_route=%2Fwp%2Fv2%2Fmedia&parent=36421"}],"wp:term":[{"taxonomy":"category","embeddable":true,"href":"https:\/\/diariodominicano.com\/index.php?rest_route=%2Fwp%2Fv2%2Fcategories&post=36421"},{"taxonomy":"post_tag","embeddable":true,"href":"https:\/\/diariodominicano.com\/index.php?rest_route=%2Fwp%2Fv2%2Ftags&post=36421"}],"curies":[{"name":"wp","href":"https:\/\/api.w.org\/{rel}","templated":true}]}}