{"id":36419,"date":"2008-02-05T17:27:07","date_gmt":"2008-02-05T17:27:07","guid":{"rendered":"http:\/\/diariodominicano.ddns.net\/?p=36419"},"modified":"2008-02-05T17:27:07","modified_gmt":"2008-02-05T17:27:07","slug":"el-tiro-rapido-294","status":"publish","type":"post","link":"https:\/\/diariodominicano.com\/?p=36419","title":{"rendered":"EL TIRO RAPIDO"},"content":{"rendered":"<p><body><\/p>\n<p><span class=\"titulogrande1\">EL TIRO RAPIDO<\/span><br \/>&#13;<br \/>\n  <br \/>&#13;<br \/>\n    <strong>de<\/strong><br \/>&#13;<br \/>\n  <br \/>&#13;<br \/>\n  <span class=\"textogrande\">Mario  Rivadulla<\/span><\/p>\n<p>&#13;<\/p>\n<p align=\"justify\" class=\"text1noticias\">Hoy no se celebr\u00f2 el mercado binacional que se realiza  cada lunes y viernes en la ciudad fronteriza de Dajab\u00f2n.\u00a0 El ayuntamiento,\u00a0 con el apoyo de los comerciantes locales,\u00a0 dispuso la paralizaci\u00f2n del mismo en  solidaridad con organizaciones que protestan por la veda impuesta a la entrada  al pa\u00ecs vecino de huevos, pollos, sopitas y salame criollos. <\/p>\n<p>&#13;<\/p>\n<p align=\"justify\" class=\"text1noticias\">Es otro episodio en la tensa  situaci\u00f2n originada por la disposici\u00f2n de las autoridades haitianas que ha  ocasionado p\u00e8rdidas a los granjeros agr\u00eccolas de este lado de la isla,  estimadas en m\u00e0s de 55 millones de pesos hasta el momento presente.\u00a0 <\/p>\n<p>&#13;<\/p>\n<p align=\"justify\" class=\"text1noticias\">Autoridades de ambos pa\u00ecses  mientras tanto, contin\u00f9an dialogando y negociando una salida a la crisis que  tambi\u00e8n lesiona el inter\u00e8s de peque\u00f1os y medianos negocios haitianos,\u00a0 impedidos de comercializar esos productos que  tienen una gran demanda entre los consumidores,\u00a0  los que a su vez dejan manifestar su disgusto al verse privados de los  mismos.<\/p>\n<p>&#13;<\/p>\n<p align=\"justify\" class=\"text1noticias\">Aparte de que Puerto Rico,  donde rigen las estrictas normas sanitarias prevalecientes en los Estados  Unidos mucho m\u00e0s rigurosas que las puedan existir en Hait\u00ec, levant\u00f2 la veda de  inmediato, cuenta el hecho de que en el pa\u00ecs residen cientos de miles de  haitianos, quiz\u00e0s llegando al mill\u00f2n y medio, que al igual que los dominicanos  han seguido consumiendo pollos y huevos producidos aqu\u00ec sin el menor trastorno  de salud.\u00a0 <\/p>\n<p>&#13;<\/p>\n<p align=\"justify\" class=\"text1noticias\">Pareceria que un argumento de  esta naturaleza seria lo bastante convincente y poderoso para que las  autoridades vecinas levantasen la prohibici\u00f2n.\u00a0  No obstante, por lo que se ha divulgado, pese a que sus propios t\u00e8cnicos  han estado verificando la situaci\u00f2n en las granjas productoras, insisten en que  un especialista de la Organizaci\u00f2n Internacional de Salud Animal  certifique la no existencia de gripe aviar.\u00a0  La presencia de \u00e8ste ha sido requerida,\u00a0  y es de esperar que una vez que emita su dictamen se allane el camino  para solucionar la crisis.<\/p>\n<p>&#13;<\/p>\n<p align=\"justify\" class=\"text1noticias\">Sin embargo, una de las voces  m\u00e0s calificadas para opinar sobre este tema y todo lo relacionado con la  frontera, es sin dudas la del padre Regino Mart\u00ecnez por su largo y activo  servicio en la regi\u00f2n y las muchas experiencias acumuladas durante su  ministerio, que ha sido tanto de car\u00e1cter social como espiritual.<\/p>\n<p>&#13;<\/p>\n<p align=\"justify\" class=\"text1noticias\">A juicio del religioso, seg\u00f9n su  testimonio que recoge el Diario Libre en su edici\u00f2n de hoy, el problema surgido  con los pollos y los huevos dominicanos no es de orden econ\u00f2mico sino  pol\u00ectico.\u00a0 <\/p>\n<p>&#13;<\/p>\n<p align=\"justify\" class=\"text1noticias\">El padre Regino afirma que los  haitianos prefieren los productos dominicanos porque, en sus propias palabras,  son m\u00e0s frescos y de mejor calidad.\u00a0 Ello  explica el intenso comercio que se produce dos veces a la semana en Dajab\u00f2n, a  cuyo mercado acuden entre 8 y 10 mil haitianos y a\u00f9n m\u00e0s,\u00a0 a realizar sus compras cada lunes y viernes.<\/p>\n<p>&#13;<\/p>\n<p align=\"justify\" class=\"text1noticias\">Su pron\u00f2stico categ\u00f2rico es que  si no se busca una salida a la crisis av\u00eccola, se registrar\u00e0 una avalancha de  compradores haitianos desafiando la prohibici\u00f2n, con todas las posibles  desagradables consecuencias que esta situaci\u00f2n pudiera traer.\u00a0\u00a0\u00a0\u00a0 <\/p>\n<p>&#13;<\/p>\n<p align=\"justify\" class=\"text1noticias\">Frente a esta situaci\u00f2n, el  padre Regino entiende que de no prosperar las negociaciones que en estos  momentos est\u00e0n llevando a cabo las autoridades de ambos pa\u00ecses, la \u00f9nica  alternativa es una reuni\u00f2n de alto nivel entre los presidentes Leonel Fern\u00e0ndez  y Ren\u00e8 Garc\u00eca Pr\u00e8val. <\/p>\n<p>&#13;<\/p>\n<p align=\"justify\" class=\"text1noticias\">Creemos que la propuesta es  v\u00e0lida. Sobre todo porque de por medio  juegan aspectos que trascienden el solo inter\u00e8s de proteger a nuestros  productores de huevos y pollos. <\/p>\n<p>&#13;<\/p>\n<p align=\"justify\" class=\"text1noticias\">En el orden econ\u00f2mico, un  comercio que en los \u00f9ltimos cinco a\u00f1os, entre las exportaciones nacionales y  las de zonas francas, le han reportado al pa\u00ecs una balanza comercial favorable  cercana a los mil millones de d\u00f2lares, pese al intenso contrabando.\u00a0 Y en el orden pol\u00ectico, por la obligada convivencia  geogr\u00e0fica que nos impone la necesidad racional de practicar una relaci\u00f2n de respetuosa y buena vecindad, en beneficio  de ambas partes.<\/p>\n<p>&#13;<\/p>\n<p align=\"justify\" class=\"text1noticias\">Dejemos pues, de lado, toda  reacci\u00f2n de xenofobia, aplaquemos prejuicios y resabios que exaltan  peligrosamente los \u00e0nimos y obstaculizan el an\u00e0lisis ponderado y procedamos con  la debida prudencia y paciencia para manejar esta situaci\u00f2n como impone el buen  juicio y no la ciega irracionalidad.<\/p>\n<p>&#13;<\/p>\n<h6> 2008-02-05 17:27:07 <\/h6>\n<p><!--\n<link rel=\"stylesheet\" href=\"css\/bootstrap.min.css\">\n\n\n<ul class=\"pagination\">\n\t    \n\t\n\n<li >\n\t<a href='?page_no=12283'>Previous<\/a>\n\t<\/li>\n\n\n       \n    \n\n<li><a href='?page_no=1'>1<\/a><\/li>\n\n\n\n<li><a href='?page_no=2'>2<\/a><\/li>\n\n\n\n<li><a>...<\/a><\/li>\n\n\n\n<li><a href='?page_no=12282'>12282<\/a><\/li>\n\n\n\n<li><a href='?page_no=12283'>12283<\/a><\/li>\n\n\n\n<li class='active'><a>12284<\/a><\/li>\n\n\n\n<li><a href='?page_no=12285'>12285<\/a><\/li>\n\n\n\n<li><a href='?page_no=12286'>12286<\/a><\/li>\n\n\n\n<li><a>...<\/a><\/li>\n\n\n\n<li><a href='?page_no=13611'>13611<\/a><\/li>\n\n\n\n<li><a href='?page_no=13612'>13612<\/a><\/li>\n\n    \n\t\n\n<li >\n\t<a href='?page_no=12285'>Next<\/a>\n\t<\/li>\n\n\n    \n\n<li><a href='?page_no=13612'>Last &rsaquo;&rsaquo;<\/a><\/li>\n\n<\/ul>\n\n\n--><br \/>\n<\/body><\/p>\n","protected":false},"excerpt":{"rendered":"<p>EL TIRO RAPIDO&#13; &#13; de&#13; &#13; Mario Rivadulla &#13; Hoy no se celebr\u00f2 el mercado binacional que se realiza cada lunes y viernes en la ciudad fronteriza de Dajab\u00f2n.\u00a0 El ayuntamiento,\u00a0 con el apoyo de los comerciantes locales,\u00a0 dispuso la paralizaci\u00f2n del mismo en solidaridad con organizaciones que protestan por la veda impuesta a la [&hellip;]<\/p>\n","protected":false},"author":3,"featured_media":0,"comment_status":"open","ping_status":"open","sticky":false,"template":"","format":"standard","meta":{"footnotes":""},"categories":[16],"tags":[],"class_list":["post-36419","post","type-post","status-publish","format-standard","hentry","category-opiniones"],"_links":{"self":[{"href":"https:\/\/diariodominicano.com\/index.php?rest_route=\/wp\/v2\/posts\/36419","targetHints":{"allow":["GET"]}}],"collection":[{"href":"https:\/\/diariodominicano.com\/index.php?rest_route=\/wp\/v2\/posts"}],"about":[{"href":"https:\/\/diariodominicano.com\/index.php?rest_route=\/wp\/v2\/types\/post"}],"author":[{"embeddable":true,"href":"https:\/\/diariodominicano.com\/index.php?rest_route=\/wp\/v2\/users\/3"}],"replies":[{"embeddable":true,"href":"https:\/\/diariodominicano.com\/index.php?rest_route=%2Fwp%2Fv2%2Fcomments&post=36419"}],"version-history":[{"count":0,"href":"https:\/\/diariodominicano.com\/index.php?rest_route=\/wp\/v2\/posts\/36419\/revisions"}],"wp:attachment":[{"href":"https:\/\/diariodominicano.com\/index.php?rest_route=%2Fwp%2Fv2%2Fmedia&parent=36419"}],"wp:term":[{"taxonomy":"category","embeddable":true,"href":"https:\/\/diariodominicano.com\/index.php?rest_route=%2Fwp%2Fv2%2Fcategories&post=36419"},{"taxonomy":"post_tag","embeddable":true,"href":"https:\/\/diariodominicano.com\/index.php?rest_route=%2Fwp%2Fv2%2Ftags&post=36419"}],"curies":[{"name":"wp","href":"https:\/\/api.w.org\/{rel}","templated":true}]}}