{"id":36418,"date":"2008-02-05T17:30:11","date_gmt":"2008-02-05T17:30:11","guid":{"rendered":"http:\/\/diariodominicano.ddns.net\/?p=36418"},"modified":"2008-02-05T17:30:11","modified_gmt":"2008-02-05T17:30:11","slug":"el-lider-politico-la-globalizacion-y-los-sectores-productivos","status":"publish","type":"post","link":"https:\/\/diariodominicano.com\/?p=36418","title":{"rendered":"El L\u00edder Pol\u00edtico, la Globalizaci\u00f3n y los Sectores Productivos"},"content":{"rendered":"<p><body><\/p>\n<p class=\"titulogrande1\"><strong>El L\u00edder Pol\u00edtico, la Globalizaci\u00f3n y los  Sectores Productivos\u00a0\u00a0\u00a0\u00a0\u00a0\u00a0 <\/strong><\/p>\n<p>&#13;<\/p>\n<p align=\"justify\" class=\"text1noticias\">La incidencia de los cambios y  las reformas estructurales que se llevan a cabo en el campo de la econom\u00eda,  producto del proceso de globalizaci\u00f3n que vive el mundo, debe ser tomada muy en  cuenta por el l\u00edder pol\u00edtico. El proceso de apertura de marcado puesto en  marcha por los gobiernos nacionales\u00a0  tiene por necesidad que apoyarse\u00a0  en la paz\u00a0 social, \u00a0para\u00a0  lograr el equilibrio y la estabilidad democr\u00e1tica que permita reproducir  inversiones y riquezas\u00a0 a los  inversionistas nacionales y extranjeros\u00a0  que favorecen el proceso de globalizaci\u00f3n. Este proceso, como es  natural, impone sacrificios a los pa\u00edses pobres, ya que hay muchas riquezas, que  producto de este proceso salen de sus fronteras nacionales.\u00a0\u00a0\u00a0\u00a0\u00a0\u00a0\u00a0\u00a0\u00a0\u00a0\u00a0\u00a0\u00a0\u00a0\u00a0\u00a0\u00a0\u00a0\u00a0\u00a0\u00a0\u00a0\u00a0\u00a0\u00a0\u00a0\u00a0\u00a0\u00a0\u00a0\u00a0\u00a0\u00a0\u00a0\u00a0\u00a0\u00a0\u00a0\u00a0\u00a0\u00a0\u00a0\u00a0\u00a0\u00a0\u00a0\u00a0\u00a0\u00a0\u00a0\u00a0\u00a0\u00a0\u00a0\u00a0\u00a0\u00a0\u00a0\u00a0\u00a0\u00a0\u00a0\u00a0\u00a0\u00a0\u00a0 <\/p>\n<p>&#13;<\/p>\n<p align=\"justify\" class=\"text1noticias\">En lo que concierne a los  l\u00edderes y la apertura de mercado, lo m\u00e1s conveniente es visualizar cu\u00e1les  sectores de la econom\u00eda pueden ser favorecidos\u00a0  por el proceso globalizante en marcha y cu\u00e1les no, ya que de esa manera  el Estado, con el gobierno de turno a la cabeza, puede\u00a0 buscar ventajas comparativas o reforzar  aquellos sectores de la econom\u00eda que pueden competir, si las condiciones para  producir\u00a0 bienes y servicios son mejoradas,  a favor de los productores nacionales.<br \/>&#13;<br \/>\n\u00a0\u00a0\u00a0\u00a0\u00a0\u00a0\u00a0\u00a0\u00a0\u00a0\u00a0\u00a0\u00a0\u00a0\u00a0\u00a0\u00a0\u00a0\u00a0\u00a0\u00a0\u00a0\u00a0\u00a0\u00a0\u00a0\u00a0\u00a0\u00a0\u00a0\u00a0\u00a0\u00a0\u00a0\u00a0\u00a0\u00a0\u00a0\u00a0\u00a0\u00a0\u00a0\u00a0\u00a0\u00a0\u00a0\u00a0\u00a0\u00a0\u00a0\u00a0\u00a0\u00a0\u00a0\u00a0\u00a0\u00a0\u00a0\u00a0\u00a0\u00a0\u00a0\u00a0\u00a0\u00a0\u00a0\u00a0\u00a0\u00a0\u00a0\u00a0\u00a0 <br \/>&#13;<br \/>\nSi tomamos en cuenta los  sectores comerciales y de telecomunicaciones, por ejemplo, vemos que han  crecido enormemente en la mayor\u00eda de pa\u00edses, sean estos pobres o ricos. Sin  embargo cuando observamos el sector industrial en los pa\u00edses pobres, por  ejemplo, vemos que el mismo, en algunas ramas, ha sufrido retrocesos  importantes, ya que muchas industrias han desaparecido del mercado, especialmente\u00a0 porque sus tecnolog\u00edas no pueden competir  con\u00a0 la de los pa\u00edses ricos que producen  bienes y servicios de mayor calidad\u00a0 y  por tanto cuando estos son vendidos en los mercados internos de los pa\u00edses  pobres, desplazan los\u00a0 bienes\u00a0 y servicios\u00a0de esos pa\u00edses, ya que al venderse a menor precios\u00a0 los consumidores los prefieren y esto, aunque  de manera coyuntural favorece al consumidor de la econom\u00eda peque\u00f1a, al final  del proceso arruina las empresas nacionales y los empleos que \u00e9stas aportan  para la gente porque al no estar en condiciones de competir con los bienes y  servicios que vienen a trav\u00e9s del proceso de globalizaci\u00f3n de los mercados que  domina a nivel mundial tienen por necesidad que desaparecer y esto genera  efectos sociales y econ\u00f3micos negativos para muchos pa\u00edses pobres, sobre todo  en algunos de sus sectores productivos. <\/p>\n<p>&#13;<\/p>\n<p align=\"justify\" class=\"text1noticias\">El l\u00edder pol\u00edtico que ejerce su  liderazgo en el presente, donde los acuerdos de libre comercio entre las  naciones son los que marcan la tendencia que est\u00e1 prevaleciendo, tanto en los  pa\u00edses ricos como pobres, debe tomar en cuenta que los m\u00e9todos de direcci\u00f3n  pol\u00edtica desde el Estado son en la actualidad totalmente diferentes a como  fueron en el pasado, que tuvieron un matiz centralizador por parte del l\u00edder  que dirig\u00eda el Estado. <\/p>\n<p>&#13;<\/p>\n<p align=\"justify\" class=\"text1noticias\">En la actualidad aunque la  voluntad del l\u00edder fuese dirigir sin tomar en cuenta las opiniones\u00a0 y la voluntad de la mayor\u00eda, ello no es  posible debido a la influencia que ejercen los medios de comunicaci\u00f3n que en el  presente est\u00e1n interconectados, esto se traduce en que ninguna naci\u00f3n puede  esconder realidades internas. Esta realidad, que trae el proceso de  globalizaci\u00f3n, obliga al l\u00edder pol\u00edtico, tradicional o no tradicional, a actuar  con el comedimiento necesario, pero sobre todo lo obliga a ser m\u00e1s democr\u00e1tico,  en la medida en que deben de aceptar el cambio de actitud, opiniones y  voluntades de la gente, cambios que muchas veces van en direcci\u00f3n contraria al  deseo y aspiraci\u00f3n de los lideres. <\/p>\n<p>&#13;<\/p>\n<p align=\"justify\" class=\"text1noticias\">La no asimilaci\u00f3n de\u00a0 los cambios de actitudes que entra\u00f1a este  proceso expone a cualquier l\u00edder a perder espacio dentro del escenario social y  pol\u00edtico de su naci\u00f3n. El l\u00edder no debe perder de vista que los cambios en el  entorno internacional modifican h\u00e1bitos de consumo y por tanto modifican la  conducta de la gente, no s\u00f3lo en cuanto a los bienes y servicios que prefieren  consumir, sino que los mismos producen cambios de mentalidad de los individuos  en cuanto a los mecanismos de producci\u00f3n y obtenci\u00f3n de riquezas. Por eso,  vemos que muchas pr\u00e1cticas ilegales y no institucionales son puestas en marcha  por quienes entienden\u00a0 que no deben  respetar los mecanismos legales para ocupar lugares de principal\u00eda\u00a0 en la sociedad.<\/p>\n<p>&#13;<\/p>\n<p align=\"justify\" class=\"text1noticias\">En el presente los robos, los asaltos, los  secuestros,\u00a0 la venta y el consumo de  drogas, que son practicas que la sociedad penaliza, han ido en aumento debido a  que el individuo se ve influido por los cambios que se operan en el seno de la  sociedad, y que muchos individuos, producto de la marginalidad social a que lo  empujan estos cambios se inclinan hacia la v\u00eda no institucional y punible para  desarrollar su vida dentro de su conglomerado social.\u00a0\u00a0 <br \/>&#13;<br \/>\n\u00a0\u00a0\u00a0\u00a0\u00a0\u00a0\u00a0\u00a0\u00a0\u00a0\u00a0\u00a0\u00a0\u00a0\u00a0\u00a0\u00a0\u00a0\u00a0\u00a0\u00a0\u00a0\u00a0\u00a0\u00a0\u00a0\u00a0\u00a0\u00a0\u00a0\u00a0\u00a0\u00a0\u00a0\u00a0\u00a0\u00a0\u00a0\u00a0\u00a0\u00a0\u00a0\u00a0\u00a0\u00a0\u00a0\u00a0\u00a0\u00a0\u00a0\u00a0\u00a0\u00a0\u00a0\u00a0\u00a0\u00a0\u00a0\u00a0\u00a0\u00a0\u00a0\u00a0\u00a0\u00a0\u00a0\u00a0\u00a0\u00a0\u00a0\u00a0\u00a0\u00a0\u00a0\u00a0\u00a0\u00a0 <\/p>\n<p>&#13;<\/p>\n<div align=\"justify\" class=\"text1noticias\"><strong>Evelio  Arroyo es Soci\u00f3logo, Abogado y Escritor. Estos temas son publicados del libro \u201cLideres y Liderazgos\u201d de su autor\u00eda. \u00a0\u00a0\u00a0\u00a0\u00a0<\/strong><\/div>\n<p>&#13;<\/p>\n<h6> 2008-02-05 17:30:11 <\/h6>\n<p><!--\n<link rel=\"stylesheet\" href=\"css\/bootstrap.min.css\">\n\n\n<ul class=\"pagination\">\n\t    \n\t\n\n<li >\n\t<a href='?page_no=12282'>Previous<\/a>\n\t<\/li>\n\n\n       \n    \n\n<li><a href='?page_no=1'>1<\/a><\/li>\n\n\n\n<li><a href='?page_no=2'>2<\/a><\/li>\n\n\n\n<li><a>...<\/a><\/li>\n\n\n\n<li><a href='?page_no=12281'>12281<\/a><\/li>\n\n\n\n<li><a href='?page_no=12282'>12282<\/a><\/li>\n\n\n\n<li class='active'><a>12283<\/a><\/li>\n\n\n\n<li><a href='?page_no=12284'>12284<\/a><\/li>\n\n\n\n<li><a href='?page_no=12285'>12285<\/a><\/li>\n\n\n\n<li><a>...<\/a><\/li>\n\n\n\n<li><a href='?page_no=13611'>13611<\/a><\/li>\n\n\n\n<li><a href='?page_no=13612'>13612<\/a><\/li>\n\n    \n\t\n\n<li >\n\t<a href='?page_no=12284'>Next<\/a>\n\t<\/li>\n\n\n    \n\n<li><a href='?page_no=13612'>Last &rsaquo;&rsaquo;<\/a><\/li>\n\n<\/ul>\n\n\n--><br \/>\n<\/body><\/p>\n","protected":false},"excerpt":{"rendered":"<p>El L\u00edder Pol\u00edtico, la Globalizaci\u00f3n y los Sectores Productivos\u00a0\u00a0\u00a0\u00a0\u00a0\u00a0 &#13; La incidencia de los cambios y las reformas estructurales que se llevan a cabo en el campo de la econom\u00eda, producto del proceso de globalizaci\u00f3n que vive el mundo, debe ser tomada muy en cuenta por el l\u00edder pol\u00edtico. El proceso de apertura de marcado [&hellip;]<\/p>\n","protected":false},"author":3,"featured_media":0,"comment_status":"open","ping_status":"open","sticky":false,"template":"","format":"standard","meta":{"footnotes":""},"categories":[16],"tags":[],"class_list":["post-36418","post","type-post","status-publish","format-standard","hentry","category-opiniones"],"_links":{"self":[{"href":"https:\/\/diariodominicano.com\/index.php?rest_route=\/wp\/v2\/posts\/36418","targetHints":{"allow":["GET"]}}],"collection":[{"href":"https:\/\/diariodominicano.com\/index.php?rest_route=\/wp\/v2\/posts"}],"about":[{"href":"https:\/\/diariodominicano.com\/index.php?rest_route=\/wp\/v2\/types\/post"}],"author":[{"embeddable":true,"href":"https:\/\/diariodominicano.com\/index.php?rest_route=\/wp\/v2\/users\/3"}],"replies":[{"embeddable":true,"href":"https:\/\/diariodominicano.com\/index.php?rest_route=%2Fwp%2Fv2%2Fcomments&post=36418"}],"version-history":[{"count":0,"href":"https:\/\/diariodominicano.com\/index.php?rest_route=\/wp\/v2\/posts\/36418\/revisions"}],"wp:attachment":[{"href":"https:\/\/diariodominicano.com\/index.php?rest_route=%2Fwp%2Fv2%2Fmedia&parent=36418"}],"wp:term":[{"taxonomy":"category","embeddable":true,"href":"https:\/\/diariodominicano.com\/index.php?rest_route=%2Fwp%2Fv2%2Fcategories&post=36418"},{"taxonomy":"post_tag","embeddable":true,"href":"https:\/\/diariodominicano.com\/index.php?rest_route=%2Fwp%2Fv2%2Ftags&post=36418"}],"curies":[{"name":"wp","href":"https:\/\/api.w.org\/{rel}","templated":true}]}}