{"id":36417,"date":"2008-02-05T17:33:01","date_gmt":"2008-02-05T17:33:01","guid":{"rendered":"http:\/\/diariodominicano.ddns.net\/?p=36417"},"modified":"2008-02-05T17:33:01","modified_gmt":"2008-02-05T17:33:01","slug":"miguel-vargas-y-el-miedo-de-la-reeleccion","status":"publish","type":"post","link":"https:\/\/diariodominicano.com\/?p=36417","title":{"rendered":"Miguel Vargas y el Miedo de la Reelecci\u00f3n"},"content":{"rendered":"<p><body><\/p>\n<p class=\"titulogrande1\"><strong>Miguel Vargas y el Miedo de la Reelecci\u00f3n<\/strong><\/p>\n<p>&#13;<\/p>\n<p align=\"justify\" class=\"text1noticias\">Siempre se ha dicho que al \u00e1rbol que da  frutos es al que se le tira piedras. El hecho de que el Ing. Miguel Vargas sea  atacado de forma impropia y desconsiderada por la reelecci\u00f3n y el grupo en el  gobierno, viene a confirmar el miedo que se le tiene\u00a0 a su candidatura y de otra parte ese  comportamiento de la reelecci\u00f3n viene a confirmar la supremac\u00eda que \u00e9ste ocupa  en las preferencias del electorado.<\/p>\n<p>&#13;<\/p>\n<p align=\"justify\" class=\"text1noticias\">Cuando un competidor no tiene posibilidad  de triunfo es ignorado por sus oponentes, porque se sabe, de ante mano, que no  representa peligro para la competencia. Con la candidatura del Ing. Miguel  Vargas la reelecci\u00f3n ha visto que no puede competir y esa imposibilidad ocurre  por que la diferencia porcentual entre ambas candidatura es muy grande y supera  en m\u00e1s de un 13% a la reelecci\u00f3n. Hay otra imposibilidad que le impide al  gobierno competir con la candidatura de Miguel Vargas y es por el hecho de que  mientras \u00e9ste hace propuestas concretas para sacar al pa\u00eds de la crisis  econ\u00f3mica y moral profunda\u00a0 en que lo ha  metido este gobierno; la reelecci\u00f3n en cambio s\u00f3lo se ocupa de atacar en el  plano personal con mentiras, intrigas y manipulaci\u00f3n y ese tipo de argumentos  no tiene ninguna posibilidad de sumarle un solo voto al grupo en el gobierno.<\/p>\n<p>&#13;<\/p>\n<p align=\"justify\" class=\"text1noticias\">Los votos a una candidatura se lo da la  confianza que esta pueda generar hacia el electorado y todos sabemos que la  situaci\u00f3n de crisis econ\u00f3mica profunda que vive la naci\u00f3n se debe precisamente a que la gente ha  perdido la confianza en el grupo gobernante. Por eso, ese grupo no tiene credibilidad, ni en sus palabras  ni\u00a0 en sus promesas de cara a lasa  pr\u00f3ximas elecciones.<\/p>\n<p>&#13;<\/p>\n<p align=\"justify\" class=\"text1noticias\">El electorado dominicano anda buscando  una alternativa de cambio en sus condiciones de vida y sabe cu\u00e1l es la situaci\u00f3n  de hambre y falta de esperanza por la que est\u00e1 atravesando. Adem\u00e1s el pueblo  dominicano anda buscando un cambio en los grupos que gobiernan el Estado para  que asuman de forma real los compromisos que contraen en campa\u00f1a. Este gobierno  ha sido un violador consuetudinario de los mismos, por eso cuando se observa al  gobierno desesperado, tratando de hacer en estos \u00faltimos 4 meses lo que no fue  capaz de hacer en 3 a\u00f1os y medio, entonces la gente ve\u00a0 esa actitud como lo que es: Demagogia. Por  eso, el rechazo del pa\u00eds al grupo en el gobierno y a la reelecci\u00f3n. <\/p>\n<p>&#13;<\/p>\n<p align=\"justify\" class=\"text1noticias\">En estos momentos s\u00f3lo las propuestas  hechas por el Ing. Miguel Vargas pueden darle los frutos que el pa\u00eds esta  necesitando para comenzar a resolver sus necesidades y los problemas  comunitarios y econ\u00f3micos b\u00e1sicos que hoy afectan de manera principal la  calidad de vida de los sectores pobres y medio de la sociedad. Por eso, no  debemos extra\u00f1arnos si contin\u00faan los ataques virulentos de un grupo gobernante  que entiende que el pa\u00eds es patrimonio suyo y que la poblaci\u00f3n debe apoyarlo  para ellos continuar en el disfrute pleno del poder, mientras la mayor\u00eda de la  naci\u00f3n se cae a pedazos. El hecho de que la reelecci\u00f3n busque el apoyo de la  poblaci\u00f3n es un derecho legitimo que le asiste, sin embargo tambi\u00e9n a la  poblaci\u00f3n le asiste el derecho de darle una respuesta contundente a quienes la  han sumido en la mayor crisis econ\u00f3mica y moral de los \u00faltimos tiempos. Por eso  el miedo de la reelecci\u00f3n y por eso los ataques desconsiderados contra Miguel  Vargas, ya que para ellos es quien ocupara el lugar que hoy ocupan quienes  est\u00e1n disfrutando del \u201cgran pastel\u201d que representa el Estado dominicano y sus  riquezas. <\/p>\n<p>&#13;<\/p>\n<p align=\"justify\" class=\"text1noticias\">La candidatura del Ing. Miguel Vargas  mete miedo a la reelecci\u00f3n porque esta cargada de propuestas realizables en el  \u00e1rea de empleos, educaci\u00f3n, alimentaci\u00f3n, viviendas, salud y en la econom\u00eda,  mientras la reelecci\u00f3n tiene el inconveniente\u00a0  de que no tiene propuestas para el pa\u00eds y si hiciera algunas, las mismas  no son cre\u00edbles porque la gente las percibe como fruto de la demagogia y no  como el producto de una voluntad sincera a favor de la naci\u00f3n, ya que si fueran  cre\u00edbles hubiesen sido realizadas en los \u00faltimos tres a\u00f1os y eso no se ha  hecho.<\/p>\n<p>&#13;<\/p>\n<p align=\"justify\" class=\"text1noticias\">La reelecci\u00f3n y el gobierno son como un  \u00e1rbol seco que no puede darle frutos a la naci\u00f3n dominicana. S\u00f3lo la  candidatura\u00a0 de Miguel Vargas luce como  un \u00e1rbol robusto y cargado de esperanzas para el pa\u00eds por la creatividad que se  advierte en sus propuestas para gobernar el pa\u00eds. Por eso la reelecci\u00f3n act\u00faa  tir\u00e1ndole piedras, tratando de quitarle su lozan\u00eda y sus frutos.<br \/>&#13;<br \/>\n  <br \/> &#13;<br \/>\nSin embargo la  reelecci\u00f3n pierde de vista que ya el pa\u00eds ha podido establecer cu\u00e1l de los dos  \u00e1rboles es que m\u00e1s frutos puede darle a la naci\u00f3n.<\/p>\n<p>&#13;<\/p>\n<p align=\"justify\" class=\"text1noticias\">Por eso, debemos terminar \u00e9ste trabajo  dici\u00e9ndole a la reelecci\u00f3n y al pa\u00eds como dice Cervantes en su novela \u201cEl  Quijote\u201d cuando Sancho le dice: Nos ladran los perros y Don Quijote le responde  no te preocupe Sancho, eso es se\u00f1al de que avanzamos.<\/p>\n<p>&#13;<\/p>\n<p align=\"justify\" class=\"text1noticias\"><strong>Evelio Arroyo es Soci\u00f3logo, Abogado y Escritor. Es,  adem\u00e1s, Director Nacional de Comunicaciones y Estrategias del Movimiento en  L\u00ednea con Miguel, que preside el Dr. Francisco Fern\u00e1ndez.<\/strong><\/p>\n<p>&#13;<\/p>\n<h6> 2008-02-05 17:33:01 <\/h6>\n<p><!--\n<link rel=\"stylesheet\" href=\"css\/bootstrap.min.css\">\n\n\n<ul class=\"pagination\">\n\t    \n\t\n\n<li >\n\t<a href='?page_no=12281'>Previous<\/a>\n\t<\/li>\n\n\n       \n    \n\n<li><a href='?page_no=1'>1<\/a><\/li>\n\n\n\n<li><a href='?page_no=2'>2<\/a><\/li>\n\n\n\n<li><a>...<\/a><\/li>\n\n\n\n<li><a href='?page_no=12280'>12280<\/a><\/li>\n\n\n\n<li><a href='?page_no=12281'>12281<\/a><\/li>\n\n\n\n<li class='active'><a>12282<\/a><\/li>\n\n\n\n<li><a href='?page_no=12283'>12283<\/a><\/li>\n\n\n\n<li><a href='?page_no=12284'>12284<\/a><\/li>\n\n\n\n<li><a>...<\/a><\/li>\n\n\n\n<li><a href='?page_no=13611'>13611<\/a><\/li>\n\n\n\n<li><a href='?page_no=13612'>13612<\/a><\/li>\n\n    \n\t\n\n<li >\n\t<a href='?page_no=12283'>Next<\/a>\n\t<\/li>\n\n\n    \n\n<li><a href='?page_no=13612'>Last &rsaquo;&rsaquo;<\/a><\/li>\n\n<\/ul>\n\n\n--><br \/>\n<\/body><\/p>\n","protected":false},"excerpt":{"rendered":"<p>Miguel Vargas y el Miedo de la Reelecci\u00f3n &#13; Siempre se ha dicho que al \u00e1rbol que da frutos es al que se le tira piedras. El hecho de que el Ing. Miguel Vargas sea atacado de forma impropia y desconsiderada por la reelecci\u00f3n y el grupo en el gobierno, viene a confirmar el miedo [&hellip;]<\/p>\n","protected":false},"author":3,"featured_media":0,"comment_status":"open","ping_status":"open","sticky":false,"template":"","format":"standard","meta":{"footnotes":""},"categories":[16],"tags":[],"class_list":["post-36417","post","type-post","status-publish","format-standard","hentry","category-opiniones"],"_links":{"self":[{"href":"https:\/\/diariodominicano.com\/index.php?rest_route=\/wp\/v2\/posts\/36417","targetHints":{"allow":["GET"]}}],"collection":[{"href":"https:\/\/diariodominicano.com\/index.php?rest_route=\/wp\/v2\/posts"}],"about":[{"href":"https:\/\/diariodominicano.com\/index.php?rest_route=\/wp\/v2\/types\/post"}],"author":[{"embeddable":true,"href":"https:\/\/diariodominicano.com\/index.php?rest_route=\/wp\/v2\/users\/3"}],"replies":[{"embeddable":true,"href":"https:\/\/diariodominicano.com\/index.php?rest_route=%2Fwp%2Fv2%2Fcomments&post=36417"}],"version-history":[{"count":0,"href":"https:\/\/diariodominicano.com\/index.php?rest_route=\/wp\/v2\/posts\/36417\/revisions"}],"wp:attachment":[{"href":"https:\/\/diariodominicano.com\/index.php?rest_route=%2Fwp%2Fv2%2Fmedia&parent=36417"}],"wp:term":[{"taxonomy":"category","embeddable":true,"href":"https:\/\/diariodominicano.com\/index.php?rest_route=%2Fwp%2Fv2%2Fcategories&post=36417"},{"taxonomy":"post_tag","embeddable":true,"href":"https:\/\/diariodominicano.com\/index.php?rest_route=%2Fwp%2Fv2%2Ftags&post=36417"}],"curies":[{"name":"wp","href":"https:\/\/api.w.org\/{rel}","templated":true}]}}