{"id":36416,"date":"2008-02-05T17:36:09","date_gmt":"2008-02-05T17:36:09","guid":{"rendered":"http:\/\/diariodominicano.ddns.net\/?p=36416"},"modified":"2008-02-05T17:36:09","modified_gmt":"2008-02-05T17:36:09","slug":"ayuntamiento-dice-que-el-avance-de-los-trabajos-del-relleno-sanitario-concita-interes-y-satisfaccion-entre-dirigentes-comunitarios","status":"publish","type":"post","link":"https:\/\/diariodominicano.com\/?p=36416","title":{"rendered":"Ayuntamiento dice que el avance de los trabajos del relleno sanitario concita inter\u00e9s y satisfacci\u00f3n entre dirigentes comunitarios"},"content":{"rendered":"<p><body><\/p>\n<p align=\"justify\" class=\"titulogrande1\"><strong>Ayuntamiento dice que el avance de los  trabajos del relleno sanitario concita inter\u00e9s y satisfacci\u00f3n entre dirigentes  comunitarios <\/strong><\/p>\n<p>&#13;<\/p>\n<p align=\"justify\" class=\"text1noticias\"><strong>SANTIAGO.- <\/strong>El avance de los trabajos para la construcci\u00f3n del  relleno sanitario concita inter\u00e9s y satisfacci\u00f3n entre dirigentes de  organizaciones comunitarias, cuyo h\u00e1bitat durante este per\u00edodo era  frecuentemente arropado por la humareda contaminante del vertedero a cielo  abierto de Rafey, inform\u00f3 este martes el Ayuntamiento Municipal.<\/p>\n<p>&#13;<\/p>\n<p align=\"justify\" class=\"text1noticias\">En  un despacho de prensa el cabildo santiaguense explic\u00f3 que la \u00e9poca cr\u00edtica en  que m\u00e1s se acentuaba la nebulosa\u00a0 f\u00e9tida  causada por la combusti\u00f3n de los desechos s\u00f3lidos, era entre noviembre y  febrero, cuando las condiciones clim\u00e1ticas provocan alteraciones en la  direcci\u00f3n de los vientos.<\/p>\n<p>&#13;<\/p>\n<p align=\"justify\" class=\"text1noticias\">Manifest\u00f3  que sin embargo, los santiagueros est\u00e1n\u00a0  viviendo justamente ese per\u00edodo y a\u00fan no se ha sentido la m\u00e1s m\u00ednima  humareda, la que en a\u00f1os pasados lleg\u00f3 hasta el \u00e1rea monumental.<\/p>\n<p>&#13;<\/p>\n<p align=\"justify\" class=\"text1noticias\">\u201cConcientes  de esa realidad medioambiental, dirigentes de juntas de vecinos y de otras  organizaciones con incidencia comunitaria manifiestan hoy gratitud a las  autoridades municipales, por haber encarado con decisi\u00f3n el proyecto del  relleno sanitario que se ejecuta en su\u00a0  primera etapa en el mismo seno del vertedero de Rafey\u201d, se\u00f1al\u00f3 el  documento. <\/p>\n<p>&#13;<\/p>\n<p align=\"justify\" class=\"text1noticias\">Detall\u00f3  la nota informativa del Ayuntamiento Municipal que los se\u00f1ores Alvaro Sosa, de la Junta de Vecinos de Rafey,  Fausto Cruz, representante del bloque de entidades populares del sector  Cienfuegos, y Oscar Faes Garc\u00eda, director de la fundaci\u00f3n espa\u00f1ola \u201cCometa de  Esperanza\u201d, del barrio La Mosca,  expresaron optimismo al comentar la nueva realidad que rodea a sus enclaves  sociales.<\/p>\n<p>&#13;<\/p>\n<p align=\"justify\" class=\"text1noticias\">\u201cLa  situaci\u00f3n que hoy\u00a0 observamos es  totalmente diferente. El humo es un asunto del pasado. <br \/>&#13;<br \/>\n  <br \/>&#13;<br \/>\nSiempre depositamos  nuestra fe y confianza en las gestiones que encaminaba nuestro s\u00edndico Jos\u00e9  Enrique Sued para resolver el problema del vertedero de Rafey\u201d, apuntaron,  explic\u00f3 el documento.<\/p>\n<p>&#13;<\/p>\n<p align=\"justify\" class=\"text1noticias\">Agreg\u00f3  que los santiagueros recordaron la tit\u00e1nica lucha que tuvo que librar el  s\u00edndico Sued, tocando las puertas de los diferentes sectores, p\u00fablico y  privado, en busca de aunar esfuerzos a favor de solucionar la problem\u00e1tica. <\/p>\n<p>&#13;<\/p>\n<p align=\"justify\" class=\"text1noticias\">\u201cHoy,  el ejecutivo edilicio recibe el reconocimiento y voto de confianza de los  sectores comunitarios, incluso, de hasta aquellas voces que le adversaban\u201d,  expres\u00f3.<\/p>\n<p>&#13;<\/p>\n<p align=\"justify\" class=\"text1noticias\">Indic\u00f3  adem\u00e1s que el s\u00edndico Jos\u00e9 Enrique Sued ha sido reiterativo en proclamar que no  escatimar\u00e1 esfuerzos ni recursos en aras de elevar la calidad de vida de la  municipalidad santiaguense. <\/p>\n<p>&#13;<\/p>\n<p align=\"justify\" class=\"text1noticias\">\u201cLa  contaminaci\u00f3n del vertedero de Rafey era una de mis grandes preocupaciones y,  gracias a Dios, los pasos que hemos encaminado nos confirman que vamos  navegando a puerto seguro\u201d, declar\u00f3 Sued, dijo la nota.<\/p>\n<p>&#13;<\/p>\n<p align=\"justify\" class=\"text1noticias\">A\u00f1adi\u00f3  que recientemente una delegaci\u00f3n de la Agencia de Cooperaci\u00f3n del Jap\u00f3n (JAICA)\u00a0 visit\u00f3 al s\u00edndico Sued, para entregarle a la  administraci\u00f3n edilicia la certificaci\u00f3n de la primera celda del relleno\u00a0 sanitario, proyecto que ejecutan las  autoridades municipales santiaguenses, bajo el m\u00e9todo japon\u00e9s Fukuoka, que es  modelo en el \u00e1rea del Caribe.<\/p>\n<p>&#13;<\/p>\n<p align=\"justify\" class=\"text1noticias\">\u201cDe  esta forma las autoridades municipales a trav\u00e9s de la Unidad de Gesti\u00f3n Integral  de Residuos S\u00f3lidos, iniciaron este a\u00f1o la operaci\u00f3n del relleno sanitario con  la primera celda certificada, utilizando el m\u00e9todo semi aer\u00f3bico Fukuoka, para  la disposici\u00f3n\u00a0 y tratamiento final de  los residuos s\u00f3lidos\u201d, detall\u00f3 el documento del cabildo.<\/p>\n<p>&#13;<\/p>\n<p align=\"justify\" class=\"text1noticias\">Concluy\u00f3  que el ejecutivo\u00a0 municipal\u00a0 aprovech\u00f3 la visita de los t\u00e9cnicos\u00a0 extranjeros para reiterarle su gratitud al  gobierno japon\u00e9s por la cooperaci\u00f3n, que a trav\u00e9s de la JAICA est\u00e1 recibiendo\u00a0 la municipalidad santiaguense en la  construcci\u00f3n del proyecto del relleno sanitario.<\/p>\n<p>&#13;<\/p>\n<h6> 2008-02-05 17:36:09 <\/h6>\n<p><!--\n<link rel=\"stylesheet\" href=\"css\/bootstrap.min.css\">\n\n\n<ul class=\"pagination\">\n\t    \n\t\n\n<li >\n\t<a href='?page_no=12280'>Previous<\/a>\n\t<\/li>\n\n\n       \n    \n\n<li><a href='?page_no=1'>1<\/a><\/li>\n\n\n\n<li><a href='?page_no=2'>2<\/a><\/li>\n\n\n\n<li><a>...<\/a><\/li>\n\n\n\n<li><a href='?page_no=12279'>12279<\/a><\/li>\n\n\n\n<li><a href='?page_no=12280'>12280<\/a><\/li>\n\n\n\n<li class='active'><a>12281<\/a><\/li>\n\n\n\n<li><a href='?page_no=12282'>12282<\/a><\/li>\n\n\n\n<li><a href='?page_no=12283'>12283<\/a><\/li>\n\n\n\n<li><a>...<\/a><\/li>\n\n\n\n<li><a href='?page_no=13611'>13611<\/a><\/li>\n\n\n\n<li><a href='?page_no=13612'>13612<\/a><\/li>\n\n    \n\t\n\n<li >\n\t<a href='?page_no=12282'>Next<\/a>\n\t<\/li>\n\n\n    \n\n<li><a href='?page_no=13612'>Last &rsaquo;&rsaquo;<\/a><\/li>\n\n<\/ul>\n\n\n--><br \/>\n<\/body><\/p>\n","protected":false},"excerpt":{"rendered":"<p>Ayuntamiento dice que el avance de los trabajos del relleno sanitario concita inter\u00e9s y satisfacci\u00f3n entre dirigentes comunitarios &#13; SANTIAGO.- El avance de los trabajos para la construcci\u00f3n del relleno sanitario concita inter\u00e9s y satisfacci\u00f3n entre dirigentes de organizaciones comunitarias, cuyo h\u00e1bitat durante este per\u00edodo era frecuentemente arropado por la humareda contaminante del vertedero a [&hellip;]<\/p>\n","protected":false},"author":3,"featured_media":0,"comment_status":"open","ping_status":"open","sticky":false,"template":"","format":"standard","meta":{"footnotes":""},"categories":[16],"tags":[],"class_list":["post-36416","post","type-post","status-publish","format-standard","hentry","category-opiniones"],"_links":{"self":[{"href":"https:\/\/diariodominicano.com\/index.php?rest_route=\/wp\/v2\/posts\/36416","targetHints":{"allow":["GET"]}}],"collection":[{"href":"https:\/\/diariodominicano.com\/index.php?rest_route=\/wp\/v2\/posts"}],"about":[{"href":"https:\/\/diariodominicano.com\/index.php?rest_route=\/wp\/v2\/types\/post"}],"author":[{"embeddable":true,"href":"https:\/\/diariodominicano.com\/index.php?rest_route=\/wp\/v2\/users\/3"}],"replies":[{"embeddable":true,"href":"https:\/\/diariodominicano.com\/index.php?rest_route=%2Fwp%2Fv2%2Fcomments&post=36416"}],"version-history":[{"count":0,"href":"https:\/\/diariodominicano.com\/index.php?rest_route=\/wp\/v2\/posts\/36416\/revisions"}],"wp:attachment":[{"href":"https:\/\/diariodominicano.com\/index.php?rest_route=%2Fwp%2Fv2%2Fmedia&parent=36416"}],"wp:term":[{"taxonomy":"category","embeddable":true,"href":"https:\/\/diariodominicano.com\/index.php?rest_route=%2Fwp%2Fv2%2Fcategories&post=36416"},{"taxonomy":"post_tag","embeddable":true,"href":"https:\/\/diariodominicano.com\/index.php?rest_route=%2Fwp%2Fv2%2Ftags&post=36416"}],"curies":[{"name":"wp","href":"https:\/\/api.w.org\/{rel}","templated":true}]}}