{"id":364156,"date":"2022-06-26T14:08:25","date_gmt":"2022-06-26T18:08:25","guid":{"rendered":"http:\/\/diariodominicano.com\/?p=364156"},"modified":"2022-06-26T14:10:54","modified_gmt":"2022-06-26T18:10:54","slug":"alcalde-abel-martinez-lamenta-el-fallecimiento-del-humorista-santiaguero-nicolas-diaz-margaro","status":"publish","type":"post","link":"https:\/\/diariodominicano.com\/?p=364156","title":{"rendered":"Alcalde Abel Mart\u00ednez lamenta el fallecimiento del humorista santiaguero Nicol\u00e1s Diaz, Margaro"},"content":{"rendered":"\n<p><\/p>\n\n\n\n<p><strong>Mart\u00ednez destac\u00f3 el talento nato del humorista, de quien dijo supo interpretar fielmente las vivencias del pueblo dominicano<\/strong><\/p>\n\n\n\n<p><strong>Santiago  RD. &#8211;<\/strong> El alcalde Abel Mart\u00ednez, expres\u00f3 hoy su gran pesar por el fallecimiento del popular humorista<strong> Nicol\u00e1s Diaz, Margaro,<\/strong> oriundo del barrio El Ejido de Santiago, quien durante varias d\u00e9cadas se destac\u00f3 como uno de los m\u00e1s populares del humor de nuestro pa\u00eds, compartiendo escenario con las m\u00e1s grandes figuras del humor.<\/p>\n\n\n\n<figure class=\"wp-block-image size-large\"><img loading=\"lazy\" decoding=\"async\" width=\"1024\" height=\"682\" src=\"https:\/\/diariodominicano.com\/wp-content\/uploads\/2022\/06\/Mural-en-honor-a-La-Escuelota-1024x682.jpg\" alt=\"\" class=\"wp-image-364160\" srcset=\"https:\/\/diariodominicano.com\/wp-content\/uploads\/2022\/06\/Mural-en-honor-a-La-Escuelota-1024x682.jpg 1024w, https:\/\/diariodominicano.com\/wp-content\/uploads\/2022\/06\/Mural-en-honor-a-La-Escuelota-300x200.jpg 300w, https:\/\/diariodominicano.com\/wp-content\/uploads\/2022\/06\/Mural-en-honor-a-La-Escuelota-768x512.jpg 768w, https:\/\/diariodominicano.com\/wp-content\/uploads\/2022\/06\/Mural-en-honor-a-La-Escuelota-816x544.jpg 816w, https:\/\/diariodominicano.com\/wp-content\/uploads\/2022\/06\/Mural-en-honor-a-La-Escuelota.jpg 1280w\" sizes=\"auto, (max-width: 1024px) 100vw, 1024px\" \/><figcaption>El mural de ciudad que honra a Margaro<\/figcaption><\/figure>\n\n\n\n<p>Abel Mart\u00ednez destac\u00f3 la exitosa carrera en el mundo del humor por parte de Margaro,&nbsp; que en vida fue reconocido por la actual gesti\u00f3n municipal con un mural de ciudad donde aparece el rostro del popular comediante, que tambi\u00e9n fue declarado como \u201cHijo Distinguido de Santiago\u201d.<\/p>\n\n\n\n<p>\u201cNo hay duda de que con la muerte de nuestro querido Margaro, el pa\u00eds pierde a un artista de un talento nato que siempre supo interpretar las vivencias del pueblo dominicano, Margaro fue un ser humano noble y sencillo que nos hizo re\u00edr d\u00eda tras d\u00eda y hoy Santiago est\u00e1 de luto por su partida\u201d, destac\u00f3 Abel Mart\u00ednez.<\/p>\n\n\n\n<p>La presente gesti\u00f3n del alcalde Abel Mart\u00ednez, le reconoci\u00f3 nuevamente en el homenaje al legendario programa de humor \u201cLa Escuelota\u201d, de don Freddy Beras Goico, en el que Margaro comparti\u00f3 escenario junto al propio Beras Goico y los tambi\u00e9n humoristas Felipe Polanco, Boruga, Mar\u00eda Rosa Alm\u00e1nzar, Cuquin Victoria, Nani Pe\u00f1a, Philips Rodr\u00edguez, Luis Gil y Kenny Grull\u00f3n, entre otros.<\/p>\n\n\n\n<p>De acuerdo a las informaciones preliminares, Nicol\u00e1s D\u00edaz, Margaro, quien hab\u00eda confrontado problemas con su salud que obligaron a su internamiento en varias ocasiones, falleci\u00f3 por un infarto fulminante mientras dorm\u00eda en su residencia.<\/p>\n\n\n\n<p><strong>Direcci\u00f3n de Comunicaci\u00f3n y Prensa, Ayuntamiento de Santiago<\/strong><\/p>\n\n\n\n<p><strong>Santiago 26 de junio 2022<\/strong><\/p>\n","protected":false},"excerpt":{"rendered":"<p>Mart\u00ednez destac\u00f3 el talento nato del humorista, de quien dijo supo interpretar fielmente las vivencias del pueblo dominicano Santiago RD. &#8211; El alcalde Abel Mart\u00ednez, expres\u00f3 hoy su gran pesar por el fallecimiento del popular humorista Nicol\u00e1s Diaz, Margaro, oriundo del barrio El Ejido de Santiago, quien durante varias d\u00e9cadas se destac\u00f3 como uno de [&hellip;]<\/p>\n","protected":false},"author":28,"featured_media":364157,"comment_status":"closed","ping_status":"","sticky":true,"template":"","format":"standard","meta":{"footnotes":""},"categories":[26,25,27],"tags":[],"class_list":["post-364156","post","type-post","status-publish","format-standard","has-post-thumbnail","hentry","category-efemerides","category-gente","category-portada"],"_links":{"self":[{"href":"https:\/\/diariodominicano.com\/index.php?rest_route=\/wp\/v2\/posts\/364156","targetHints":{"allow":["GET"]}}],"collection":[{"href":"https:\/\/diariodominicano.com\/index.php?rest_route=\/wp\/v2\/posts"}],"about":[{"href":"https:\/\/diariodominicano.com\/index.php?rest_route=\/wp\/v2\/types\/post"}],"author":[{"embeddable":true,"href":"https:\/\/diariodominicano.com\/index.php?rest_route=\/wp\/v2\/users\/28"}],"replies":[{"embeddable":true,"href":"https:\/\/diariodominicano.com\/index.php?rest_route=%2Fwp%2Fv2%2Fcomments&post=364156"}],"version-history":[{"count":3,"href":"https:\/\/diariodominicano.com\/index.php?rest_route=\/wp\/v2\/posts\/364156\/revisions"}],"predecessor-version":[{"id":364161,"href":"https:\/\/diariodominicano.com\/index.php?rest_route=\/wp\/v2\/posts\/364156\/revisions\/364161"}],"wp:featuredmedia":[{"embeddable":true,"href":"https:\/\/diariodominicano.com\/index.php?rest_route=\/wp\/v2\/media\/364157"}],"wp:attachment":[{"href":"https:\/\/diariodominicano.com\/index.php?rest_route=%2Fwp%2Fv2%2Fmedia&parent=364156"}],"wp:term":[{"taxonomy":"category","embeddable":true,"href":"https:\/\/diariodominicano.com\/index.php?rest_route=%2Fwp%2Fv2%2Fcategories&post=364156"},{"taxonomy":"post_tag","embeddable":true,"href":"https:\/\/diariodominicano.com\/index.php?rest_route=%2Fwp%2Fv2%2Ftags&post=364156"}],"curies":[{"name":"wp","href":"https:\/\/api.w.org\/{rel}","templated":true}]}}