{"id":36412,"date":"2008-02-06T18:17:20","date_gmt":"2008-02-06T18:17:20","guid":{"rendered":"http:\/\/diariodominicano.ddns.net\/?p=36412"},"modified":"2008-02-06T18:17:20","modified_gmt":"2008-02-06T18:17:20","slug":"los-temas-de-teledebate-3","status":"publish","type":"post","link":"https:\/\/diariodominicano.com\/?p=36412","title":{"rendered":"LOS TEMAS DE TELEDEBATE"},"content":{"rendered":"<p><body><\/p>\n<p class=\"titulogrande1\">LOS TEMAS DE TELEDEBATE<\/p>\n<p>&#13;<\/p>\n<p align=\"justify\" class=\"text1noticias\"><strong>EL ESCASO VALOR DE LA VIDA.\u00a0<\/strong>   Ayer coment\u00e0bamos el asesinato de un ciudadano en un  sector de la capital con la \u00f9nica finalidad de despojarlo de unos tennis, como  una se\u00f1al de deterioro del valor de la vida humana en nuestro pa\u00ecs, y de la  conversi\u00f2n de la delincuencia en criminalidad.\u00a0  Ahora, como nueva evidencia, tenemos que este domingo muy cerca de la  medianoche dos tenientes retirados, uno de la Polic\u00eca Nacional  y el otro del Ej\u00e8rcito, entablaron una batalla a tiros y perdieron la vida, por  un accidente sin importancia, cuando uno de ellos roz\u00f2 al otro y como  consecuencia hizo caer al piso una botella de ron.\u00a0 De las palabras, a los tiros.\u00a0 De los tiros, al cementerio.\u00a0 <\/p>\n<p>&#13;<\/p>\n<p align=\"justify\" class=\"text1noticias\"><strong>\u00bfD\u00d3NDE ESTAN LOS QUE  FALTAN?\u00a0<\/strong> Tanto el ex Secretario de Agricultura  de la pasada administraci\u00f2n Eligio J\u00e0quez como otros ex funcionarios de esa  cartera durante su gesti\u00f2n, fueron definitivamente descartados de la causa  incoada por alegada distribuci\u00f2n irregular de los invernaderos.\u00a0 La   C\u00e0mara que conoci\u00f2 el recurso de apelaci\u00f2n interpuesto contra  el fallo absolutorio dictado en primera instancia, dictamin\u00f2 que el DEPRECO no  pudo probar los hechos imputados.\u00a0 Queda  en pie, sin embargo, otra cuesti\u00f2n muy importante y es el destino de los otros  cuarenta invernaderos que la empresa espa\u00f1ola a la que se otorg\u00f2 el contrato  a\u00f9n no ha entregado, pese a que le fueron pagados por adelantado.\u00a0 En d\u00ecas pasados se public\u00f2 que el gobierno  dominicano ha solicitado del espa\u00f1ol intervenir para resolver esta situaci\u00f2n,  pero hasta ahora no se sabe el resultado de dicha gesti\u00f2n.\u00a0 Lo que s\u00ec queda como lecci\u00f2n a aprender para  el futuro es a no pagar por anticipado, como se ha hecho en este caso.\u00a0 Por lo dem\u00e0s, los invernaderos constituyen un  gran avance para la producci\u00f2n agr\u00eccola.<\/p>\n<p>&#13;<\/p>\n<p align=\"justify\" class=\"text1noticias\"><strong>ESTADISTICA IMPRESIONANTE.<\/strong>\u00a0 Mientras contin\u00f9a el intercambio de los  peores insultos, que rayan en la indecencia, matizando la presente campa\u00f1a  electoral, el matutino Hoy tuvo la oportuna iniciativa de recopilar y reproducir  el balance de muertes registrado en las \u00f9ltimas nueve, desde 1986 hasta las  pasadas del 2006, totalizando 127 reconocidas oficialmente as\u00ec como m\u00e0s de 430  heridos.\u00a0 Las cifras mayores corresponden  a las elecciones de 1994, que arrojaron un tr\u00e0gico saldo de 40 v\u00ecctimas fatales  y por sobre un centenar de heridos y las subsiguientes de 1996, donde hubo 30  muertos y m\u00e0s de 50 heridos.\u00a0 Las tres  m\u00e0s pac\u00ecficas han sido las presidenciales de 1990 y las congresionales y  municipales del 2002 y 2006, en que se contabilizaron cinco muertes en cada una  y unos sesenta heridos en total.\u00a0 Lo  deseable ser\u00eca que el proceso electoral fuera en realidad una fiesta  democr\u00e0tica y no una cr\u00f2nica mortuoria.\u00a0  Pero lo cierto es que si los partidos en pugna no moderan el lenguaje,  dejan de lado los insultos y convierten en tema de debate la agenda de  problemas nacionales, nada bueno puede augurarse.\u00a0 \u00bfAtender\u00e0n los partidos en lucha el reclamo  de sensatez antes de que ocurran hechos tr\u00e0gicos?\u00a0 \u00bfSer\u00e0 necesario pagar con sangre asumir una  conducta m\u00e0s civilizada?<\/p>\n<p>&#13;<\/p>\n<p align=\"justify\" class=\"text1noticias\"><strong>JOSE RAFAEL VARGAS.<\/strong>\u00a0 Hoy a media ma\u00f1ana, la sala Manuel del  Cabral, de la impresionante sede que alberga la\u00a0   Biblioteca Pedro Mir de la Universidad Aut\u00f2noma  de Santo Domingo, sirvi\u00f2 de marco para la investidura como profesor honor\u00ecfico  de la Facultad  de Ciencias del Alma M\u00e0ter, de Jos\u00e8 Rafael Vargas, colega y amigo, por su  destacado desempe\u00f1o al frente de INDOTEL.\u00a0  El alto honor fue conferido a Vargas por resoluci\u00f2n un\u00e0nime del  Claustro.\u00a0 El discurso de aceptaci\u00f2n de  Vargas se focaliz\u00f2 en el reto de la educaci\u00f2n en la actual y exigente etapa de  la tecnolog\u00eca digital, expresando con justificado orgullo que hoy todas las  comunidades de las 32 provincias del pa\u00ecs est\u00e0n enlazadas a la red virtual. Tan  solo en la UASD  y sus extensiones en diferentes provincias, donde INDOTEL ha establecido salas  que cuentan con cientos de computadoras y bibliotecas virtuales, \u00e8stas han  recibido m\u00e0s de dos millones de visitas de un estudiantado \u00e0vido por obtener  informaci\u00f2n que les permita superar su nivel de conocimientos.\u00a0 Particularmente emotivo fue el discurso del  Rector Roberto Reyna, quien destac\u00f2 en Jos\u00e8 Rafael Vargas sus tempranos aportes  a la cultura que se iniciaron en su nativa Moca, su permanente vocaci\u00f2n de  servicio a la sociedad, su esp\u00ecritu de superaci\u00f2n y su honestidad acrisolada  que lo han convertido tanto en funcionario modelo como en ejemplo para la  juventud dominicana.\u00a0 <\/p>\n<p>&#13;<\/p>\n<h6> 2008-02-06 18:17:20 <\/h6>\n<p><!--\n<link rel=\"stylesheet\" href=\"css\/bootstrap.min.css\">\n\n\n<ul class=\"pagination\">\n\t    \n\t\n\n<li >\n\t<a href='?page_no=12277'>Previous<\/a>\n\t<\/li>\n\n\n       \n    \n\n<li><a href='?page_no=1'>1<\/a><\/li>\n\n\n\n<li><a href='?page_no=2'>2<\/a><\/li>\n\n\n\n<li><a>...<\/a><\/li>\n\n\n\n<li><a href='?page_no=12276'>12276<\/a><\/li>\n\n\n\n<li><a href='?page_no=12277'>12277<\/a><\/li>\n\n\n\n<li class='active'><a>12278<\/a><\/li>\n\n\n\n<li><a href='?page_no=12279'>12279<\/a><\/li>\n\n\n\n<li><a href='?page_no=12280'>12280<\/a><\/li>\n\n\n\n<li><a>...<\/a><\/li>\n\n\n\n<li><a href='?page_no=13611'>13611<\/a><\/li>\n\n\n\n<li><a href='?page_no=13612'>13612<\/a><\/li>\n\n    \n\t\n\n<li >\n\t<a href='?page_no=12279'>Next<\/a>\n\t<\/li>\n\n\n    \n\n<li><a href='?page_no=13612'>Last &rsaquo;&rsaquo;<\/a><\/li>\n\n<\/ul>\n\n\n--><br \/>\n<\/body><\/p>\n","protected":false},"excerpt":{"rendered":"<p>LOS TEMAS DE TELEDEBATE &#13; EL ESCASO VALOR DE LA VIDA.\u00a0 Ayer coment\u00e0bamos el asesinato de un ciudadano en un sector de la capital con la \u00f9nica finalidad de despojarlo de unos tennis, como una se\u00f1al de deterioro del valor de la vida humana en nuestro pa\u00ecs, y de la conversi\u00f2n de la delincuencia en [&hellip;]<\/p>\n","protected":false},"author":3,"featured_media":0,"comment_status":"open","ping_status":"open","sticky":false,"template":"","format":"standard","meta":{"footnotes":""},"categories":[16],"tags":[],"class_list":["post-36412","post","type-post","status-publish","format-standard","hentry","category-opiniones"],"_links":{"self":[{"href":"https:\/\/diariodominicano.com\/index.php?rest_route=\/wp\/v2\/posts\/36412","targetHints":{"allow":["GET"]}}],"collection":[{"href":"https:\/\/diariodominicano.com\/index.php?rest_route=\/wp\/v2\/posts"}],"about":[{"href":"https:\/\/diariodominicano.com\/index.php?rest_route=\/wp\/v2\/types\/post"}],"author":[{"embeddable":true,"href":"https:\/\/diariodominicano.com\/index.php?rest_route=\/wp\/v2\/users\/3"}],"replies":[{"embeddable":true,"href":"https:\/\/diariodominicano.com\/index.php?rest_route=%2Fwp%2Fv2%2Fcomments&post=36412"}],"version-history":[{"count":0,"href":"https:\/\/diariodominicano.com\/index.php?rest_route=\/wp\/v2\/posts\/36412\/revisions"}],"wp:attachment":[{"href":"https:\/\/diariodominicano.com\/index.php?rest_route=%2Fwp%2Fv2%2Fmedia&parent=36412"}],"wp:term":[{"taxonomy":"category","embeddable":true,"href":"https:\/\/diariodominicano.com\/index.php?rest_route=%2Fwp%2Fv2%2Fcategories&post=36412"},{"taxonomy":"post_tag","embeddable":true,"href":"https:\/\/diariodominicano.com\/index.php?rest_route=%2Fwp%2Fv2%2Ftags&post=36412"}],"curies":[{"name":"wp","href":"https:\/\/api.w.org\/{rel}","templated":true}]}}