{"id":364107,"date":"2022-06-26T00:47:25","date_gmt":"2022-06-26T04:47:25","guid":{"rendered":"http:\/\/diariodominicano.com\/?p=364107"},"modified":"2022-06-26T00:47:25","modified_gmt":"2022-06-26T04:47:25","slug":"cuba-rememora-declaracion-de-caracter-irrevocable-del-socialismo","status":"publish","type":"post","link":"https:\/\/diariodominicano.com\/?p=364107","title":{"rendered":"Cuba rememora declaraci\u00f3n de car\u00e1cter irrevocable del socialismo"},"content":{"rendered":"\n<h1 class=\"wp-block-heading\"><\/h1>\n\n\n\n<p>La Habana, 26 jun (Prensa Latina) Cuba rememora hoy la declaraci\u00f3n por la Asamblea Nacional del Poder Popular del car\u00e1cter irrevocable del socialismo, en el 2002, luego de un referendo en el que dieron su apoyo m\u00e1s de ocho millones de personas.<\/p>\n\n\n\n<ul class=\"wp-block-list\"><li>junio 26, 2022<\/li><li>CDT00:11 (GMT) -0400<\/li><\/ul>\n\n\n\n<ul class=\"wp-block-list\"><li>Fotos: FotosPL: Vladimir Molina<\/li><\/ul>\n\n\n\n<p>Durante una de las sesiones de la V legislatura, los integrantes del m\u00e1ximo \u00f3rgano legislativo de la isla aprobaron por unanimidad incorporar un art\u00edculo a la Constituci\u00f3n de 1976, en el que se declarara que la isla nunca volver\u00eda al capitalismo.<\/p>\n\n\n\n<p>Con anterioridad en el pa\u00eds se desarroll\u00f3 un plebiscito en el que m\u00e1s de ocho millones de electores votaron a favor del contenido socialista de la Carta Magna, en respuesta a las manifestaciones injerencistas del entonces presidente de Estados Unidos George W. Bush.<\/p>\n\n\n\n<p>En el texto se expres\u00f3 claramente la prohibici\u00f3n de negociar bajo presi\u00f3n, coacci\u00f3n o amenaza de una potencia extranjera y el car\u00e1cter irrevocable del sistema pol\u00edtico, econ\u00f3mico y social imperante.<\/p>\n\n\n\n<p>Al aprobarse el acuerdo del parlamento cubano el l\u00edder hist\u00f3rico de la Revoluci\u00f3n Cubana Fidel Castro dijo que el prop\u00f3sito de esta acci\u00f3n era preservar los frutos de la obra revolucionaria en un momento en el que cada vez era m\u00e1s evidente la inviabilidad del capitalismo para resolver los problemas m\u00e1s apremiantes de la Humanidad.<\/p>\n\n\n\n<p>Esta fue la tercera reforma constitucional a la carta magna de 1976, que hab\u00eda tenido modificaciones en 1992 para perfeccionar la labor de los \u00f3rganos locales del Poder Popular y ratificar el compromiso del pueblo con la nueva sociedad.<\/p>\n\n\n\n<p>En 2019 el pa\u00eds aprob\u00f3 una nueva constituci\u00f3n en cuyo art\u00edculo cuarto se ratifica el car\u00e1cter irrevocable del socialismo en Cuba y lleva este concepto a un plano jur\u00eddico superior al declarar que la isla es un Estado Socialista de Derecho.<\/p>\n\n\n\n<p>mem\/jfs<\/p>\n","protected":false},"excerpt":{"rendered":"<p>La Habana, 26 jun (Prensa Latina) Cuba rememora hoy la declaraci\u00f3n por la Asamblea Nacional del Poder Popular del car\u00e1cter irrevocable del socialismo, en el 2002, luego de un referendo en el que dieron su apoyo m\u00e1s de ocho millones de personas. junio 26, 2022 CDT00:11 (GMT) -0400 Fotos: FotosPL: Vladimir Molina Durante una de [&hellip;]<\/p>\n","protected":false},"author":28,"featured_media":364108,"comment_status":"closed","ping_status":"","sticky":false,"template":"","format":"standard","meta":{"footnotes":""},"categories":[26],"tags":[],"class_list":["post-364107","post","type-post","status-publish","format-standard","has-post-thumbnail","hentry","category-efemerides"],"_links":{"self":[{"href":"https:\/\/diariodominicano.com\/index.php?rest_route=\/wp\/v2\/posts\/364107","targetHints":{"allow":["GET"]}}],"collection":[{"href":"https:\/\/diariodominicano.com\/index.php?rest_route=\/wp\/v2\/posts"}],"about":[{"href":"https:\/\/diariodominicano.com\/index.php?rest_route=\/wp\/v2\/types\/post"}],"author":[{"embeddable":true,"href":"https:\/\/diariodominicano.com\/index.php?rest_route=\/wp\/v2\/users\/28"}],"replies":[{"embeddable":true,"href":"https:\/\/diariodominicano.com\/index.php?rest_route=%2Fwp%2Fv2%2Fcomments&post=364107"}],"version-history":[{"count":1,"href":"https:\/\/diariodominicano.com\/index.php?rest_route=\/wp\/v2\/posts\/364107\/revisions"}],"predecessor-version":[{"id":364109,"href":"https:\/\/diariodominicano.com\/index.php?rest_route=\/wp\/v2\/posts\/364107\/revisions\/364109"}],"wp:featuredmedia":[{"embeddable":true,"href":"https:\/\/diariodominicano.com\/index.php?rest_route=\/wp\/v2\/media\/364108"}],"wp:attachment":[{"href":"https:\/\/diariodominicano.com\/index.php?rest_route=%2Fwp%2Fv2%2Fmedia&parent=364107"}],"wp:term":[{"taxonomy":"category","embeddable":true,"href":"https:\/\/diariodominicano.com\/index.php?rest_route=%2Fwp%2Fv2%2Fcategories&post=364107"},{"taxonomy":"post_tag","embeddable":true,"href":"https:\/\/diariodominicano.com\/index.php?rest_route=%2Fwp%2Fv2%2Ftags&post=364107"}],"curies":[{"name":"wp","href":"https:\/\/api.w.org\/{rel}","templated":true}]}}