{"id":364091,"date":"2022-06-26T00:25:06","date_gmt":"2022-06-26T04:25:06","guid":{"rendered":"http:\/\/diariodominicano.com\/?p=364091"},"modified":"2022-06-26T00:30:21","modified_gmt":"2022-06-26T04:30:21","slug":"duarte-se-reune-con-representativos-del-cibao","status":"publish","type":"post","link":"https:\/\/diariodominicano.com\/?p=364091","title":{"rendered":"Duarte en reuni\u00f3n con representativos del Cibao"},"content":{"rendered":"\n<p>Por H\u00e9ctor Tineo Nolasco<\/p>\n\n\n\n<p>Diariodominicano.com<\/p>\n\n\n\n<p>L<strong>a Vega, RD,<\/strong>  el&nbsp; 26 de junio de 1844, el general Juan Pablo Duarte se reuni\u00f3 con representativos de La Vega, y all\u00ed recibi\u00f3 el apoyo de las autoridades y de la poblaci\u00f3n.<\/p>\n\n\n\n<p>&nbsp;&nbsp; &nbsp;&nbsp;&nbsp;&nbsp;&nbsp;&nbsp; &nbsp;Duarte lleg\u00f3 a La Vega, el d\u00eda 25 de junio como parte de la misi\u00f3n que inici\u00f3 el d\u00eda 20 en la ciudad Santo Domingo&nbsp; a la regi\u00f3n del Cibao. Permaneci\u00f3 en&nbsp; La Vega hasta el d\u00eda 29 de Junio.<\/p>\n\n\n\n<figure class=\"wp-block-image size-full\"><img loading=\"lazy\" decoding=\"async\" width=\"300\" height=\"223\" src=\"https:\/\/diariodominicano.com\/wp-content\/uploads\/2022\/01\/mella000.jpg\" alt=\"\" class=\"wp-image-324382\"\/><\/figure>\n\n\n\n<p>&nbsp;&nbsp;&nbsp; &nbsp;&nbsp;&nbsp;&nbsp;&nbsp; En el Cibao&nbsp; Duarte se enter\u00f3 de que el pr\u00f3cer Mat\u00edas Ram\u00f3n Mella ten\u00eda planeado organizar un movimiento para proclamarlo Presidente de la Rep\u00fablica.<\/p>\n\n\n\n<p>&nbsp; &nbsp;&nbsp;&nbsp;&nbsp;&nbsp;&nbsp;&nbsp; El 20 de junio de 1844, cumpliendo una disposici\u00f3n de la Junta Central Gubernativa, el general Juan Pablo Duarte viaj\u00f3 al Cibao con la misi\u00f3n de \u201cintervenir en las discordias intestinas y restablecer la paz y el orden necesario para la prosperidad p\u00fablica\u201d, en esa parte del pa\u00eds.<\/p>\n\n\n\n<p>&nbsp;&nbsp; &nbsp;&nbsp;&nbsp;&nbsp;&nbsp;&nbsp; La Junta Central Gubernativa estaba&nbsp; controlada por los trinitarios que hab\u00edan dado un golpe de Estado el 9 de junio de 1844, contra el organismo Gobierno&nbsp; presidido por Tom\u00e1s Bobadilla y Briones.<\/p>\n\n\n\n<p>&nbsp;&nbsp;&nbsp; El&nbsp; d\u00eda 10 de junio de 1844,&nbsp; la Junta Central Gubernativa, presidida por el pr\u00f3cer Francisco del Rosario S\u00e1nchez&nbsp; aprob\u00f3&nbsp; enviar al general Juan Pablo Duarte a las provincias del Cibao, a fin de que orientara a la poblaci\u00f3n que se encontraba muy inquieta por las versiones que daban cuenta de la existencia de&nbsp; planes para&nbsp; convertir el pa\u00eds en un protectorado de Francia.<\/p>\n\n\n\n<p>&nbsp;&nbsp;&nbsp; &nbsp;&nbsp;&nbsp;&nbsp;&nbsp; Los planes en procura del protectorado de Francia, dividieron a los dominicanos.&nbsp; En consecuencia, cuando Juan Pablo Duarte ten\u00eda la misi\u00f3n de \u201cintervenir en las discordias intestinas&nbsp; y restablecer la paz y el orden necesarios para la prosperidad&nbsp; p\u00fablica\u201d.<\/p>\n\n\n\n<p>&nbsp;&nbsp;&nbsp;&nbsp;&nbsp;&nbsp;&nbsp; Los trinitarios tomaron el poder el d\u00eda&nbsp; 9 de junio de 1844, cuando dieron&nbsp; un golpe de Estado para quitar el poder a los conservadores que controlaban la Junta Central Gubernativa, presidida por Tom\u00e1s Bobadilla. El grupo deseaba&nbsp; convertir la naciente Rep\u00fablica Dominicana en un protectorado de Francia.<\/p>\n","protected":false},"excerpt":{"rendered":"<p>Por H\u00e9ctor Tineo Nolasco Diariodominicano.com La Vega, RD, el&nbsp; 26 de junio de 1844, el general Juan Pablo Duarte se reuni\u00f3 con representativos de La Vega, y all\u00ed recibi\u00f3 el apoyo de las autoridades y de la poblaci\u00f3n. &nbsp;&nbsp; &nbsp;&nbsp;&nbsp;&nbsp;&nbsp;&nbsp; &nbsp;Duarte lleg\u00f3 a La Vega, el d\u00eda 25 de junio como parte de la misi\u00f3n [&hellip;]<\/p>\n","protected":false},"author":28,"featured_media":326471,"comment_status":"closed","ping_status":"","sticky":true,"template":"","format":"standard","meta":{"footnotes":""},"categories":[26,27],"tags":[],"class_list":["post-364091","post","type-post","status-publish","format-standard","has-post-thumbnail","hentry","category-efemerides","category-portada"],"_links":{"self":[{"href":"https:\/\/diariodominicano.com\/index.php?rest_route=\/wp\/v2\/posts\/364091","targetHints":{"allow":["GET"]}}],"collection":[{"href":"https:\/\/diariodominicano.com\/index.php?rest_route=\/wp\/v2\/posts"}],"about":[{"href":"https:\/\/diariodominicano.com\/index.php?rest_route=\/wp\/v2\/types\/post"}],"author":[{"embeddable":true,"href":"https:\/\/diariodominicano.com\/index.php?rest_route=\/wp\/v2\/users\/28"}],"replies":[{"embeddable":true,"href":"https:\/\/diariodominicano.com\/index.php?rest_route=%2Fwp%2Fv2%2Fcomments&post=364091"}],"version-history":[{"count":4,"href":"https:\/\/diariodominicano.com\/index.php?rest_route=\/wp\/v2\/posts\/364091\/revisions"}],"predecessor-version":[{"id":364098,"href":"https:\/\/diariodominicano.com\/index.php?rest_route=\/wp\/v2\/posts\/364091\/revisions\/364098"}],"wp:featuredmedia":[{"embeddable":true,"href":"https:\/\/diariodominicano.com\/index.php?rest_route=\/wp\/v2\/media\/326471"}],"wp:attachment":[{"href":"https:\/\/diariodominicano.com\/index.php?rest_route=%2Fwp%2Fv2%2Fmedia&parent=364091"}],"wp:term":[{"taxonomy":"category","embeddable":true,"href":"https:\/\/diariodominicano.com\/index.php?rest_route=%2Fwp%2Fv2%2Fcategories&post=364091"},{"taxonomy":"post_tag","embeddable":true,"href":"https:\/\/diariodominicano.com\/index.php?rest_route=%2Fwp%2Fv2%2Ftags&post=364091"}],"curies":[{"name":"wp","href":"https:\/\/api.w.org\/{rel}","templated":true}]}}