{"id":36409,"date":"2008-02-07T03:44:26","date_gmt":"2008-02-07T03:44:26","guid":{"rendered":"http:\/\/diariodominicano.ddns.net\/?p=36409"},"modified":"2008-02-07T03:44:26","modified_gmt":"2008-02-07T03:44:26","slug":"colombia-claves-para-entender-la-marcha-del-4-de-febrero","status":"publish","type":"post","link":"https:\/\/diariodominicano.com\/?p=36409","title":{"rendered":"Colombia: Claves para entender la marcha del 4 de febrero"},"content":{"rendered":"<p><body><\/p>\n<p class=\"titulogrande1\">Colombia: Claves para entender la marcha del 4 de febrero<\/p>\n<p>&#13;<\/p>\n<p class=\"textogrande\">Simone Bruno<\/p>\n<p>&#13;<\/p>\n<p align=\"justify\" class=\"text1noticias\"><strong>ALAI AMLATINA, 06\/02\/2008, Bogot\u00e1.-<\/strong> La marcha del 4 de Febrero ha sido, como se pod\u00eda imaginar, un \u00e9xito contundente en cuanto a participaci\u00f3n.<\/p>\n<p>&#13;<\/p>\n<p align=\"justify\" class=\"text1noticias\">Los reportes hablan de 1 mill\u00f3n de personas solo en Bogot\u00e1.<\/p>\n<p>&#13;<\/p>\n<p align=\"justify\" class=\"text1noticias\">La gente ha marchado en m\u00e1s de 50 ciudades colombianas y otras 130 en todo el mundo. La atm\u00f3sfera ha sido muy tranquila y por la calle han desfilado personas de todos los extractos sociales, desde los ricos de los barrios bien hasta los habitantes de las \u00e1reas m\u00e1s degradadas. <br \/>&#13;<br \/>\n  <br \/>&#13;<br \/>\n  Indudablemente un evento hist\u00f3rico, a tal punto que se la considera como una de las m\u00e1s grandes marchas de la historia del pa\u00eds. No se ha verificado ning\u00fan problema de orden p\u00fablico. <br \/>&#13;<br \/>\n  <br \/>&#13;<br \/>\nLa consigna de la marcha era: \u201cNo m\u00e1s FARC, no m\u00e1s secuestro\u201d, pero mucha gente desfilaba tambi\u00e9n con pancartas en contra de los otros actores armados y en favor del acuerdo humanitario.<\/p>\n<p>&#13;<\/p>\n<p align=\"justify\" class=\"text1noticias\">Uno pocas centenares de personas han acompa\u00f1ado a los familiares de los secuestrados que han decidido no marchar y organizar una liturgia en la Iglesia del Voto Nacional.<\/p>\n<p>&#13;<\/p>\n<p align=\"justify\" class=\"text1noticias\">Ha sido un d\u00eda de fiesta c\u00edvica inusual en Colombia, que se ha unido por la paz. Este ins\u00f3lito evento, por realizarse en un pa\u00eds que generalmente no se expresa masivamente en las calles, no obstante ser uno de los m\u00e1s conflictivos del planeta, puede tener por lo menos 3 claves de lectura: el rechazo, la manipulaci\u00f3n y la expropiaci\u00f3n del dolor.<\/p>\n<p>&#13;<\/p>\n<p align=\"justify\" class=\"text1noticias\">El rechazo<\/p>\n<p>&#13;<\/p>\n<p align=\"justify\" class=\"text1noticias\">Ya son 6 las generaciones de colombianos que han nacido y se han criado en el contexto de la guerra y han tenido que acostumbrarse a magnicidios, violencia, desapariciones, desplazamiento y secuestro. La falta de un \u201cpost-conflicto\u201d por 60 a\u00f1os ha hecho que los colombianos no hayan podido \u201cvomitar sus muertos\u201d, como lo sugiri\u00f3 el premio Nobel Jos\u00e9 Saramago en un reciente viaje al pa\u00eds, o sea no hayan podido analizarse, en una situaci\u00f3n pacificada, para aprender de sus errores y no volver a repetirlos.<br \/>&#13;<br \/>\n  <br \/>&#13;<br \/>\n  Un conflicto tan largo tiene pocas referencias en los tiempos modernos como para poder comparar y analizar los efectos sociales sobre la poblaci\u00f3n.<\/p>\n<p>&#13;<\/p>\n<p align=\"justify\" class=\"text1noticias\">Pero un conflicto tan largo demuestra tambi\u00e9n, que existe, en las clases dominantes, una incapacidad, cuando no una falta de voluntad, para poner fin al conflicto. Cosa que contrasta fuertemente con las ganas y la ilusi\u00f3n de vivir en un \u201cpa\u00eds normal\u201d de la mayor\u00eda de la poblaci\u00f3n. <br \/>&#13;<br \/>\n  <br \/>&#13;<br \/>\nEsto es posible porque Colombia es un pa\u00eds quebrado: por una parte las ciudades volcadas hacia la modernidad, el lujo, y hacia modelos econ\u00f3micos globalizados, y por otra parte, el campo, las \u00e1reas rurales, atrasadas y ahogadas en la guerra y la violencia.<\/p>\n<p>&#13;<\/p>\n<p align=\"justify\" class=\"text1noticias\">Unos de los pocos hechos que lleva el conflicto a las clases medio altas de las ciudades es el secuestro. Los actores armados trasladan f\u00edsicamente a pol\u00edticos y a gente com\u00fan en medio de la selva y de la guerra, creando un cord\u00f3n umbilical que une las dos partes de esta Colombia rota por la violencia.<\/p>\n<p>&#13;<\/p>\n<p align=\"justify\" class=\"text1noticias\">En este escenario, la marcha del 4 de febrero, organizada por un grupo de la red Facebook, es una novedad, una de las pocas ocasiones en las cuales la poblaci\u00f3n sale a la calle en forma masiva.<\/p>\n<p>&#13;<\/p>\n<p align=\"justify\" class=\"text1noticias\">Los colombianos han interiorizado la impotencia y el dolor por su pa\u00eds, y se esfuerzan por borrar el conflicto de su mente.<\/p>\n<p>&#13;<\/p>\n<p align=\"justify\" class=\"text1noticias\">Por esto, la fuerte reacci\u00f3n frente a las inhumanas condiciones de los rehenes en manos de las FARC es positiva y podr\u00eda marcar un despertar de la sociedad. Es un raro momento de espont\u00e1neo y genuino rechazo a la violencia que vive el pa\u00eds.<\/p>\n<p>&#13;<\/p>\n<p align=\"justify\" class=\"text1noticias\">Pero es un rechazo a un conflicto que la gente no conoce. La mayor\u00eda de los colombianos ignora las formas, los n\u00fameros de la violencia de su pa\u00eds y la naturaleza de los actores en armas. No existe una sociedad civil organizada y consciente que haga un llamado a una multitudinaria marcha de rechazo, existen poderes fuertes que aprovechan este espont\u00e1neo sentimiento para encaminarlo hacia sus intereses.<\/p>\n<p>&#13;<\/p>\n<p align=\"justify\" class=\"text1noticias\">La manipulaci\u00f3n<\/p>\n<p>&#13;<\/p>\n<p align=\"justify\" class=\"text1noticias\">El presidente Uribe lleg\u00f3 al poder en el 2002 despu\u00e9s de 4 a\u00f1os de un infructuosos e interminable proceso de paz. Un proceso nacido con gran expectativa, transformado en un enga\u00f1o y enterrado indudablemente como consecuencia de los hechos del 11\/9\/2001. Las elites colombianas se convencieron que, en el nuevo escenario internacional, era posible derrotar militarmente a la guerrilla, evitando un ajuste social que inevitablemente hubiera conllevado un acuerdo de paz con el grupo guerrillero.<br \/>&#13;\n<\/p>\n<p>&#13;<\/p>\n<p align=\"justify\" class=\"text1noticias\">Uribe niega la existencia de un conflicto, trasforma a los actores armados de pol\u00edticos a simples terroristas, y hace de la opci\u00f3n armada la \u00fanica soluci\u00f3n.<\/p>\n<p>&#13;<\/p>\n<p align=\"justify\" class=\"text1noticias\">Construye un discurso pol\u00edtico en donde todo tiene sentido y se justifica en cuanto existe un enemigo terrorista que se tiene que aniquilar, a continuaci\u00f3n vienen los planes militares, las batallas se intensifican y la victoria final parece siempre cuesti\u00f3n de d\u00edas.<\/p>\n<p>&#13;<\/p>\n<p align=\"justify\" class=\"text1noticias\">Sin embargo, esta postura no permite soluciones negociadas y no prev\u00e9 terceras posiciones.<br \/>&#13;<br \/>\n  <br \/> &#13;<br \/>\n  Existen solo uribistas o guerrilleros. Pero, sin un enemigo, el beligerante presidente podr\u00eda retirase junto con su gobierno; sin un conflicto, el ej\u00e9rcito colombiano tendr\u00eda que renunciar a las enormes cantidades de ayudas de los EE.UU. que asciende al 6.5% del PIB y a su poder casi ilimitado sobre la poblaci\u00f3n civil.<br \/>&#13;<br \/>\n  <br \/>&#13;<br \/>\n  La realidad es que la paz no la quiere nadie en el gobierno y en las elites colombianas. Mientras que hay guerra hay negocio.<\/p>\n<p>&#13;<\/p>\n<p align=\"justify\" class=\"text1noticias\">Uribe se transforma en el bien absoluto contrapuesto a la guerrilla que se vuelve simple terrorismo y encarnaci\u00f3n del mal. El conflicto armado se banaliza y el paramilitarismo se tiende a justificar como un mal menor frente al horror de las FARC.<\/p>\n<p>&#13;<\/p>\n<p align=\"justify\" class=\"text1noticias\">Para poder sustentar este discurso, el presidente hace una utilizaci\u00f3n masiva de los medios de comunicaci\u00f3n complacientes. La mayor\u00eda de los colombianos que vive el d\u00eda a d\u00eda ni se entera de lo que est\u00e1 sucediendo fuera de las pantallas de la TV. La visi\u00f3n oficial del conflicto armado se vuelve la \u00fanica realidad, la guerrilla y sus cr\u00edmenes el \u00fanico enemigo.<\/p>\n<p>&#13;<\/p>\n<p align=\"justify\" class=\"text1noticias\">Klaudia Gir\u00f3n, profesora de Psicolog\u00eda de la Universidad Javeriana comenta: \u201cDe este escenario se desprende que a partir de esa imagen desfigurada del conflicto, se ha ido configurando un pa\u00eds cada vez m\u00e1s desinformado y aterrorizado[\u2026] La mayor\u00eda de la gente ni sabe, ni quiere saber las atrocidades que comete el Estado o los paramilitares\u201d.<\/p>\n<p>&#13;<\/p>\n<p align=\"justify\" class=\"text1noticias\">As\u00ed que cuando los colombianos bajan a la calle a marchar, lo hacen en contra del \u00fanico enemigo que conocen. Consecuentemente humillan a las v\u00edctimas de los otros actores y legitiman el proyecto beligerante del presidente.<\/p>\n<p>&#13;<\/p>\n<p align=\"justify\" class=\"text1noticias\">Es claro que el Gobierno quiere aprovecharse de la jornada para afianzar su imagen como el principal referente anti-FARC en el pa\u00eds, y por esa v\u00eda abrirle paso a una eventual segunda reelecci\u00f3n presidencial.<\/p>\n<p>&#13;<\/p>\n<p align=\"justify\" class=\"text1noticias\">Expropiaci\u00f3n del dolor<\/p>\n<p>&#13;<\/p>\n<p align=\"justify\" class=\"text1noticias\">Cuando los organizadores se niegan marchar contra todas las violencias y deciden marchar solo contra las FARC, desconocen a las v\u00edctimas de los otros actores armados y las vuelven invisibles. <br \/>&#13;<br \/>\n  <br \/>&#13;<br \/>\n  Se reconoce la atrocidad que viven los m\u00e1s de 700 secuestrados en mano de las FARC, pero se suprime la realidad de un pa\u00eds destrozado por las violencias paramilitar y estatal; peor aun, estas se legitiman. Prueba de ello, es que los jefes paramilitares respaldaron, en un comunicado, la marcha del 4 de febrero.<\/p>\n<p>&#13;<\/p>\n<p align=\"justify\" class=\"text1noticias\">En Colombia 120.000 personas, seg\u00fan cifras de la Comisi\u00f3n Nacional de Reconciliaci\u00f3n y Reparaci\u00f3n (CNRR), se han identificado como v\u00edctimas del paramilitarismo ante la Unidad de Justicia y Paz de la Fiscal\u00eda General de la Naci\u00f3n. Se piensa que los desaparecidos a manos de los paramilitares de las AUC (Autodefensas Unidas de Colombia) podr\u00edan llegar a 14.000. \u00a1Las AUC no tienen rehenes, llenan fosas comunes!<\/p>\n<p>&#13;<\/p>\n<p align=\"justify\" class=\"text1noticias\">Con las AUC, el gobierno Uribe ha adelantado un proceso de paz muy cuestionado, en este marco, una sentencia de la Corte Suprema de Justicia ha declarado que no se puede aplicar el crimen de \u201csedici\u00f3n\u201d a los integrantes de las AUC, porque no se levantaron en contra del Estado, sino a su favor.<\/p>\n<p>&#13;<\/p>\n<p align=\"justify\" class=\"text1noticias\">Efectivamente, m\u00e1s de 60 congresistas y pol\u00edticos uribista est\u00e1n involucrados en el esc\u00e1ndalo conocido como la \u201cparapol\u00edtica\u201d y se los acusa de haber financiado y creado grupos paramilitares. <br \/>&#13;<br \/>\n  <br \/>&#13;<br \/>\nEntre estos se encuentra el primo del Presidente, Mario Uribe.<\/p>\n<p>&#13;<\/p>\n<p align=\"justify\" class=\"text1noticias\">Hablando solo del 2008, entre el 31 de diciembre y el 14 de enero, el Movimiento de V\u00edctimas de Cr\u00edmenes de Estado (MOVICE), report\u00f3 que presuntos paramilitares de ultraderecha han asesinado a 12 personas, han desaparecido a nueve, han obligado a 120 a desplazarse y han herido a otras tres.<\/p>\n<p>&#13;<\/p>\n<p align=\"justify\" class=\"text1noticias\">\u201cPareciera que esas v\u00edctimas son inexistentes\u201d, escribi\u00f3 Iv\u00e1n Cepeda Castro, presidente del MOVICE, en una carta al presidente \u00c1lvaro Uribe.<br \/>&#13;<br \/>\n  <br \/>&#13;<br \/>\n\u201cNi los gremios empresariales, ni la Iglesia ni los alcaldes, ni los gobernadores, ni los grandes medios de comunicaci\u00f3n convocan a marchas de rechazo ciudadano ante esos cr\u00edmenes\u201d, agreg\u00f3, en referencia a la manifestaci\u00f3n del 4 de febrero.<\/p>\n<p>&#13;<\/p>\n<p align=\"justify\" class=\"text1noticias\">En la carta, Cepeda contin\u00faa: \u201c\u00bfCu\u00e1ndo se pronunciar\u00e1 Usted sobre los cr\u00edmenes contra la humanidad que siguen cometiendo los grupos paramilitares? \u00bfCu\u00e1ndo har\u00e1 una alocuci\u00f3n solemne para condenar las desapariciones forzadas masivas que han llevado a miles de compatriotas a fosas comunes y cementerios clandestinos?\u201d.<\/p>\n<p>&#13;<\/p>\n<p align=\"justify\" class=\"text1noticias\">La marcha del 4 de febrero expropia a todas la victimas del conflicto de su dolor. No es casual que ninguna organizaci\u00f3n de v\u00edctimas, o de derechos humanos la haya apoyado.<\/p>\n<p>&#13;<\/p>\n<p align=\"justify\" class=\"text1noticias\">&#8211; Simone Bruno es periodista italiano.<br \/>&#13;\n<\/p>\n<p>&#13;<\/p>\n<h6> 2008-02-07 03:44:26 <\/h6>\n<p><!--\n<link rel=\"stylesheet\" href=\"css\/bootstrap.min.css\">\n\n\n<ul class=\"pagination\">\n\t    \n\t\n\n<li >\n\t<a href='?page_no=12274'>Previous<\/a>\n\t<\/li>\n\n\n       \n    \n\n<li><a href='?page_no=1'>1<\/a><\/li>\n\n\n\n<li><a href='?page_no=2'>2<\/a><\/li>\n\n\n\n<li><a>...<\/a><\/li>\n\n\n\n<li><a href='?page_no=12273'>12273<\/a><\/li>\n\n\n\n<li><a href='?page_no=12274'>12274<\/a><\/li>\n\n\n\n<li class='active'><a>12275<\/a><\/li>\n\n\n\n<li><a href='?page_no=12276'>12276<\/a><\/li>\n\n\n\n<li><a href='?page_no=12277'>12277<\/a><\/li>\n\n\n\n<li><a>...<\/a><\/li>\n\n\n\n<li><a href='?page_no=13611'>13611<\/a><\/li>\n\n\n\n<li><a href='?page_no=13612'>13612<\/a><\/li>\n\n    \n\t\n\n<li >\n\t<a href='?page_no=12276'>Next<\/a>\n\t<\/li>\n\n\n    \n\n<li><a href='?page_no=13612'>Last &rsaquo;&rsaquo;<\/a><\/li>\n\n<\/ul>\n\n\n--><br \/>\n<\/body><\/p>\n","protected":false},"excerpt":{"rendered":"<p>Colombia: Claves para entender la marcha del 4 de febrero &#13; Simone Bruno &#13; ALAI AMLATINA, 06\/02\/2008, Bogot\u00e1.- La marcha del 4 de Febrero ha sido, como se pod\u00eda imaginar, un \u00e9xito contundente en cuanto a participaci\u00f3n. &#13; Los reportes hablan de 1 mill\u00f3n de personas solo en Bogot\u00e1. &#13; La gente ha marchado en [&hellip;]<\/p>\n","protected":false},"author":3,"featured_media":0,"comment_status":"open","ping_status":"open","sticky":false,"template":"","format":"standard","meta":{"footnotes":""},"categories":[16],"tags":[],"class_list":["post-36409","post","type-post","status-publish","format-standard","hentry","category-opiniones"],"_links":{"self":[{"href":"https:\/\/diariodominicano.com\/index.php?rest_route=\/wp\/v2\/posts\/36409","targetHints":{"allow":["GET"]}}],"collection":[{"href":"https:\/\/diariodominicano.com\/index.php?rest_route=\/wp\/v2\/posts"}],"about":[{"href":"https:\/\/diariodominicano.com\/index.php?rest_route=\/wp\/v2\/types\/post"}],"author":[{"embeddable":true,"href":"https:\/\/diariodominicano.com\/index.php?rest_route=\/wp\/v2\/users\/3"}],"replies":[{"embeddable":true,"href":"https:\/\/diariodominicano.com\/index.php?rest_route=%2Fwp%2Fv2%2Fcomments&post=36409"}],"version-history":[{"count":0,"href":"https:\/\/diariodominicano.com\/index.php?rest_route=\/wp\/v2\/posts\/36409\/revisions"}],"wp:attachment":[{"href":"https:\/\/diariodominicano.com\/index.php?rest_route=%2Fwp%2Fv2%2Fmedia&parent=36409"}],"wp:term":[{"taxonomy":"category","embeddable":true,"href":"https:\/\/diariodominicano.com\/index.php?rest_route=%2Fwp%2Fv2%2Fcategories&post=36409"},{"taxonomy":"post_tag","embeddable":true,"href":"https:\/\/diariodominicano.com\/index.php?rest_route=%2Fwp%2Fv2%2Ftags&post=36409"}],"curies":[{"name":"wp","href":"https:\/\/api.w.org\/{rel}","templated":true}]}}