{"id":36408,"date":"2008-02-07T20:42:05","date_gmt":"2008-02-07T20:42:05","guid":{"rendered":"http:\/\/diariodominicano.ddns.net\/?p=36408"},"modified":"2008-02-07T20:42:05","modified_gmt":"2008-02-07T20:42:05","slug":"el-tiro-rapido-292","status":"publish","type":"post","link":"https:\/\/diariodominicano.com\/?p=36408","title":{"rendered":"EL TIRO RAPIDO"},"content":{"rendered":"<p><body><\/p>\n<p align=\"justify\" class=\"text1noticias\"><span class=\"titulogrande1\">EL TIRO RAPIDO<\/span><br \/>&#13;<br \/>\n  <br \/>&#13;<br \/>\n  <strong>de<\/strong><br \/>&#13;<br \/>\n  <br \/>&#13;<br \/>\n  <span class=\"textogrande\">Mario  Rivadulla<\/span><\/p>\n<p>&#13;<\/p>\n<p align=\"justify\" class=\"text1noticias\">El ingeniero Juan Tem\u00ecstocles Mont\u00e0s, Secretario de Estado  de Econom\u00eca, Planificaci\u00f2n y Desarrollo, nombre sustituto del antiguo  Secretariado T\u00e8cnico de la   Presidencia, revel\u00f2\u00a0 en  un programa matutino que el gobierno contempla la posibilidad de suscribir un  nuevo acuerdo con el Fondo Monetario Internacional.<\/p>\n<p>&#13;<\/p>\n<p align=\"justify\" class=\"text1noticias\">Saneada y estabilizada la  econom\u00eca del pa\u00ecs,\u00a0 seg\u00f9n el reporte con  que el Directorio del propio organismo internacional rubrica el t\u00e8rmino del  convenio stand by que finaliz\u00f2 el pasado 31 de Enero, la negociaci\u00f2n con el  organismo internacional se har\u00eca ahora como es l\u00f2gico sobre otras bases y un  alcance m\u00e0s limitado.<\/p>\n<p>&#13;<\/p>\n<p align=\"justify\" class=\"text1noticias\">Fundamentalmente lo que parece  interesarle al gobierno es comprometer un acuerdo de vigilancia, a fin de darle  transparencia a su gesti\u00f2n, y en cierta medida, servir de ant\u00ecdoto a las  imputaciones de que es dispendioso con los recursos que recibe para utilizarlos  en fines pol\u00ecticos.<\/p>\n<p>&#13;<\/p>\n<p align=\"justify\" class=\"text1noticias\">Pero en esto como en todo,  resulta que no es posible complacer a todo el mundo y lograr uniformidad de  respuestas en el marco de un r\u00e8gimen plural de opiniones Asi,\u00a0 tenemos que mientras el PRD, su principal  partido opositor, hace causa com\u00f9n con el sector empresarial para reclamar la  firma de un nuevo acuerdo, otras voces en cambio se levantan para rechazarlo.<\/p>\n<p>&#13;<\/p>\n<p align=\"justify\" class=\"text1noticias\">Tal el caso del general Pedro  de Jes\u00f9s Candelier, devenido en pol\u00ectico y aspirante a la Presidencia de la Rep\u00f9blica, quien,\u00a0 por el contrario,\u00a0 se muestra opuesto al mismo alegando que al  Fondo le acompa\u00f1a un triste historial, sin dudas recordando la famosa y tr\u00e0gica  poblada de 1983. Una referencia por dem\u00e0s desfasada en el tiempo y totalmente  divorciada de lo ocurrido en esta ocasi\u00f2n, en que el acuerdo con el organismo  fiscalizador se ha ejecutado\u00a0 sin mayores  traumas y con resultados provechosos.<\/p>\n<p>&#13;<\/p>\n<p align=\"justify\" class=\"text1noticias\">En otro orden, tal como  advertimos en d\u00ecas recientes, ha concitado voces coincidentes de rechazo la  sugerencia fondomonetarista de promover una nueva Reforma Fiscal y ampliar la  base tributaria.\u00a0 En este sentido,\u00a0 han uniformado criterios el sector sindical y  el sector empresarial, con la opini\u00f2n adicional de algunos pol\u00ecticos tambi\u00e8n  opuestos a la propuesta.<\/p>\n<p>&#13;<\/p>\n<p align=\"justify\" class=\"text1noticias\">Se alega con toda raz\u00f2n que en  los \u00f9ltimos tres a\u00f1os hemos tenido otras tantas Reformas Fiscales.\u00a0 Y que como consecuencia de las mismas, se han  visto seriamente afectados los costos y la competitividad de los n\u00f9cleos  productivos del pa\u00ecs as\u00ec como reducida la calidad de vida general de los  ciudadanos,\u00a0 debido a la aplicaci\u00f2n y  ampliaci\u00f2n de la carga tributaria.<\/p>\n<p>&#13;<\/p>\n<p align=\"justify\" class=\"text1noticias\">En este sentido en particular,  los grupos sindicalistas y algunos voceros pol\u00ecticos se manifiestan contrarios  al desmonte del subsidio a la energ\u00eca el\u00e8ctrica, tal como tambi\u00e8n hab\u00ecamos  adelantado.\u00a0 Si bien no es la soluci\u00f2n  ideal, en tanto no se logre la autosostenibilidad del sistema mediante la  reducci\u00f2n del robo de electricidad y el incremento significativo de la  cobranza, la desaparici\u00f2n del subsidio disparar\u00eca los ya elevados precios de la  energ\u00eca hasta niveles insostenibles para la mayor parte de la poblaci\u00f2n.\u00a0 El resultado desde el punto de vista econ\u00f2mico y\u00a0  social ser\u00eca catastr\u00f2fico y pol\u00ecticamente desestabilizador.<\/p>\n<p>&#13;<\/p>\n<p align=\"justify\" class=\"text1noticias\">Por lo tanto, bajo las actuales  circunstancias y sin que ello excuse la aplicaci\u00f2n m\u00e0s en\u00e8rgica de las  sanciones criminales a quienes se roban la luz, comenzando por lo que tienen de  sobra para pagarla, el subsidio pasa a ser parte integrante del llamado gasto  social que, seg\u00f9n el propio Fondo, debe ser ampliado. <\/p>\n<p>&#13;<\/p>\n<p align=\"justify\" class=\"text1noticias\">Retornando al anuncio hecho por  el ingeniero Mont\u00e0s,\u00a0 es obvio que dadas  las revelantes responsabilidades que desempe\u00f1a en la conducci\u00f2n de la pol\u00ectica  econ\u00f2mica de la actual Administraci\u00f2n, hay que interpretar el mismo como un  tema ya manoseado por el Presidente Leonel Fern\u00e0ndez y su gabinete econ\u00f2mico,  conscientes de que la posibilidad de un nuevo acuerdo con el Fondo pasar\u00e0 a  ocupar un espacio importante en la agenda del debate nacional en los pr\u00f2ximos  d\u00ecas.<\/p>\n<p>&#13;<\/p>\n<p align=\"justify\" class=\"text1noticias\">Por dem\u00e0s, nuestra modesta  opini\u00f2n es que al pa\u00ecs y al propio gobierno en ejercicio de transparencia le  conviene suscribir un nuevo acuerdo de vigilancia con el organismo  fondomonetarista, aunque limitado y condicionado a nuestra realidad econ\u00f2mica,  social y pol\u00ectica para evitar innecesarios y peligrosos traumas. <\/p>\n<p>&#13;<\/p>\n<h6> 2008-02-07 20:42:05 <\/h6>\n<p><!--\n<link rel=\"stylesheet\" href=\"css\/bootstrap.min.css\">\n\n\n<ul class=\"pagination\">\n\t    \n\t\n\n<li >\n\t<a href='?page_no=12273'>Previous<\/a>\n\t<\/li>\n\n\n       \n    \n\n<li><a href='?page_no=1'>1<\/a><\/li>\n\n\n\n<li><a href='?page_no=2'>2<\/a><\/li>\n\n\n\n<li><a>...<\/a><\/li>\n\n\n\n<li><a href='?page_no=12272'>12272<\/a><\/li>\n\n\n\n<li><a href='?page_no=12273'>12273<\/a><\/li>\n\n\n\n<li class='active'><a>12274<\/a><\/li>\n\n\n\n<li><a href='?page_no=12275'>12275<\/a><\/li>\n\n\n\n<li><a href='?page_no=12276'>12276<\/a><\/li>\n\n\n\n<li><a>...<\/a><\/li>\n\n\n\n<li><a href='?page_no=13611'>13611<\/a><\/li>\n\n\n\n<li><a href='?page_no=13612'>13612<\/a><\/li>\n\n    \n\t\n\n<li >\n\t<a href='?page_no=12275'>Next<\/a>\n\t<\/li>\n\n\n    \n\n<li><a href='?page_no=13612'>Last &rsaquo;&rsaquo;<\/a><\/li>\n\n<\/ul>\n\n\n--><br \/>\n<\/body><\/p>\n","protected":false},"excerpt":{"rendered":"<p>EL TIRO RAPIDO&#13; &#13; de&#13; &#13; Mario Rivadulla &#13; El ingeniero Juan Tem\u00ecstocles Mont\u00e0s, Secretario de Estado de Econom\u00eca, Planificaci\u00f2n y Desarrollo, nombre sustituto del antiguo Secretariado T\u00e8cnico de la Presidencia, revel\u00f2\u00a0 en un programa matutino que el gobierno contempla la posibilidad de suscribir un nuevo acuerdo con el Fondo Monetario Internacional. &#13; Saneada y [&hellip;]<\/p>\n","protected":false},"author":3,"featured_media":0,"comment_status":"open","ping_status":"open","sticky":false,"template":"","format":"standard","meta":{"footnotes":""},"categories":[16],"tags":[],"class_list":["post-36408","post","type-post","status-publish","format-standard","hentry","category-opiniones"],"_links":{"self":[{"href":"https:\/\/diariodominicano.com\/index.php?rest_route=\/wp\/v2\/posts\/36408","targetHints":{"allow":["GET"]}}],"collection":[{"href":"https:\/\/diariodominicano.com\/index.php?rest_route=\/wp\/v2\/posts"}],"about":[{"href":"https:\/\/diariodominicano.com\/index.php?rest_route=\/wp\/v2\/types\/post"}],"author":[{"embeddable":true,"href":"https:\/\/diariodominicano.com\/index.php?rest_route=\/wp\/v2\/users\/3"}],"replies":[{"embeddable":true,"href":"https:\/\/diariodominicano.com\/index.php?rest_route=%2Fwp%2Fv2%2Fcomments&post=36408"}],"version-history":[{"count":0,"href":"https:\/\/diariodominicano.com\/index.php?rest_route=\/wp\/v2\/posts\/36408\/revisions"}],"wp:attachment":[{"href":"https:\/\/diariodominicano.com\/index.php?rest_route=%2Fwp%2Fv2%2Fmedia&parent=36408"}],"wp:term":[{"taxonomy":"category","embeddable":true,"href":"https:\/\/diariodominicano.com\/index.php?rest_route=%2Fwp%2Fv2%2Fcategories&post=36408"},{"taxonomy":"post_tag","embeddable":true,"href":"https:\/\/diariodominicano.com\/index.php?rest_route=%2Fwp%2Fv2%2Ftags&post=36408"}],"curies":[{"name":"wp","href":"https:\/\/api.w.org\/{rel}","templated":true}]}}