{"id":36407,"date":"2008-02-07T20:48:34","date_gmt":"2008-02-07T20:48:34","guid":{"rendered":"http:\/\/diariodominicano.ddns.net\/?p=36407"},"modified":"2008-02-07T20:48:34","modified_gmt":"2008-02-07T20:48:34","slug":"los-temas-de-teledebate-2","status":"publish","type":"post","link":"https:\/\/diariodominicano.com\/?p=36407","title":{"rendered":"LOS TEMAS DE TELEDEBATE"},"content":{"rendered":"<p><body><\/p>\n<p class=\"titulogrande1\">LOS TEMAS DE TELEDEBATE<\/p>\n<p>&#13;<\/p>\n<p align=\"justify\" class=\"text1noticias\"><strong>CABEZA DE TURCO.\u00a0 <\/strong>Un  dirigente del sector comercial declara lamentar las alzas de productos de  primera necesidad, atribuyendo las mismas al liger\u00ecsimo incremento de la prima  del d\u00f2lar de 33 a  menos de 34 pesos y medio por d\u00f2lar al tiempo de lamentarse de que el Banco  Central no haga ning\u00f9n esfuerzo por frenar el alza.\u00a0 La justificaci\u00f2n es dif\u00eccil de digerir.\u00a0 Si acept\u00e0ramos la misma tendr\u00ecamos que en el  peor de los casos, el aumento de la divisa es apenas de menos de un cinco  porciento, que en modo alguno se corresponde al aumento de muchos art\u00ecculos  muy, pero muy por encima de ese nivel.\u00a0  Por otra parte, pretender culpar de inercia al Banco Central es del todo  absurdo cuando ha sido precisamente el que ha mantenido la prima del d\u00f2lar  estable en todos estos \u00f9ltimos a\u00f1os.\u00a0 Hay  gente que por protagonizar, pierde el sentido de lo ridiculo. <br \/>&#13;<br \/>\n  <br \/>&#13;<br \/>\nM\u00e0s bien que  busque las alzas en el desmedido af\u00e0n de lucro de algunos de sus cong\u00e8neres.\u00a0 <br \/>&#13;<br \/>\n<br \/>&#13;<br \/>\nPor otra parte, la gente est\u00e0 al grito con  los aumentos esperando que las autoridades acudan en su auxilio.<\/p>\n<p>&#13;<\/p>\n<p align=\"justify\" class=\"text1noticias\"><strong>VENTA DE BRUGAL.<\/strong>\u00a0 La noticia econ\u00f2mica del d\u00eca, por m\u00e0s que se  ven\u00eca rumorando desde semanas atr\u00e0s, ha sido la venta del 65 porciento de la  empresa Brugal a una compa\u00f1\u00eca inglesa productora de conocidas marcas de whisky  y otras bebidas con una tradici\u00f2n de m\u00e0s de ciento cincuenta a\u00f1os.\u00a0 La familia Brugal conservar\u00e0 el resto de las  acciones y el control de las operaciones en la Rep\u00f9blica Dominicana,  donde posee un ampl\u00ecsimo liderazgo del mercado.\u00a0<br \/>&#13;<br \/>\n  <br \/>  &#13;<br \/>\nPara quienes no aquilatan el sentido de la operaci\u00f2n`de una compa\u00f1\u00eca tan  exitosa como Brugal, con esta negociaci\u00f2n su campo de operaciones adquiere una  dimensi\u00f2n mundial a trav\u00e8s de la multinacional a la que se ha asociado.\u00a0 As\u00ec Brugal, que ha impuesto su calidad y su  marca en el pa\u00ecs y en gran medida en Espa\u00f1a podr\u00e0 hacerlo en muchos otros  mercados ampliando de manera significativa sus operaciones.\u00a0 Una estrategia correcta de la familia Brugal,  al tiempo que una se\u00f1al de confianza de su nuevo asociado en la empresa nacional  y en la bondad de los productos que elabora.<\/p>\n<p>&#13;<\/p>\n<p align=\"justify\" class=\"text1noticias\"><strong>\u00bfPRESIONES A LA PRENSA?\u00a0<\/strong> Nos parece que el PRD ha dado en esta ocasi\u00f2n  un paso en falso al pretender que en el pa\u00ecs se est\u00e0 presionando a la prensa,  apelando a determinados ejemplos que no califican precisamente como tales. Por  citar dos casos: Huchi Lora el Metro le neg\u00f2 la documentaci\u00f2n que pedia, el  valioso y popular colega acudi\u00f2 a la v\u00eca judicial y obtuvo un fallo a su favor  a partir del cual recibi\u00f2 la misma; Nuria Piera, a quien nadie puede ponerle un  pie delante en cuanto a un ejercicio profesional vertical\u00ecsimo entabl\u00f2 pol\u00e8mica  con el Fiscal del Distrito Nacional y recibi\u00f2 un contundente apoyo en su  posici\u00f2n. Al airear el tema, el PRD retrotrae la discusi\u00f2n al pasado reciente  en que hubo claros ejemplos de intolerancia oficial, como cuando el entonces  Jefe de la Polic\u00eca  y hoy aspirante presidencial,Pedro de Jes\u00f9s Candelier, personalmente detuvo de  manera arbitraria a un comunicador por haber proferido cr\u00ecticas al gobierno;  otros dos en Montecristi, por haber organizado un survey telef\u00f2nico en que el  entonces Presidente Hip\u00f2lito Mej\u00eca era puesto en competencia perdedora con el  diablo, o el de Luis Yanguela, a quien fueron a buscar a su domicilio en el  interior y trajeron preso a la capital por la misma raz\u00f2n. En este caso, la  denuncia pudiera revertirse contra el PRD.<\/p>\n<p>&#13;<\/p>\n<p align=\"justify\" class=\"text1noticias\"><strong>OTRO GOLPE A LAS FARC.<\/strong>\u00a0 Todo luce indicar que el Presidente Hugo  Ch\u00e0vez no midi\u00f2 las consecuencias de su inoportuna e il\u00f2gica propuesta, por  dem\u00e0s ingerencista,\u00a0 de que las FARC colombianas  fueran desclasificadas como un grupo terrorista para pasar a la categor\u00eca de  insurgente.\u00a0 El rechazo ha sido  un\u00e0nime.\u00a0 El Presidente de Colombia  Alvaro Uribe, hizo o\u00ecdos sordos a los improperios que el propio Ch\u00e0vez verti\u00f2  contra \u00e8l en su programa radial dominical de seis horas y march\u00f2 al Viejo  Continente a gestionar el apoyo a su causa de la Uni\u00f2n Europea. Lo  consigui\u00f2 a plenitud cuando \u00e8sta en una en\u00e8rgica declaraci\u00f2n rechaz\u00f2 la  petici\u00f2n de Ch\u00e0vez y demand\u00f2 de las FARC la puesta en libertad de los m\u00e0s de  setecientos secuestrados que mantiene como rehenes.\u00a0 Hace un par de d\u00ecas, en m\u00e0s de ciento veinte  ciudades del mundo, incluyendo Caracas, y unas cuarenta de Colombia, cientos de  miles de personas se manifestaron contra las FARC. Y ahora el gobierno de  Chile, que mantiene una firme y sostenida pol\u00ectica de respeto a los derechos  humanos, acaba de declarar oficialmente a las FARC como grupo terrorista.\u00a0 No otra clasificaci\u00f2n le cabe, aunque quiz\u00e0s  ser\u00eca m\u00e0s apropiado calificarlos de narco-terroristas por su evidente  asociaci\u00f2n con los carteles de la droga.<\/p>\n<p>&#13;<\/p>\n<h6> 2008-02-07 20:48:34 <\/h6>\n<p><!--\n<link rel=\"stylesheet\" href=\"css\/bootstrap.min.css\">\n\n\n<ul class=\"pagination\">\n\t    \n\t\n\n<li >\n\t<a href='?page_no=12272'>Previous<\/a>\n\t<\/li>\n\n\n       \n    \n\n<li><a href='?page_no=1'>1<\/a><\/li>\n\n\n\n<li><a href='?page_no=2'>2<\/a><\/li>\n\n\n\n<li><a>...<\/a><\/li>\n\n\n\n<li><a href='?page_no=12271'>12271<\/a><\/li>\n\n\n\n<li><a href='?page_no=12272'>12272<\/a><\/li>\n\n\n\n<li class='active'><a>12273<\/a><\/li>\n\n\n\n<li><a href='?page_no=12274'>12274<\/a><\/li>\n\n\n\n<li><a href='?page_no=12275'>12275<\/a><\/li>\n\n\n\n<li><a>...<\/a><\/li>\n\n\n\n<li><a href='?page_no=13611'>13611<\/a><\/li>\n\n\n\n<li><a href='?page_no=13612'>13612<\/a><\/li>\n\n    \n\t\n\n<li >\n\t<a href='?page_no=12274'>Next<\/a>\n\t<\/li>\n\n\n    \n\n<li><a href='?page_no=13612'>Last &rsaquo;&rsaquo;<\/a><\/li>\n\n<\/ul>\n\n\n--><br \/>\n<\/body><\/p>\n","protected":false},"excerpt":{"rendered":"<p>LOS TEMAS DE TELEDEBATE &#13; CABEZA DE TURCO.\u00a0 Un dirigente del sector comercial declara lamentar las alzas de productos de primera necesidad, atribuyendo las mismas al liger\u00ecsimo incremento de la prima del d\u00f2lar de 33 a menos de 34 pesos y medio por d\u00f2lar al tiempo de lamentarse de que el Banco Central no haga [&hellip;]<\/p>\n","protected":false},"author":3,"featured_media":0,"comment_status":"open","ping_status":"open","sticky":false,"template":"","format":"standard","meta":{"footnotes":""},"categories":[16],"tags":[],"class_list":["post-36407","post","type-post","status-publish","format-standard","hentry","category-opiniones"],"_links":{"self":[{"href":"https:\/\/diariodominicano.com\/index.php?rest_route=\/wp\/v2\/posts\/36407","targetHints":{"allow":["GET"]}}],"collection":[{"href":"https:\/\/diariodominicano.com\/index.php?rest_route=\/wp\/v2\/posts"}],"about":[{"href":"https:\/\/diariodominicano.com\/index.php?rest_route=\/wp\/v2\/types\/post"}],"author":[{"embeddable":true,"href":"https:\/\/diariodominicano.com\/index.php?rest_route=\/wp\/v2\/users\/3"}],"replies":[{"embeddable":true,"href":"https:\/\/diariodominicano.com\/index.php?rest_route=%2Fwp%2Fv2%2Fcomments&post=36407"}],"version-history":[{"count":0,"href":"https:\/\/diariodominicano.com\/index.php?rest_route=\/wp\/v2\/posts\/36407\/revisions"}],"wp:attachment":[{"href":"https:\/\/diariodominicano.com\/index.php?rest_route=%2Fwp%2Fv2%2Fmedia&parent=36407"}],"wp:term":[{"taxonomy":"category","embeddable":true,"href":"https:\/\/diariodominicano.com\/index.php?rest_route=%2Fwp%2Fv2%2Fcategories&post=36407"},{"taxonomy":"post_tag","embeddable":true,"href":"https:\/\/diariodominicano.com\/index.php?rest_route=%2Fwp%2Fv2%2Ftags&post=36407"}],"curies":[{"name":"wp","href":"https:\/\/api.w.org\/{rel}","templated":true}]}}