{"id":36406,"date":"2008-02-07T20:54:00","date_gmt":"2008-02-07T20:54:00","guid":{"rendered":"http:\/\/diariodominicano.ddns.net\/?p=36406"},"modified":"2008-02-07T20:54:00","modified_gmt":"2008-02-07T20:54:00","slug":"las-principales-en-teledebate-3","status":"publish","type":"post","link":"https:\/\/diariodominicano.com\/?p=36406","title":{"rendered":"LAS PRINCIPALES EN TELEDEBATE"},"content":{"rendered":"<p><body><\/p>\n<p align=\"justify\"><span class=\"titulogrande1\">LAS PRINCIPALES EN TELEDEBATE\u00a0\u00a0\u00a0 <\/span><br \/>&#13;<br \/>\n  <br \/>&#13;<br \/>\n    <span class=\"text1noticias\">Mi\u00e8rcoles  6,02,08<\/span><\/p>\n<p>&#13;<\/p>\n<p align=\"justify\" class=\"text1noticias\"><strong>FIRMA CON EL FMI.<\/strong> Seg\u00f9n informaciones ofrecidas por el  Secretario de Econom\u00eca, Planificaci\u00f2n y Desarrollo, Juan Tem\u00ecstocles Mont\u00e0s, el  gobierno estar\u00eca en disposici\u00f2n de suscribir un nuevo convenio con el Fondo  Monetario Internacional bajo la modalidad de vigilancia, en particular del  gasto p\u00f9blico.<\/p>\n<p>&#13;<\/p>\n<p align=\"justify\" class=\"text1noticias\"><strong>RECHAZO A REFORMA FISCAL.\u00a0<\/strong> Sin embargo, como hab\u00ecamos adelantado, ya se  han alzado voces, tanto desde el empresariado como del sector sindical e  incluso desde litorales pol\u00ecticos rechazando la sugerencia del organismo  internacional de proceder a una nueva Reforma Fiscal y ampliaci\u00f2n de la base  tributaria.<\/p>\n<p>&#13;<\/p>\n<p align=\"justify\" class=\"text1noticias\"><strong>AVICULTORES RECLAMAN SUBSIDIO.<\/strong>  El sector av\u00eccola reporta una fuerte p\u00e8rdida multimillonaria entre enero y los  d\u00ecas que corren del presente Febrero debido a la veda impuesta por las  autoridades haitianas a la entrada en su territorio de huevos y pollos  producidos en las granjas criollas.\u00a0 De  hecho, reclaman un subsidio del gobierno para conjurar la crisis.<\/p>\n<p>&#13;<\/p>\n<p align=\"justify\" class=\"text1noticias\"><strong>\u00bfMAS SUBSIDIOS?<\/strong> De subsidio en  subsidio, ahora tenemos que por un lado los obreros cesados en zona franca  est\u00e0n reclamando ese beneficio de las autoridades.\u00a0 Y para no quedarse atr\u00e0s, tambi\u00e8n los  motoconchistas andan a la caza de que les subsidien la gasolina al igual que  est\u00e0n haci\u00e8ndole a los transportistas con el gasoil y el gas.<\/p>\n<p>&#13;<\/p>\n<p align=\"justify\" class=\"text1noticias\"><strong>EL CRIMEN NO PAGA.<\/strong> Al fin se  hizo justicia en el caso del asesinado inspector de aduanas Ram\u00f2n Florentino  Rosario, funcionario de ejemplar trayectoria.\u00a0  A quienes le dieron muerte les cantaron merecidamente 30 y 20 a\u00f1os de  prisi\u00f2n.\u00a0 Ahora hay que procurar que los  cumplan.<\/p>\n<p>&#13;<\/p>\n<p align=\"justify\" class=\"text1noticias\"><strong>OBSERVADORES ELECTORALES.<\/strong>\u00a0 El Presidente de la Junta Central  Electoral, Julio C\u00e8sar Casta\u00f1os Guzm\u00e0n, aclara que el organismo ya cumpli\u00f2 con  la invitaci\u00f2n a observadores de organismos internacionales de un total de 27  pa\u00ecses para que verifiquen la transparencia del proceso comicial.\u00a0 M\u00e0s claro ni el agua.<\/p>\n<p>&#13;<\/p>\n<p align=\"justify\" class=\"text1noticias\"><strong>VENTAJA PARA MCCAIN.<\/strong> El llamado  Supermartes de las primarias norteamericanas define pr\u00e0cticamente la  candidatura electoral del Partido Republicano, con una clara victoria y c\u00f2moda  ventaja para el senador John McCain.\u00a0  Veterano de la guerra de Viet Nam, McCain es senador por Arizona y  parece correr por el carril de adentro.<\/p>\n<p>&#13;<\/p>\n<p align=\"justify\" class=\"text1noticias\"><strong>DEMOCRATAS SIN DEFINICION AUN. <\/strong>No ocurre lo mismo con la candidatura dem\u00f2crata donde el novel senador por  Illinois, Barak Obama, contin\u00f9a siendo protagonista de una sorprendente  campa\u00f1a.\u00a0 Si bien la carism\u00e0tica Hillary  Clinton le sac\u00f2 ventaja en el Supermartes, \u00e8sta fue de apenas 20  delegados.\u00a0 <\/p>\n<p>&#13;<\/p>\n<p align=\"justify\" class=\"text1noticias\"><strong>OTRA VICTIMA DE LA CRIMINALIDAD.\u00a0<\/strong> La delincuencia convertida  en criminalidad contin\u00f9a cosechando v\u00ecctimas.\u00a0  Ahora fue un septuagenario ciudadano italiano residente en el pa\u00ecs,  asesinado en Boca Chica en un intento de robo al cual aparentemente resisti\u00f2,  pagando con su vida.\u00a0 Peor imagen no  podemos proyectar hacia el exterior.<\/p>\n<p>&#13;<\/p>\n<p align=\"justify\" class=\"text1noticias\"><strong>DIOS HECHO HOMBRE.\u00a0 <\/strong>Hoy di\u00f2 comienzo la Cuaresma con la  tradicional celebraci\u00f2n del Mi\u00e8rcoles de Ceniza.\u00a0 La numerosa feligres\u00eca cat\u00f2lica se di\u00f2 cita  en los diferentes templos del pa\u00ecs para ser ungida en la frente con la  simb\u00f2lica cruz que recuerda el sacrificio del Dios hecho hombre para redimir a  la humanidad de sus pecados.<\/p>\n<p>&#13;<\/p>\n<p align=\"justify\" class=\"text1noticias\"><strong>INSOLITA CONDENA. <\/strong>Mientras en  gran parte del mundo, la mujer ha podido conquistar la plenitud de sus  derechos, en otra sin embargo contin\u00f9a sometida a las m\u00e0s absurdas y abusivas  normas. <br \/>&#13;<br \/>\n  <br \/>&#13;<br \/>\nUn ejemplo: en Arabia Saudita una mujer fue condenada por el ins\u00f2lito  delito de tomar caf\u00e8 en p\u00f9blico. Incre\u00ecble,pero lamentablemente cierto.<\/p>\n<p>&#13;<\/p>\n<p align=\"justify\" class=\"text1noticias\"><strong>CHILE CONDENA LAS FARC.<\/strong> El  gobierno de Chile, de bien afirmada tradici\u00f2n democr\u00e0tica y de respeto a los  derechos humanos, le acaba de asestar un buen golpe a las FARC de Colombia al  calificarlo de manera oficial como un grupo terrorista.\u00a0 No cabe otra definici\u00f2n para secuestradores y  asesinos de gente inocente y aliados al narcotr\u00e0fico.<\/p>\n<p>&#13;<\/p>\n<p align=\"justify\" class=\"text1noticias\"><strong>EN PROPIA CARNE.\u00a0 <\/strong>Chile ha sentido en carne propia las garras  de la FARC con  el secuestro del m\u00e8dico chileno Oscar Olivari, del cual no se han tenido m\u00e0s  noticias pese a que su familia lleg\u00f2 a pagar un rescate de 35 mil d\u00f2lares por  su liberaci\u00f2n.\u00a0 La guerrilla terrorista  se qued\u00f2 con el cautivo y con el dinero.<\/p>\n<p>&#13;<\/p>\n<p align=\"justify\" class=\"text1noticias\"><strong>AUTONOMIA HOSPITALARIA.<\/strong>\u00a0 Salud P\u00f9blica ensaya una nueva metodolog\u00eca de  trabajo al declarar la autonom\u00eca de tres hospitales: el Juan Bosch, de La Vega: el Vinicio Calventi, de  Los Alcarrizos y el todav\u00eca no inaugurado Oftalmol\u00f2gico Cardiorenal.\u00a0 Los dos primeros est\u00e0n considerados modelos  en su g\u00e8nero.<\/p>\n<p>&#13;<\/p>\n<p align=\"justify\" class=\"text1noticias\"><strong>POBRE CAPITAL. <\/strong>Diario Libre  revela en su edici\u00f2n de hoy que la empresa promotora del edificio Blue Mall que  se estima costar\u00e0 60 millones de d\u00f2lares, apenas aparece registrada en la Direcci\u00f2n General  de Impuestos Internos con un capital de 100 mil pesos. La misma es presidida  por una paname\u00f1a y su construcci\u00f2n est\u00e0 confiada a una compa\u00f1\u00eca que forma parte  del grupo presidido por Miguel Vargas Maldonado.<\/p>\n<p>&#13;<\/p>\n<h6> 2008-02-07 20:54:00 <\/h6>\n<p><!--\n<link rel=\"stylesheet\" href=\"css\/bootstrap.min.css\">\n\n\n<ul class=\"pagination\">\n\t    \n\t\n\n<li >\n\t<a href='?page_no=12271'>Previous<\/a>\n\t<\/li>\n\n\n       \n    \n\n<li><a href='?page_no=1'>1<\/a><\/li>\n\n\n\n<li><a href='?page_no=2'>2<\/a><\/li>\n\n\n\n<li><a>...<\/a><\/li>\n\n\n\n<li><a href='?page_no=12270'>12270<\/a><\/li>\n\n\n\n<li><a href='?page_no=12271'>12271<\/a><\/li>\n\n\n\n<li class='active'><a>12272<\/a><\/li>\n\n\n\n<li><a href='?page_no=12273'>12273<\/a><\/li>\n\n\n\n<li><a href='?page_no=12274'>12274<\/a><\/li>\n\n\n\n<li><a>...<\/a><\/li>\n\n\n\n<li><a href='?page_no=13611'>13611<\/a><\/li>\n\n\n\n<li><a href='?page_no=13612'>13612<\/a><\/li>\n\n    \n\t\n\n<li >\n\t<a href='?page_no=12273'>Next<\/a>\n\t<\/li>\n\n\n    \n\n<li><a href='?page_no=13612'>Last &rsaquo;&rsaquo;<\/a><\/li>\n\n<\/ul>\n\n\n--><br \/>\n<\/body><\/p>\n","protected":false},"excerpt":{"rendered":"<p>LAS PRINCIPALES EN TELEDEBATE\u00a0\u00a0\u00a0 &#13; &#13; Mi\u00e8rcoles 6,02,08 &#13; FIRMA CON EL FMI. Seg\u00f9n informaciones ofrecidas por el Secretario de Econom\u00eca, Planificaci\u00f2n y Desarrollo, Juan Tem\u00ecstocles Mont\u00e0s, el gobierno estar\u00eca en disposici\u00f2n de suscribir un nuevo convenio con el Fondo Monetario Internacional bajo la modalidad de vigilancia, en particular del gasto p\u00f9blico. &#13; RECHAZO A [&hellip;]<\/p>\n","protected":false},"author":3,"featured_media":0,"comment_status":"open","ping_status":"open","sticky":false,"template":"","format":"standard","meta":{"footnotes":""},"categories":[16],"tags":[],"class_list":["post-36406","post","type-post","status-publish","format-standard","hentry","category-opiniones"],"_links":{"self":[{"href":"https:\/\/diariodominicano.com\/index.php?rest_route=\/wp\/v2\/posts\/36406","targetHints":{"allow":["GET"]}}],"collection":[{"href":"https:\/\/diariodominicano.com\/index.php?rest_route=\/wp\/v2\/posts"}],"about":[{"href":"https:\/\/diariodominicano.com\/index.php?rest_route=\/wp\/v2\/types\/post"}],"author":[{"embeddable":true,"href":"https:\/\/diariodominicano.com\/index.php?rest_route=\/wp\/v2\/users\/3"}],"replies":[{"embeddable":true,"href":"https:\/\/diariodominicano.com\/index.php?rest_route=%2Fwp%2Fv2%2Fcomments&post=36406"}],"version-history":[{"count":0,"href":"https:\/\/diariodominicano.com\/index.php?rest_route=\/wp\/v2\/posts\/36406\/revisions"}],"wp:attachment":[{"href":"https:\/\/diariodominicano.com\/index.php?rest_route=%2Fwp%2Fv2%2Fmedia&parent=36406"}],"wp:term":[{"taxonomy":"category","embeddable":true,"href":"https:\/\/diariodominicano.com\/index.php?rest_route=%2Fwp%2Fv2%2Fcategories&post=36406"},{"taxonomy":"post_tag","embeddable":true,"href":"https:\/\/diariodominicano.com\/index.php?rest_route=%2Fwp%2Fv2%2Ftags&post=36406"}],"curies":[{"name":"wp","href":"https:\/\/api.w.org\/{rel}","templated":true}]}}