{"id":36401,"date":"2008-02-13T20:21:04","date_gmt":"2008-02-13T20:21:04","guid":{"rendered":"http:\/\/diariodominicano.ddns.net\/?p=36401"},"modified":"2008-02-13T20:21:04","modified_gmt":"2008-02-13T20:21:04","slug":"el-cepillo-azul-de-leonel","status":"publish","type":"post","link":"https:\/\/diariodominicano.com\/?p=36401","title":{"rendered":"El Cepillo Azul de Leonel"},"content":{"rendered":"<p><body><\/p>\n<p align=\"center\"><strong>FUERA DE SERIE<\/strong><br \/>&#13;<br \/>\n    <span class=\"titulogrande1\"><br \/>&#13;<br \/>\n    <strong>El Cepillo Azul de Leonel<\/strong><\/span><\/p>\n<p>&#13;<\/p>\n<p align=\"center\"><strong>Por <span class=\"textogrande\">Henry Castillo<\/span><\/strong><\/p>\n<p>&#13;<\/p>\n<p align=\"justify\"><span class=\"text1noticias\"><img loading=\"lazy\" decoding=\"async\" src=\"http:\/\/10.0.0.82:8080\/pictures\/henry castillo.jpg\" width=\"269\" height=\"315\" hspace=\"4\" align=\"left\" \/>Talvez por ser el \u00abcarro del pueblo\u00bb, el  cepillo es mundialmente popular y apreciado. Pocos profesionales entre los  decenios de 1980 y 1970, incluyendo profesores universitarios, pod\u00edan  comprarlo, y quienes lo ten\u00edan eran privilegiados. A pesar que no era el \u00fanico,  el m\u00e1s famoso, admirado y codiciado era el cepillo azul cielo de Leonel. <br \/>&#13;<br \/>\n  <br \/>&#13;<br \/>\n  Leonel Fern\u00e1ndez, actual presidente de  la Rep\u00fablica Dominicana, y candidato a la reelecci\u00f3n, ha modernizado el pa\u00eds,  mediante la construcci\u00f3n de viviendas, escuelas, acueductos, redes el\u00e9ctricas,  edificios (como el que ocupa la sede a la Suprema Corte de Justicia y la  Universidad Aut\u00f3noma de Santo Domingo), el Metro de Santo Domingo, entre otras.<br \/>&#13;<br \/>\n<br \/>&#13;<br \/>\n Tuve la dicha de conocer y montar el  cepillo azul.<br \/>&#13;<br \/>\n <br \/> &#13;<br \/>\n Puedo hablar de sus bondades, as\u00ed como de la satisfacci\u00f3n de  pasearme en el carro m\u00e1s famoso, sin el temor de que se ahogara en un charco de  agua o se quedara por gasolina. Cuando se estacionaba, en el parqueo de la  facultad de Humanidades o de Econom\u00eda, la mirada de algunos estudiantes no se  quitaba de encima, observando su belleza.<br \/>&#13;<br \/>\n <br \/>&#13;<br \/>\n No se diferenciaba mucho de los otros  carros europeos, salvo que era el \u00fanico que funcionaba sin agua (coolant) y  ten\u00eda el motor en la parte de atr\u00e1s. Era un orgullo tener uno, especialmente  con la carrocer\u00eda n\u00edtida y un motor en excelentes condiciones. Como el de  Leonel. La capacidad para moverse con agilidad por cualquier avenida o  carretera, convirtieron a este modelo de la volkswagen en uno de los  autom\u00f3viles m\u00e1s famosos del mundo. Su tama\u00f1o compacto y el uso que se le daba,  lo convirti\u00f3 en leyenda. Por su resistencia, la Polic\u00eda Nacional compr\u00f3 una  flotilla para asignarlo a los oficiales. <br \/>&#13;<br \/>\n<br \/>&#13;<br \/>\n Pocos profesores universitarios pod\u00edan  comprarse uno, aunque los deseos no faltaban. Los bajos salarios, apenas daban  para cubrir parte de sus gastos diarios. Con la apertura comercial y el ascenso  de Fern\u00e1ndez al poder, la din\u00e1mica econ\u00f3mica cambi\u00f3, permitiendo a la mayor\u00eda  de acad\u00e9micos comprar un carro. <br \/>&#13;<br \/>\n <br \/>&#13;<br \/>\n La fama del cepillo azul de Leonel es  tan singular que no ha podido ser borrada con el tiempo. <br \/>&#13;<br \/>\n <br \/>&#13;<br \/>\n Como ocurre con los  objetos de las grandes figuras internacionales, cada d\u00eda que pasa adquiere m\u00e1s  valor y es m\u00e1s apetecible. Si su due\u00f1o actual existe y decide subastarlo, la  oferta inicial superar\u00eda el mill\u00f3n de pesos.<br \/>&#13;<br \/>\n<br \/>&#13;<br \/>\n Los adversarios de Leonel Fern\u00e1ndez,  carentes de argumentos para atacarlo y con un cerebro de mime,\u00a0 quieren ver al Presidente en el cepillo,  mientras ellos transitan en un autom\u00f3vil con tecnolog\u00eda moderna por los  t\u00faneles, puentes o elevados construidos en su gesti\u00f3n. \u00a1Paradoja de la vida!  Est\u00e1n tan desconectados de la realidad que pienso que desconocen que la  compa\u00f1\u00eda volkswagen, fabricante de este modelo, descontinu\u00f3 su producci\u00f3n, tras  m\u00e1s de cinco d\u00e9cada de \u00e9xitos en ventas, para dar paso a dise\u00f1os acorde con la  era de la tecnolog\u00eda y el conocimiento.\u00a0\u00a0<br \/>&#13;<br \/>\n \u00a0\u00a0\u00a0\u00a0\u00a0\u00a0 <br \/>&#13;<br \/>\n Quienes han intentado humillar y  minimizar a Leonel a trav\u00e9s del cepillo est\u00e1n frustrados y arrepentidos. Su  figura se agiganta mucho m\u00e1s. Gracias a su inteligencia, esfuerzo y dedicaci\u00f3n,  ha logrado trascender y est\u00e1 considerado como uno de los l\u00edderes pol\u00edticos m\u00e1s  grandes del pa\u00eds y toda la regi\u00f3n, lo que a sus adversos le cuesta admitir. Su  labor como estadista ha permitido que el pa\u00eds haya saltado a las primeras  planas de los m\u00e1s importantes medios de comunicaci\u00f3n del mundo por su asombroso  desempe\u00f1o econ\u00f3mico.\u00a0\u00a0 <br \/>&#13;<br \/>\n<br \/>&#13;<br \/>\n Gracias a sus propias cualidades,  ayudado por las circunstancias pol\u00edticas hist\u00f3ricas, el antiguo due\u00f1o del  cepillo azul se erigi\u00f3 en Presidente, y dispuso la construcci\u00f3n de un Metro,  que diera respuesta a las demandas creciente de la sociedad actual, que requiere  de un moderno sistema de transporte colectivo, m\u00e1s \u00e1gil y eficiente. <br \/>&#13;<br \/>\n <br \/>&#13;<br \/>\n El cepillo seguir\u00e1 existiendo en la  mente de quienes se resisten a los cambios. Tambi\u00e9n en aquellos que se quedaron  rezagados en el pasado, donde las computadoras y la internet eran desconocidas.  Los cr\u00edticos del antiguo due\u00f1o del escarabajo no se dan cuenta que el muro de  Berl\u00edn fue derribado, y que la otrora poderosa Uni\u00f3n Sovi\u00e9tica es ahora es la  Rusia de Putin. <br \/>&#13;<br \/>\n<br \/>&#13;<br \/>\nParad\u00f3jicamente, son los mismos que se opusieron a los t\u00faneles  y elevados, pero lo usan; los que critican el Metro, aunque en la intimidad  reconocen su trascendencia. Son, tambi\u00e9n, parte de los que sumieron al pa\u00eds en  la m\u00e1s profunda crisis econ\u00f3mica de la historia.\u00a0 <br \/>&#13;<br \/>\n<br \/>&#13;<br \/>\n Hablan del cepillo azul por que no  tienen otro tema y se niegan a reconocer que bajo el liderazgo de Leonel  Fern\u00e1ndez, la Rep\u00fablica Dominicana sali\u00f3 del aislamiento internacional,  convirti\u00e9ndose en uno de los pueblos de mayor crecimiento econ\u00f3mico del mundo.  Hoy, por la su visi\u00f3n modernizadora del Presidente Fern\u00e1ndez, crece la  construcci\u00f3n de torres y nuestras calles  est\u00e1n llenas de nuevos modelos de autom\u00f3viles para el disfrute de una nueva  generaci\u00f3n de hombres y mujeres que viven el presente, pero trabajan y\u00a0 tienen confianza en un futuro mejor. E-mail: henrycastillog@hotmail.com<\/span><\/p>\n<p>&#13;<\/p>\n<h6> 2008-02-13 20:21:04 <\/h6>\n<p><!--\n<link rel=\"stylesheet\" href=\"css\/bootstrap.min.css\">\n\n\n<ul class=\"pagination\">\n\t    \n\t\n\n<li >\n\t<a href='?page_no=12267'>Previous<\/a>\n\t<\/li>\n\n\n       \n    \n\n<li><a href='?page_no=1'>1<\/a><\/li>\n\n\n\n<li><a href='?page_no=2'>2<\/a><\/li>\n\n\n\n<li><a>...<\/a><\/li>\n\n\n\n<li><a href='?page_no=12266'>12266<\/a><\/li>\n\n\n\n<li><a href='?page_no=12267'>12267<\/a><\/li>\n\n\n\n<li class='active'><a>12268<\/a><\/li>\n\n\n\n<li><a href='?page_no=12269'>12269<\/a><\/li>\n\n\n\n<li><a href='?page_no=12270'>12270<\/a><\/li>\n\n\n\n<li><a>...<\/a><\/li>\n\n\n\n<li><a href='?page_no=13611'>13611<\/a><\/li>\n\n\n\n<li><a href='?page_no=13612'>13612<\/a><\/li>\n\n    \n\t\n\n<li >\n\t<a href='?page_no=12269'>Next<\/a>\n\t<\/li>\n\n\n    \n\n<li><a href='?page_no=13612'>Last &rsaquo;&rsaquo;<\/a><\/li>\n\n<\/ul>\n\n\n--><br \/>\n<\/body><\/p>\n","protected":false},"excerpt":{"rendered":"<p>FUERA DE SERIE&#13; &#13; El Cepillo Azul de Leonel &#13; Por Henry Castillo &#13; Talvez por ser el \u00abcarro del pueblo\u00bb, el cepillo es mundialmente popular y apreciado. Pocos profesionales entre los decenios de 1980 y 1970, incluyendo profesores universitarios, pod\u00edan comprarlo, y quienes lo ten\u00edan eran privilegiados. A pesar que no era el \u00fanico, [&hellip;]<\/p>\n","protected":false},"author":3,"featured_media":0,"comment_status":"open","ping_status":"open","sticky":false,"template":"","format":"standard","meta":{"footnotes":""},"categories":[16],"tags":[],"class_list":["post-36401","post","type-post","status-publish","format-standard","hentry","category-opiniones"],"_links":{"self":[{"href":"https:\/\/diariodominicano.com\/index.php?rest_route=\/wp\/v2\/posts\/36401","targetHints":{"allow":["GET"]}}],"collection":[{"href":"https:\/\/diariodominicano.com\/index.php?rest_route=\/wp\/v2\/posts"}],"about":[{"href":"https:\/\/diariodominicano.com\/index.php?rest_route=\/wp\/v2\/types\/post"}],"author":[{"embeddable":true,"href":"https:\/\/diariodominicano.com\/index.php?rest_route=\/wp\/v2\/users\/3"}],"replies":[{"embeddable":true,"href":"https:\/\/diariodominicano.com\/index.php?rest_route=%2Fwp%2Fv2%2Fcomments&post=36401"}],"version-history":[{"count":0,"href":"https:\/\/diariodominicano.com\/index.php?rest_route=\/wp\/v2\/posts\/36401\/revisions"}],"wp:attachment":[{"href":"https:\/\/diariodominicano.com\/index.php?rest_route=%2Fwp%2Fv2%2Fmedia&parent=36401"}],"wp:term":[{"taxonomy":"category","embeddable":true,"href":"https:\/\/diariodominicano.com\/index.php?rest_route=%2Fwp%2Fv2%2Fcategories&post=36401"},{"taxonomy":"post_tag","embeddable":true,"href":"https:\/\/diariodominicano.com\/index.php?rest_route=%2Fwp%2Fv2%2Ftags&post=36401"}],"curies":[{"name":"wp","href":"https:\/\/api.w.org\/{rel}","templated":true}]}}