{"id":36400,"date":"2008-02-13T21:57:04","date_gmt":"2008-02-13T21:57:04","guid":{"rendered":"http:\/\/diariodominicano.ddns.net\/?p=36400"},"modified":"2008-02-13T21:57:04","modified_gmt":"2008-02-13T21:57:04","slug":"el-lider-y-los-funcionarios","status":"publish","type":"post","link":"https:\/\/diariodominicano.com\/?p=36400","title":{"rendered":"El l\u00edder y los Funcionarios"},"content":{"rendered":"<p><body><\/p>\n<p class=\"titulogrande1\"><strong>El l\u00edder y los Funcionarios <\/strong> <\/p>\n<p>&#13;<\/p>\n<p align=\"justify\" class=\"text1noticias\">El l\u00edder, a lo largo de su carrera\u00a0 pol\u00edtica, debe luchar muchas veces en el seno  de su organizaci\u00f3n pol\u00edtica, ya cuando se\u00a0  llega al gobierno se entra en una etapa diferente, que es la  administraci\u00f3n publica o del Estado, en donde el l\u00edder debe escoger a los  funcionarios\u00a0 y ministros que deber\u00e1n  administrar y dirigir, con \u00e9l a la cabeza, el Estado en beneficio o en  detrimento de la sociedad que los ha escogido para que dirijan la cosa  publica.\u00a0\u00a0\u00a0\u00a0\u00a0\u00a0\u00a0\u00a0\u00a0\u00a0\u00a0\u00a0\u00a0\u00a0\u00a0\u00a0\u00a0\u00a0\u00a0\u00a0\u00a0\u00a0\u00a0\u00a0\u00a0\u00a0\u00a0\u00a0\u00a0\u00a0\u00a0 \u00a0\u00a0\u00a0\u00a0\u00a0\u00a0\u00a0\u00a0\u00a0\u00a0\u00a0\u00a0\u00a0\u00a0\u00a0\u00a0\u00a0\u00a0\u00a0\u00a0\u00a0\u00a0\u00a0\u00a0\u00a0\u00a0\u00a0\u00a0\u00a0\u00a0\u00a0\u00a0\u00a0\u00a0\u00a0\u00a0\u00a0\u00a0\u00a0\u00a0\u00a0\u00a0\u00a0\u00a0\u00a0\u00a0\u00a0\u00a0\u00a0\u00a0\u00a0\u00a0\u00a0\u00a0\u00a0\u00a0\u00a0\u00a0\u00a0\u00a0\u00a0\u00a0\u00a0\u00a0\u00a0\u00a0\u00a0\u00a0\u00a0\u00a0\u00a0\u00a0\u00a0\u00a0\u00a0\u00a0\u00a0\u00a0\u00a0\u00a0\u00a0\u00a0\u00a0\u00a0\u00a0\u00a0\u00a0\u00a0\u00a0\u00a0\u00a0\u00a0\u00a0\u00a0\u00a0\u00a0\u00a0\u00a0\u00a0\u00a0\u00a0\u00a0\u00a0\u00a0\u00a0\u00a0\u00a0\u00a0\u00a0\u00a0\u00a0\u00a0\u00a0\u00a0\u00a0\u00a0\u00a0\u00a0\u00a0\u00a0\u00a0\u00a0\u00a0\u00a0\u00a0\u00a0\u00a0\u00a0\u00a0\u00a0\u00a0\u00a0\u00a0\u00a0\u00a0\u00a0\u00a0\u00a0\u00a0\u00a0\u00a0\u00a0\u00a0\u00a0\u00a0\u00a0\u00a0\u00a0\u00a0\u00a0\u00a0\u00a0\u00a0\u00a0\u00a0\u00a0\u00a0\u00a0\u00a0\u00a0\u00a0\u00a0\u00a0\u00a0\u00a0\u00a0\u00a0En \u00c9ste aspecto queremos iniciar con una afirmaci\u00f3n de  Charles de Gaulle que dice:\u201dEl hombre de car\u00e1cter no trata por encima de todo  de agradar a sus superiores, sino que busca ser fiel a si mismo,\u00a0 su personalidad abrasiva y la audacia de sus  acciones, lo hacen impopular entre sus superiores, que no se dan cuenta que  necesitan hombres de fuerte voluntad a sus ordenes.\u201d\u00a0\u00a0\u00a0\u00a0\u00a0\u00a0\u00a0\u00a0\u00a0\u00a0\u00a0\u00a0\u00a0\u00a0\u00a0\u00a0\u00a0\u00a0\u00a0\u00a0\u00a0\u00a0\u00a0\u00a0\u00a0\u00a0\u00a0\u00a0\u00a0\u00a0\u00a0\u00a0\u00a0\u00a0\u00a0\u00a0\u00a0\u00a0\u00a0\u00a0\u00a0\u00a0\u00a0\u00a0\u00a0\u00a0\u00a0\u00a0\u00a0\u00a0\u00a0\u00a0\u00a0\u00a0\u00a0\u00a0\u00a0\u00a0\u00a0\u00a0 <\/p>\n<p>&#13;<\/p>\n<p align=\"justify\" class=\"text1noticias\">De Gaulle entend\u00eda que los mejores servidores del Estado,  militares o pol\u00edticos son raramente los mas flexibles. Este autor cre\u00eda que los  funcionarios p\u00fablicos que dirigen puestos de mando deben tener nervios\u00a0 y mente de jefes y consideraba que es una  mala pol\u00edtica de los jefes de gobierno o de Estado excluir de los cargos\u00a0 a los hombres de car\u00e1cter fuertes, por la  raz\u00f3n de que son personas dif\u00edciles. Puntualizaba que las relaciones f\u00e1ciles  est\u00e1n muy bien cuando todo marcha normalmente, pero en tiempos dif\u00edciles y de  crisis \u00a0pueden conducir al desastre.<\/p>\n<p>&#13;<\/p>\n<p align=\"justify\" class=\"text1noticias\">Al referirse a los funcionarios p\u00fablicos y el l\u00edder \u00e9ste  autor nos dice que una de las cosas m\u00e1s dif\u00edciles de imponer es la disciplina  frente a la exigencia de los altos\u00a0  funcionarios p\u00fablicos, los congresistas y otras personas pertenecientes  al gobierno\u00a0 que demandan del tiempo del  jefe de Estado. Aconseja De Gaulle que el jefe de Estado debe mantenerse  alejado de las discusiones de car\u00e1cter general que ocurren entre sus  funcionarios. Establece que el l\u00edder debe escuchar con atenci\u00f3n cuando necesita  saber algo de sus ministros y subalternos y aconseja citarlos a una entrevista  privada, para saber esas cosas especificas que \u00e9l necesita saber.<\/p>\n<p>&#13;<\/p>\n<p align=\"justify\" class=\"text1noticias\">El l\u00edder, seg\u00fan De Gaulle, no puede tener autoridad sin  prestigio, por eso debe mantener la distancia, es decir estar cerca pero con  una barrera invisible, que haga entender al ministro o funcionario que su\u00a0 tiempo\u00a0  es limitado y que \u00e9ste debe aprovecharlo al m\u00e1ximo. En cuanto\u00a0 a sus ministros y funcionarios, el l\u00edder que  llega\u00a0 a ser jefe de Estado debe decidir  correctamente lo que debe de hacerse para empujar la naci\u00f3n hacia el desarrollo.  El l\u00edder, por otra parte, debe persuadir a los dem\u00e1s para conseguir que pongan  en\u00a0 ejecuci\u00f3n los planes que \u00e9l ha  concebido, pero sobre todo debe tratar de conseguir que sus planes tengan un  final fruct\u00edfero para la naci\u00f3n que le sigue.<\/p>\n<p>&#13;<\/p>\n<p align=\"justify\" class=\"text1noticias\">El l\u00edder que llega a ser jefe de Estado debe mantener una actitud  hacia sus funcionarios que le permita obtener la mayor informaci\u00f3n en el m\u00ednimo  de tiempo. De Gaulle al referirse al jefe de Estado y los funcionarios contin\u00faa  dici\u00e9ndonos:\u201dUn jefe ha de ser capaz de crear un esp\u00edritu de confianza\u00a0 entre los que est\u00e1n a sus ordenes. Ha de ser  capaz de reafirmar su autoridad y la autoridad deriva del prestigio\u201d y\u00a0 continua: \u201cEl prestigio\u00a0\u00a0 es, en gran parte, cuesti\u00f3n de sentimientos,  sugesti\u00f3n e impresi\u00f3n y depende primariamente de poseer, un don elemental, una  actitud natural\u00a0 que desaf\u00eda al mando.<\/p>\n<p>&#13;<\/p>\n<h6> 2008-02-13 21:57:04 <\/h6>\n<p><!--\n<link rel=\"stylesheet\" href=\"css\/bootstrap.min.css\">\n\n\n<ul class=\"pagination\">\n\t    \n\t\n\n<li >\n\t<a href='?page_no=12266'>Previous<\/a>\n\t<\/li>\n\n\n       \n    \n\n<li><a href='?page_no=1'>1<\/a><\/li>\n\n\n\n<li><a href='?page_no=2'>2<\/a><\/li>\n\n\n\n<li><a>...<\/a><\/li>\n\n\n\n<li><a href='?page_no=12265'>12265<\/a><\/li>\n\n\n\n<li><a href='?page_no=12266'>12266<\/a><\/li>\n\n\n\n<li class='active'><a>12267<\/a><\/li>\n\n\n\n<li><a href='?page_no=12268'>12268<\/a><\/li>\n\n\n\n<li><a href='?page_no=12269'>12269<\/a><\/li>\n\n\n\n<li><a>...<\/a><\/li>\n\n\n\n<li><a href='?page_no=13611'>13611<\/a><\/li>\n\n\n\n<li><a href='?page_no=13612'>13612<\/a><\/li>\n\n    \n\t\n\n<li >\n\t<a href='?page_no=12268'>Next<\/a>\n\t<\/li>\n\n\n    \n\n<li><a href='?page_no=13612'>Last &rsaquo;&rsaquo;<\/a><\/li>\n\n<\/ul>\n\n\n--><br \/>\n<\/body><\/p>\n","protected":false},"excerpt":{"rendered":"<p>El l\u00edder y los Funcionarios &#13; El l\u00edder, a lo largo de su carrera\u00a0 pol\u00edtica, debe luchar muchas veces en el seno de su organizaci\u00f3n pol\u00edtica, ya cuando se\u00a0 llega al gobierno se entra en una etapa diferente, que es la administraci\u00f3n publica o del Estado, en donde el l\u00edder debe escoger a los funcionarios\u00a0 [&hellip;]<\/p>\n","protected":false},"author":3,"featured_media":0,"comment_status":"open","ping_status":"open","sticky":false,"template":"","format":"standard","meta":{"footnotes":""},"categories":[16],"tags":[],"class_list":["post-36400","post","type-post","status-publish","format-standard","hentry","category-opiniones"],"_links":{"self":[{"href":"https:\/\/diariodominicano.com\/index.php?rest_route=\/wp\/v2\/posts\/36400","targetHints":{"allow":["GET"]}}],"collection":[{"href":"https:\/\/diariodominicano.com\/index.php?rest_route=\/wp\/v2\/posts"}],"about":[{"href":"https:\/\/diariodominicano.com\/index.php?rest_route=\/wp\/v2\/types\/post"}],"author":[{"embeddable":true,"href":"https:\/\/diariodominicano.com\/index.php?rest_route=\/wp\/v2\/users\/3"}],"replies":[{"embeddable":true,"href":"https:\/\/diariodominicano.com\/index.php?rest_route=%2Fwp%2Fv2%2Fcomments&post=36400"}],"version-history":[{"count":0,"href":"https:\/\/diariodominicano.com\/index.php?rest_route=\/wp\/v2\/posts\/36400\/revisions"}],"wp:attachment":[{"href":"https:\/\/diariodominicano.com\/index.php?rest_route=%2Fwp%2Fv2%2Fmedia&parent=36400"}],"wp:term":[{"taxonomy":"category","embeddable":true,"href":"https:\/\/diariodominicano.com\/index.php?rest_route=%2Fwp%2Fv2%2Fcategories&post=36400"},{"taxonomy":"post_tag","embeddable":true,"href":"https:\/\/diariodominicano.com\/index.php?rest_route=%2Fwp%2Fv2%2Ftags&post=36400"}],"curies":[{"name":"wp","href":"https:\/\/api.w.org\/{rel}","templated":true}]}}