{"id":36399,"date":"2008-02-13T21:59:49","date_gmt":"2008-02-13T21:59:49","guid":{"rendered":"http:\/\/diariodominicano.ddns.net\/?p=36399"},"modified":"2008-02-13T21:59:49","modified_gmt":"2008-02-13T21:59:49","slug":"miguel-vargas-y-la-politica-fiscal","status":"publish","type":"post","link":"https:\/\/diariodominicano.com\/?p=36399","title":{"rendered":"Miguel Vargas y la Pol\u00edtica Fiscal"},"content":{"rendered":"<p><body><\/p>\n<p class=\"titulogrande1\"><strong>Miguel Vargas y la Pol\u00edtica Fiscal<\/strong><\/p>\n<p>&#13;<\/p>\n<p align=\"justify\" class=\"text1noticias\">La pol\u00edtica fiscal de un gobierno reviste  mucha importancia porque si la misma es equilibrada contribuye al crecimiento  de la econom\u00eda, los negocios, las empresas, adem\u00e1s contribuye al bienestar de  la gente; sucede lo contrario si la misma es desequilibrada, ya que cuando la  pol\u00edtica fiscal es desequilibrada da origen al estancamiento y a la crisis  econ\u00f3mica, como ocurre en el presente, en donde\u00a0  ni la gente ni las empresas est\u00e1n consiguiendo los beneficios y los  ingresos que necesitan para desarrollar sus proyectos personales o  empresariales.<\/p>\n<p>&#13;<\/p>\n<p align=\"justify\" class=\"text1noticias\">La pol\u00edtica fiscal\u00a0 lo que persigue\u00a0 es obtener los ingresos que un gobierno  necesita, por medio de los impuestos que pagan los ciudadanos, para mantener  funcionando todos los ministerios e instituciones que conforman el Estado.  Cuando los ingresos que se perciben, a trav\u00e9s de la pol\u00edtica fiscal, son  distribuidos de forma equilibrada\u00a0 y cada  Secretaria recibe la partida asignada para desarrollar sus actividades; en ese  caso tenemos un gobierno equilibrado y una sociedad que se desenvuelve en  armon\u00eda y paz social. <\/p>\n<p>&#13;<\/p>\n<p align=\"justify\" class=\"text1noticias\">\u00bfCu\u00e1l ha sido el principal error de la  pol\u00edtica fiscal de la presente gesti\u00f3n de gobierno? El principal error de este  gobierno ha sido establecer cargas de impuestos que la poblaci\u00f3n, ni los  sectores productivos, ni empresariales est\u00e1n en condiciones de pagar, debido al  estancamiento y a la crisis econ\u00f3mica que producen esas mismas cargas. La  imposibilidad de la gente, los sectores productivos y los empresarios para  poder pagar las altas tasas de impuestos establecidas por este gobierno se  traduce en crisis econ\u00f3mica y crisis social, expresada en el aumento de la  criminalidad, que es lo que estamos viviendo en el presente.<\/p>\n<p>&#13;<\/p>\n<p align=\"justify\" class=\"text1noticias\">Esta situaci\u00f3n de crisis que esta  viviendo el pa\u00eds es la que impide que el presente\u00a0 proceso electoral, por mas esfuerzos que hace  el gobierno por ganar el voto de la gente , cada d\u00eda se ve m\u00e1s rechazado por la  mayor\u00eda de la naci\u00f3n, ya que esa mayor\u00eda se ve privada de su mas elemental  derecho: El derecho a comer. Esto debido a la presente pol\u00edtica fiscal que ha  sido desacertada y devastadora para todos los sectores nacionales.<\/p>\n<p>&#13;<\/p>\n<p align=\"justify\" class=\"text1noticias\">El problema mayor de la pol\u00edtica fiscal  impuesta por la presente administraci\u00f3n se debe a que el destino que se le da a  una parte importante de los ingresos\u00a0 que  el gobierno cobra al ciudadano y al empresariado en impuestos ha tenido, en  este caso, un destino alejado del bien com\u00fan y de las mayor\u00edas nacionales.<\/p>\n<p>&#13;<\/p>\n<p align=\"justify\" class=\"text1noticias\">\u00bfEn este sentido, muchas veces, nos hemos  hecho la siguiente pregunta? Cu\u00e1ntos proyectos de desarrollo econ\u00f3mico, como  son presas, carreteras, arreglos de calles, caminos vecinales, puentes, canchas  en los barrios, dispensarios m\u00e9dicos, escuelas, medicinas para los hospitales,  polos de desarrollo regionales, puestos de ventas populares, entre otros, se  hubiesen desarrollado con los 60.000 millones de pesos que hoy se dedican a un  metro que no resuelve el problema del transporte y que s\u00f3lo beneficia a un 1% de  la poblaci\u00f3n nacional? El pueblo sabe, por que es inteligente, por qu\u00e9 el  gobierno en vez de beneficiar a las comunidades con la construcci\u00f3n de sus  obras prioritarias ha preferido la construcci\u00f3n del metro. Por eso le dar\u00e1 una  respuesta en las elecciones de mayo pr\u00f3ximo.<\/p>\n<p>&#13;<\/p>\n<p align=\"justify\" class=\"text1noticias\">Cuando del dinero que genera la pol\u00edtica  fiscal se asignan partidas a cada Secretaria de Estado y estas\u00a0 lo utilizan para fines diferentes\u00a0 a los que ya se hab\u00edan establecido, entonces  vemos lo que ha ocurrido en este ultimo gobierno: Una gran cantidad de  funcionarios que aunque saben de donde provienen sus nuevas riquezas, no pueden  justificarlas ante el pa\u00eds. Tampoco pueden justificar\u00a0 la construcci\u00f3n de grandes mansiones, que hoy  se exhiben como grandes haza\u00f1as con sus efectos demostraci\u00f3n.<\/p>\n<p>&#13;<\/p>\n<p align=\"justify\" class=\"text1noticias\">Cuando un gobierno no tiene sensibilidad  social eso es notorio. Un gobierno como el presente, que esta manejando unos  300 mil millones de pesos en su presupuesto y que ha tomado prestado unos 7 mil  millones en estos \u00faltimos tres a\u00f1os, sin ning\u00fan resultado tangible a beneficio  del pa\u00eds,\u00a0 es un gobierno incapaz. Adem\u00e1s  un gobierno, como el actual, que gasta m\u00e1s de 10 mil millones en publicidad  para pasarse un a\u00f1o dici\u00e9ndole al pueblo que hizo una obra, es un gobierno  indolente con los recursos que aportan los ciudadanos al Estados. Cuando vemos  que el gobierno utiliza los recursos p\u00fablicos y lo involucra en el proceso  electoral para favorecer la reelecci\u00f3n, eso viene a demostrar, que no le  importa el bienestar de la gente, por eso vemos que ha establecido tres  reformas fiscales que han sacado de los bolsillos de los dominicanos mas  necesitados cinco mil millones de pesos en estos \u00faltimos tres a\u00f1os.<\/p>\n<p>&#13;<\/p>\n<p align=\"justify\" class=\"text1noticias\">Es verdad que ning\u00fan gobierno puede  gobernar si no establece una pol\u00edtica fiscal para cobrar impuestos, pero  tambi\u00e9n es verdad que la pol\u00edtica fiscal para ser efectiva tiene que ser  equilibrada y beneficiar el inter\u00e9s nacional. Cuando una naci\u00f3n y sus  gobernantes\u00a0 ponen a los ciudadanos a  pagar impuestos, lo m\u00ednimo que los ciudadanos esperan es que los recursos  provenientes de esas cargas sean bien utilizados y no desviados a obras  caprichosas o al usufructo del grupo  pol\u00edtico y econ\u00f3mico que controla el gobierno.<\/p>\n<p>&#13;<\/p>\n<p align=\"justify\" class=\"text1noticias\">La visi\u00f3n de Estado del Ing. Miguel  Vargas es que los impuestos pagados por los ciudadanos deben invertirse en el  desarrollo nacional y nunca deber\u00e1n ser desviados\u00a0 para ir a formar parte de las riquezas y  fortunas personales de quienes han ostentado una posici\u00f3n p\u00fablica. Por eso,  esta planteando reducir el itebis, el impuesto sobre la renta y el arancel( que  es el impuesto a los bienes y servicios importados) a una tasa uniforme de un  15%, diferente a la actual que para el itebis es de un 16% y el impuesto al  arancel y la renta, que es de un 25%.<\/p>\n<p>&#13;<\/p>\n<p align=\"justify\" class=\"text1noticias\">En su preocupaci\u00f3n por hacer un gobierno  que beneficie a la gente\u00a0 se propone  bajar la tasa de inter\u00e9s del Banco Agr\u00edcola a favor de los productores  nacionales de un 18 a  un 10%. Como se observa estas son propuestas realizables, que\u00a0 buscan poner m\u00e1s dinero en los bolsillos de  la gente pobres y de clase media con la finalidad de que los ingresos  provenientes de la pol\u00edtica fiscal sean utilizados de forma real en beneficio  del desarrollo de la naci\u00f3n dominicana y el bienestar econ\u00f3mico y social de sus  gentes. Adem\u00e1s estas primeras medidas del gobierno del Ing. Miguel Vargas  buscan dinamizar la econom\u00eda en el menor plazo de tiempo.\u00a0\u00a0 <\/p>\n<p>&#13;<\/p>\n<p align=\"justify\" class=\"text1noticias\"><strong>Evelio Arroyo es Soci\u00f3logo, Abogado y Escritor. Es,  adem\u00e1s, Director Nacional de Comunicaciones y Estrategias del Movimiento en  L\u00ednea con Miguel, que preside el Dr. Francisco Fern\u00e1ndez.<\/strong><\/p>\n<p>&#13;<\/p>\n<h6> 2008-02-13 21:59:49 <\/h6>\n<p><!--\n<link rel=\"stylesheet\" href=\"css\/bootstrap.min.css\">\n\n\n<ul class=\"pagination\">\n\t    \n\t\n\n<li >\n\t<a href='?page_no=12265'>Previous<\/a>\n\t<\/li>\n\n\n       \n    \n\n<li><a href='?page_no=1'>1<\/a><\/li>\n\n\n\n<li><a href='?page_no=2'>2<\/a><\/li>\n\n\n\n<li><a>...<\/a><\/li>\n\n\n\n<li><a href='?page_no=12264'>12264<\/a><\/li>\n\n\n\n<li><a href='?page_no=12265'>12265<\/a><\/li>\n\n\n\n<li class='active'><a>12266<\/a><\/li>\n\n\n\n<li><a href='?page_no=12267'>12267<\/a><\/li>\n\n\n\n<li><a href='?page_no=12268'>12268<\/a><\/li>\n\n\n\n<li><a>...<\/a><\/li>\n\n\n\n<li><a href='?page_no=13611'>13611<\/a><\/li>\n\n\n\n<li><a href='?page_no=13612'>13612<\/a><\/li>\n\n    \n\t\n\n<li >\n\t<a href='?page_no=12267'>Next<\/a>\n\t<\/li>\n\n\n    \n\n<li><a href='?page_no=13612'>Last &rsaquo;&rsaquo;<\/a><\/li>\n\n<\/ul>\n\n\n--><br \/>\n<\/body><\/p>\n","protected":false},"excerpt":{"rendered":"<p>Miguel Vargas y la Pol\u00edtica Fiscal &#13; La pol\u00edtica fiscal de un gobierno reviste mucha importancia porque si la misma es equilibrada contribuye al crecimiento de la econom\u00eda, los negocios, las empresas, adem\u00e1s contribuye al bienestar de la gente; sucede lo contrario si la misma es desequilibrada, ya que cuando la pol\u00edtica fiscal es desequilibrada [&hellip;]<\/p>\n","protected":false},"author":3,"featured_media":0,"comment_status":"open","ping_status":"open","sticky":false,"template":"","format":"standard","meta":{"footnotes":""},"categories":[16],"tags":[],"class_list":["post-36399","post","type-post","status-publish","format-standard","hentry","category-opiniones"],"_links":{"self":[{"href":"https:\/\/diariodominicano.com\/index.php?rest_route=\/wp\/v2\/posts\/36399","targetHints":{"allow":["GET"]}}],"collection":[{"href":"https:\/\/diariodominicano.com\/index.php?rest_route=\/wp\/v2\/posts"}],"about":[{"href":"https:\/\/diariodominicano.com\/index.php?rest_route=\/wp\/v2\/types\/post"}],"author":[{"embeddable":true,"href":"https:\/\/diariodominicano.com\/index.php?rest_route=\/wp\/v2\/users\/3"}],"replies":[{"embeddable":true,"href":"https:\/\/diariodominicano.com\/index.php?rest_route=%2Fwp%2Fv2%2Fcomments&post=36399"}],"version-history":[{"count":0,"href":"https:\/\/diariodominicano.com\/index.php?rest_route=\/wp\/v2\/posts\/36399\/revisions"}],"wp:attachment":[{"href":"https:\/\/diariodominicano.com\/index.php?rest_route=%2Fwp%2Fv2%2Fmedia&parent=36399"}],"wp:term":[{"taxonomy":"category","embeddable":true,"href":"https:\/\/diariodominicano.com\/index.php?rest_route=%2Fwp%2Fv2%2Fcategories&post=36399"},{"taxonomy":"post_tag","embeddable":true,"href":"https:\/\/diariodominicano.com\/index.php?rest_route=%2Fwp%2Fv2%2Ftags&post=36399"}],"curies":[{"name":"wp","href":"https:\/\/api.w.org\/{rel}","templated":true}]}}