{"id":36394,"date":"2008-02-14T14:14:28","date_gmt":"2008-02-14T14:14:28","guid":{"rendered":"http:\/\/diariodominicano.ddns.net\/?p=36394"},"modified":"2008-02-14T14:14:28","modified_gmt":"2008-02-14T14:14:28","slug":"opiniones-en-teledebate","status":"publish","type":"post","link":"https:\/\/diariodominicano.com\/?p=36394","title":{"rendered":"OPINIONES EN TELEDEBATE"},"content":{"rendered":"<p><body><\/p>\n<p align=\"justify\"><span class=\"titulogrande1\">OPINIONES EN TELEDEBATE<\/span><br \/>&#13;<br \/>\n  <br \/>&#13;<br \/>\n    <span class=\"text1noticias\">Dr.  Servio Tulio Casta\u00f1os Guzm\u00e0n,<br \/>&#13;<br \/>\n    Vicepresidente  Ejecutivo de la Fundaci\u00f2n<br \/>&#13;<br \/>\n  Institucionalidad  y Justicia<br \/>&#13;<br \/>\n(FINJUS)<\/span><\/p>\n<p>&#13;<\/p>\n<p align=\"justify\" class=\"text1noticias\">La Sociedad Civil est\u00e0 integrada por instituciones que  agrupan a ciudadanos preocupados por el acontecer ciudadano y los destinos del  pa\u00ecs.<br \/>&#13;<br \/>\n  <br \/>&#13;<br \/>\n  FINJUS fue creada por un grupo  de empresarios y abogados, pero m\u00e0s que una instituci\u00f2n de la Sociedad Civil es  un \u201ctanque de pensamiento\u201d.\u00a0 All\u00ec se  desarrollan estudios muy valiosos que constituyen aportes para construir una  mejor naci\u00f2n.\u00a0 Hay que decir que el  principal \u201cthink tank\u201d del mundo que est\u00e0 en Filadelfia, considera a FINJUS  como uno de los cien principales de Am\u00e8rica Latina.<\/p>\n<p>&#13;<\/p>\n<p align=\"justify\" class=\"text1noticias\">La Junta Central Electoral est\u00e0  llevando a cabo un gran trabajo para garantizar el montaje de unas elecciones  ejemplares.\u00a0 En el d\u00eca a d\u00eca ha ido  superando las diferencias entre sus miembros, propias de un organismo de  integraci\u00f2n tan heterog\u00e8nea, para armonizar sus esfuerzos en esa direcci\u00f2n. Sus  miembros est\u00e0n conscientes de la responsabilidad hist\u00f2rica que han asumido. Por  eso han ido ganando creciente consideraci\u00f2n y confianza en la opini\u00f2n p\u00f9blica.<\/p>\n<p>&#13;<\/p>\n<p align=\"justify\" class=\"text1noticias\">Al convocar a los partidos  pol\u00ecticos para exhortarlos a elevar el tono de la campa\u00f1a, la Junta actu\u00f2  correctamente interpretando el sentir de la ciudadan\u00eca.\u00a0 Si el intento fracas\u00f2 no es por su culpa,  sino porque nuestra clase pol\u00ectica volvi\u00f2 a demostrar su inmadurez.\u00a0 Lamentablemente ella no ha pasado de la  adolescencia.<\/p>\n<p>&#13;<\/p>\n<p align=\"justify\" class=\"text1noticias\">La lucha contra la corrupci\u00f2n  no ha rendido los frutos esperados. El principal obst\u00e0culo es de car\u00e1cter  estructural.\u00a0 La Procuradur\u00eca y los  fiscales est\u00e0n llamados a ser representantes del pueblo, por tanto su  nombramiento no puede depender de una instancia. Es preciso garantizar su  independencia cuando se reforme la Constituci\u00f2n. En este sentido, hay una  propuesta muy interesante del Procurador General de la Rep\u00f9blica que apoyamos.<\/p>\n<p>&#13;<\/p>\n<p align=\"justify\" class=\"text1noticias\">Tampoco la Justicia ha podido  dar cabal respuesta a los problemas que confronta la sociedad con respecto a la  criminalidad, la seguridad ciudadana, el narcotr\u00e0fico y otros males que  padece.\u00a0 <\/p>\n<p>&#13;<\/p>\n<p align=\"justify\" class=\"text1noticias\">En FINJUS tenemos absoluta  confianza en el futuro de la naci\u00f2n.\u00a0  Estamos convencidos de que Rep\u00f9blica Dominicana terminar\u00e0 por ser un  ejemplo de verdadera democracia funcional para el resto de los pa\u00ecses. Nos  alienta una juventud que cada d\u00eca da mayor notaci\u00f2n de estar consciente y  segura de lo que quiere y en disposici\u00f2n de trabajar por ello.<\/p>\n<p>&#13;<\/p>\n<h6> 2008-02-14 14:14:28 <\/h6>\n<p><!--\n<link rel=\"stylesheet\" href=\"css\/bootstrap.min.css\">\n\n\n<ul class=\"pagination\">\n\t    \n\t\n\n<li >\n\t<a href='?page_no=12260'>Previous<\/a>\n\t<\/li>\n\n\n       \n    \n\n<li><a href='?page_no=1'>1<\/a><\/li>\n\n\n\n<li><a href='?page_no=2'>2<\/a><\/li>\n\n\n\n<li><a>...<\/a><\/li>\n\n\n\n<li><a href='?page_no=12259'>12259<\/a><\/li>\n\n\n\n<li><a href='?page_no=12260'>12260<\/a><\/li>\n\n\n\n<li class='active'><a>12261<\/a><\/li>\n\n\n\n<li><a href='?page_no=12262'>12262<\/a><\/li>\n\n\n\n<li><a href='?page_no=12263'>12263<\/a><\/li>\n\n\n\n<li><a>...<\/a><\/li>\n\n\n\n<li><a href='?page_no=13611'>13611<\/a><\/li>\n\n\n\n<li><a href='?page_no=13612'>13612<\/a><\/li>\n\n    \n\t\n\n<li >\n\t<a href='?page_no=12262'>Next<\/a>\n\t<\/li>\n\n\n    \n\n<li><a href='?page_no=13612'>Last &rsaquo;&rsaquo;<\/a><\/li>\n\n<\/ul>\n\n\n--><br \/>\n<\/body><\/p>\n","protected":false},"excerpt":{"rendered":"<p>OPINIONES EN TELEDEBATE&#13; &#13; Dr. Servio Tulio Casta\u00f1os Guzm\u00e0n,&#13; Vicepresidente Ejecutivo de la Fundaci\u00f2n&#13; Institucionalidad y Justicia&#13; (FINJUS) &#13; La Sociedad Civil est\u00e0 integrada por instituciones que agrupan a ciudadanos preocupados por el acontecer ciudadano y los destinos del pa\u00ecs.&#13; &#13; FINJUS fue creada por un grupo de empresarios y abogados, pero m\u00e0s que una [&hellip;]<\/p>\n","protected":false},"author":3,"featured_media":0,"comment_status":"open","ping_status":"open","sticky":false,"template":"","format":"standard","meta":{"footnotes":""},"categories":[16],"tags":[],"class_list":["post-36394","post","type-post","status-publish","format-standard","hentry","category-opiniones"],"_links":{"self":[{"href":"https:\/\/diariodominicano.com\/index.php?rest_route=\/wp\/v2\/posts\/36394","targetHints":{"allow":["GET"]}}],"collection":[{"href":"https:\/\/diariodominicano.com\/index.php?rest_route=\/wp\/v2\/posts"}],"about":[{"href":"https:\/\/diariodominicano.com\/index.php?rest_route=\/wp\/v2\/types\/post"}],"author":[{"embeddable":true,"href":"https:\/\/diariodominicano.com\/index.php?rest_route=\/wp\/v2\/users\/3"}],"replies":[{"embeddable":true,"href":"https:\/\/diariodominicano.com\/index.php?rest_route=%2Fwp%2Fv2%2Fcomments&post=36394"}],"version-history":[{"count":0,"href":"https:\/\/diariodominicano.com\/index.php?rest_route=\/wp\/v2\/posts\/36394\/revisions"}],"wp:attachment":[{"href":"https:\/\/diariodominicano.com\/index.php?rest_route=%2Fwp%2Fv2%2Fmedia&parent=36394"}],"wp:term":[{"taxonomy":"category","embeddable":true,"href":"https:\/\/diariodominicano.com\/index.php?rest_route=%2Fwp%2Fv2%2Fcategories&post=36394"},{"taxonomy":"post_tag","embeddable":true,"href":"https:\/\/diariodominicano.com\/index.php?rest_route=%2Fwp%2Fv2%2Ftags&post=36394"}],"curies":[{"name":"wp","href":"https:\/\/api.w.org\/{rel}","templated":true}]}}