{"id":363931,"date":"2022-06-25T07:43:42","date_gmt":"2022-06-25T11:43:42","guid":{"rendered":"http:\/\/diariodominicano.com\/?p=363931"},"modified":"2022-06-25T08:08:20","modified_gmt":"2022-06-25T12:08:20","slug":"anecdotas-politicas-de-aqui-y-de-alla-2","status":"publish","type":"post","link":"https:\/\/diariodominicano.com\/?p=363931","title":{"rendered":"AN\u00c9CDOTAS POL\u00cdTICAS DE AQU\u00cd Y DE ALL\u00c1 (2)"},"content":{"rendered":"\n<p> La imagen de la Virgen de la Altagracia <\/p>\n\n\n\n<figure class=\"wp-block-image size-large\"><img loading=\"lazy\" decoding=\"async\" width=\"897\" height=\"1024\" src=\"https:\/\/diariodominicano.com\/wp-content\/uploads\/2021\/05\/Las-Mercedes28-5-21-897x1024.jpg\" alt=\"\" class=\"wp-image-278477\" srcset=\"https:\/\/diariodominicano.com\/wp-content\/uploads\/2021\/05\/Las-Mercedes28-5-21-897x1024.jpg 897w, https:\/\/diariodominicano.com\/wp-content\/uploads\/2021\/05\/Las-Mercedes28-5-21-263x300.jpg 263w, https:\/\/diariodominicano.com\/wp-content\/uploads\/2021\/05\/Las-Mercedes28-5-21-768x877.jpg 768w, https:\/\/diariodominicano.com\/wp-content\/uploads\/2021\/05\/Las-Mercedes28-5-21-816x932.jpg 816w, https:\/\/diariodominicano.com\/wp-content\/uploads\/2021\/05\/Las-Mercedes28-5-21.jpg 999w\" sizes=\"auto, (max-width: 897px) 100vw, 897px\" \/><figcaption> Virgen de las Mercedes<\/figcaption><\/figure>\n\n\n\n<p><strong>POR TE\u00d3FILO LAPPOT ROBLES<\/strong><\/p>\n\n\n\n<p>En los tres \u00faltimos lustros del siglo 19 la ciudad de Santo Domingo era como un enorme cangil\u00f3n que recib\u00eda envueltos en la neblina de la pol\u00edtica criolla hechos extra\u00f1os e ins\u00f3litos, con caracter\u00edsticas anecd\u00f3ticas.<\/p>\n\n\n\n<figure class=\"wp-block-image size-full\"><img loading=\"lazy\" decoding=\"async\" width=\"248\" height=\"203\" src=\"https:\/\/diariodominicano.com\/wp-content\/uploads\/2022\/05\/Lilis0004.jpg.jpg\" alt=\"\" class=\"wp-image-357319\"\/><figcaption>Ulises -Lilis- Heureaux<\/figcaption><\/figure>\n\n\n\n<p>Los d\u00edas 26, 27 y 28 de junio del 1886 fueron fijadas las elecciones para escoger al pr\u00f3ximo presidente de la Rep\u00fablica. Los principales contendientes eran Ulises Heureaux y Casimiro &nbsp;N. de Moya.<\/p>\n\n\n\n<p>Uno de esos d\u00edas, en me medio de \u201calboroto, bandereos, m\u00fasica y cohetes\u201d un fortach\u00f3n operador pol\u00edtico, seguramente vestido con su \u201cropa m\u00e1gica de milicia\u201d, acompa\u00f1ado de un perro de cacer\u00eda y unos cuantos seguidores, se present\u00f3 al lugar de votaci\u00f3n situado en la calle La Atarazana y all\u00ed provoc\u00f3 un may\u00fasculo incidente paralizando el proceso electoral en la principal ciudad del pa\u00eds.<\/p>\n\n\n\n<figure class=\"wp-block-image size-large\"><img loading=\"lazy\" decoding=\"async\" width=\"1024\" height=\"573\" src=\"https:\/\/diariodominicano.com\/wp-content\/uploads\/2021\/05\/27-de-mayo-de-1915-Muere-Casimiro-Nemesio-de-Moya-1-1024x573.jpg\" alt=\"\" class=\"wp-image-278326\" srcset=\"https:\/\/diariodominicano.com\/wp-content\/uploads\/2021\/05\/27-de-mayo-de-1915-Muere-Casimiro-Nemesio-de-Moya-1-1024x573.jpg 1024w, https:\/\/diariodominicano.com\/wp-content\/uploads\/2021\/05\/27-de-mayo-de-1915-Muere-Casimiro-Nemesio-de-Moya-1-300x168.jpg 300w, https:\/\/diariodominicano.com\/wp-content\/uploads\/2021\/05\/27-de-mayo-de-1915-Muere-Casimiro-Nemesio-de-Moya-1-768x430.jpg 768w, https:\/\/diariodominicano.com\/wp-content\/uploads\/2021\/05\/27-de-mayo-de-1915-Muere-Casimiro-Nemesio-de-Moya-1-1536x860.jpg 1536w, https:\/\/diariodominicano.com\/wp-content\/uploads\/2021\/05\/27-de-mayo-de-1915-Muere-Casimiro-Nemesio-de-Moya-1-2048x1146.jpg 2048w, https:\/\/diariodominicano.com\/wp-content\/uploads\/2021\/05\/27-de-mayo-de-1915-Muere-Casimiro-Nemesio-de-Moya-1-816x457.jpg 816w\" sizes=\"auto, (max-width: 1024px) 100vw, 1024px\" \/><figcaption>Casimiro Nemesio de Moya <\/figcaption><\/figure>\n\n\n\n<p>Las boletas que representaban a Moya ten\u00edan impresa la imagen de la Virgen de la Altagracia y las de Heureaux a la Virgen de las Mercedes. Tal vez un caso anecd\u00f3tico \u00fanico en el mundo. Una escena surrealista nacida en el coraz\u00f3n de las Antillas.<\/p>\n\n\n\n<p>Fue un uso pol\u00edtico malicioso de esas im\u00e1genes religiosas. Dicho lo anterior porque esos candidatos no eran cardenales papables aferrados a la virgen de su devoci\u00f3n en un c\u00f3nclave para elegir a uno de ellos en la triple condici\u00f3n de obispo de Roma, Papa y jefe del Estado Ciudad del Vaticano.<\/p>\n\n\n\n<p>El proceso electoral del a\u00f1o 1886 fue calificado de fraudulento por Moya y sus seguidores, quienes enarbolaban como escudo a la Virgen de &nbsp;la Altagracia. Esa decisi\u00f3n tuvo implicaciones pol\u00edticas y militares.<\/p>\n\n\n\n<p>Casimiro N. de Moya y sus partidarios dieron inicio a una guerra civil que produjo cientos de muertos, especialmente en la parte norte del pa\u00eds.<\/p>\n\n\n\n<p>El fracaso de dicha insurrecci\u00f3n tuvo m\u00faltiples motivos, pero especialmente por lo que consign\u00f3 en sus reflexiones el acucioso historiador Julio Genaro Campillo P\u00e9rez: \u201cel soborno hizo m\u00e1s estragos que las balas\u2026\u201d (Elecciones Dominicanas, edici\u00f3n 1978.)<\/p>\n\n\n\n<p>No era la primera vez que surg\u00edan an\u00e9cdotas pol\u00edticas en recintos electorales dominicanos. Tampoco ser\u00eda la \u00faltima ocasi\u00f3n.<\/p>\n\n\n\n<p>Hay que anotar que para esa \u00e9poca la capital dominicana parec\u00eda adormecida con su abundancia de \u201calmendros de elegantes amplias copas\u201d, &nbsp;con&nbsp; guayabos silvestres y frondosos uveros que se desplazaban \u201chasta las r\u00edspidas malezas de la Punta Torrecilla\u201d, como as\u00ed la describ\u00eda desde su celda de preso pol\u00edtico, empinado en una \u201csilla de sabina y majagua\u201d, en la c\u00e1rcel Torre del Homenaje, Antonio Portocarrero, el personaje principal de la novela La Sangre, de Tulio M. Cestero.<\/p>\n\n\n\n<figure class=\"wp-block-image size-large\"><img loading=\"lazy\" decoding=\"async\" width=\"1024\" height=\"526\" src=\"https:\/\/diariodominicano.com\/wp-content\/uploads\/2021\/04\/Rafael-Leonidas-Trujillo-Molina-11W-1024x526.jpg\" alt=\"\" class=\"wp-image-271906\" srcset=\"https:\/\/diariodominicano.com\/wp-content\/uploads\/2021\/04\/Rafael-Leonidas-Trujillo-Molina-11W-1024x526.jpg 1024w, https:\/\/diariodominicano.com\/wp-content\/uploads\/2021\/04\/Rafael-Leonidas-Trujillo-Molina-11W-300x154.jpg 300w, https:\/\/diariodominicano.com\/wp-content\/uploads\/2021\/04\/Rafael-Leonidas-Trujillo-Molina-11W-768x395.jpg 768w, https:\/\/diariodominicano.com\/wp-content\/uploads\/2021\/04\/Rafael-Leonidas-Trujillo-Molina-11W-1536x789.jpg 1536w, https:\/\/diariodominicano.com\/wp-content\/uploads\/2021\/04\/Rafael-Leonidas-Trujillo-Molina-11W-2048x1052.jpg 2048w, https:\/\/diariodominicano.com\/wp-content\/uploads\/2021\/04\/Rafael-Leonidas-Trujillo-Molina-11W-816x419.jpg 816w\" sizes=\"auto, (max-width: 1024px) 100vw, 1024px\" \/><figcaption>Rafael Le\u00f3nidas Trujillo Molina<\/figcaption><\/figure>\n\n\n\n<p><strong>&nbsp;&nbsp;&nbsp;&nbsp;&nbsp;&nbsp;&nbsp;&nbsp;&nbsp;&nbsp;&nbsp;&nbsp;&nbsp;&nbsp;&nbsp;&nbsp;&nbsp;&nbsp;&nbsp;&nbsp;&nbsp;&nbsp;&nbsp;&nbsp;&nbsp;&nbsp;&nbsp;&nbsp;&nbsp;&nbsp;&nbsp;&nbsp;&nbsp;&nbsp;&nbsp;&nbsp;&nbsp;&nbsp;&nbsp;&nbsp;&nbsp;&nbsp;&nbsp;&nbsp;&nbsp;&nbsp;&nbsp;&nbsp;&nbsp;&nbsp; Trujillo<\/strong><\/p>\n\n\n\n<p>Como todos los gobernantes truculentos, Rafael Trujillo, a pesar de sus modales pesados, fue una f\u00e1brica de producir an\u00e9cdotas. Algunas c\u00f3micas y otras con ribetes tr\u00e1gicos.<\/p>\n\n\n\n<p>Una de las an\u00e9cdotas m\u00e1s famosas y recurrentes durante la llamada Era de Trujillo fue conocida como \u201clos tres golpes.\u201d&nbsp; Era un pedido con voz de mando que hac\u00edan en pueblos y campos patrullas militares a cualquier transe\u00fante.<\/p>\n\n\n\n<p>Esos llamados tres golpes eran la credencial del partido de gobierno, la c\u00e9dula de identidad personal y el carnet del servicio militar obligatorio.<\/p>\n\n\n\n<p>Muchos dominicanos fueron apresados o calificados como desafectos por no cargar con dichos documentos, los cuales para el r\u00e9gimen de fuerza ten\u00edan m\u00e1s importancia que un devocionario para un fiel.<\/p>\n\n\n\n<p>Otro situaci\u00f3n anecd\u00f3tica de aquella \u00e9poca que merece recrearse era la actitud de Trujillo de colocar a marionetas suyas como presidentes de la Rep\u00fablica. Eso s\u00ed, \u00e9l manten\u00eda las riendas del poder.<\/p>\n\n\n\n<figure class=\"wp-block-image size-full\"><img loading=\"lazy\" decoding=\"async\" width=\"208\" height=\"242\" src=\"https:\/\/diariodominicano.com\/wp-content\/uploads\/2022\/06\/Jacinto-Bienvenido-Peynado-y-Peynado-arc.jpg\" alt=\"\" class=\"wp-image-363937\"\/><figcaption>Jacinto Bienvenido -Mozo-  Peynado Peynado <\/figcaption><\/figure>\n\n\n\n<p>Una an\u00e9cdota que se hizo popular sobre ese tema se le atribuye al presidente gom\u00edgrafo (el primero de varios) Jacinto Peynado, alias Mozo, quien cuando alguien solicitaba su intervenci\u00f3n para solucionar alg\u00fan problema le dec\u00eda: \u201cVaya a la mansi\u00f3n presidencial y procure hablar con la autoridad.\u201d<\/p>\n\n\n\n<p>Otra an\u00e9cdota de pol\u00edtica criolla, la cual recorri\u00f3 r\u00e1pidamente gran parte del mundo, fue protagonizada por residentes dominicanos en los Estados Unidos de Norteam\u00e9rica, con motivo de una larga visita realizada a ese pa\u00eds por Trujillo en los meses de enero, febrero y marzo del 1953.<\/p>\n\n\n\n<figure class=\"wp-block-image size-large\"><img loading=\"lazy\" decoding=\"async\" width=\"1024\" height=\"526\" src=\"https:\/\/diariodominicano.com\/wp-content\/uploads\/2022\/06\/La-Casa-Blanca-1024x526.jpg\" alt=\"\" class=\"wp-image-363899\" srcset=\"https:\/\/diariodominicano.com\/wp-content\/uploads\/2022\/06\/La-Casa-Blanca-1024x526.jpg 1024w, https:\/\/diariodominicano.com\/wp-content\/uploads\/2022\/06\/La-Casa-Blanca-300x154.jpg 300w, https:\/\/diariodominicano.com\/wp-content\/uploads\/2022\/06\/La-Casa-Blanca-768x394.jpg 768w, https:\/\/diariodominicano.com\/wp-content\/uploads\/2022\/06\/La-Casa-Blanca-1536x789.jpg 1536w, https:\/\/diariodominicano.com\/wp-content\/uploads\/2022\/06\/La-Casa-Blanca-2048x1052.jpg 2048w, https:\/\/diariodominicano.com\/wp-content\/uploads\/2022\/06\/La-Casa-Blanca-816x419.jpg 816w\" sizes=\"auto, (max-width: 1024px) 100vw, 1024px\" \/><figcaption>La Casa Blanca <\/figcaption><\/figure>\n\n\n\n<p>Durante ese tiempo un inmenso ata\u00fad pintado de negro, cargado por exiliados, entre ellos Nicol\u00e1s y Lucy Silfa, mortific\u00f3 al desp\u00f3tico gobernante cuando fue a la Casa Blanca, en Washington; al edificio de la ONU, en New York; as\u00ed como a otros lugares.&nbsp;<\/p>\n\n\n\n<p>Ese f\u00e9retro se convirti\u00f3 en su terror y amarg\u00f3 su viaje a las dos principales ciudades por donde pasan los r\u00edos Potomac y Hudson.<\/p>\n\n\n\n<p>Jos\u00e9 Labourt, ensayista y periodista nativo de Vicente Noble, se refiri\u00f3 de esta manera a ese hecho anecd\u00f3tico que adquiri\u00f3 fama internacional:<\/p>\n\n\n\n<p>\u201cEl ata\u00fad, cargado por 62 dominicanos exiliados, simboliza la muerte del novelista Andr\u00e9s Requena y la desaparici\u00f3n de miles de vidas en la Rep\u00fablica Dominicana.\u201d(Trujillo: Seguir\u00e9 a caballo.P.229).<\/p>\n\n\n\n<p><strong>Juan Vicente G\u00f3mez<\/strong><\/p>\n\n\n\n<p>Juan Vicente G\u00f3mez Chac\u00f3n fue un curioso personaje andino que derroc\u00f3 en el 1908 a su compadre el presidente Cipriano Castro, nativo como \u00e9l del estado venezolano de T\u00e1chira. Impuso una dictadura implacable hasta que muri\u00f3 en el 1935.<\/p>\n\n\n\n<figure class=\"wp-block-image size-full\"><img loading=\"lazy\" decoding=\"async\" width=\"578\" height=\"786\" src=\"https:\/\/diariodominicano.com\/wp-content\/uploads\/2022\/06\/Juan_Vicente_Gomez.jpg\" alt=\"\" class=\"wp-image-363880\" srcset=\"https:\/\/diariodominicano.com\/wp-content\/uploads\/2022\/06\/Juan_Vicente_Gomez.jpg 578w, https:\/\/diariodominicano.com\/wp-content\/uploads\/2022\/06\/Juan_Vicente_Gomez-221x300.jpg 221w\" sizes=\"auto, (max-width: 578px) 100vw, 578px\" \/><figcaption>Juan Vicente G\u00f3mez<\/figcaption><\/figure>\n\n\n\n<p>Juan Bisonte fue uno de los motes que le pusieron sus enemigos pol\u00edticos. El pueblo de a pie gozaba esa ocurrencia, que sin duda ten\u00eda un trasunto con el cuadr\u00fapedo rumiante que se mueve por las praderas del norte de Am\u00e9rica.<\/p>\n\n\n\n<p>Tambi\u00e9n le dec\u00edan \u201cel bagre\u201d; tal vez no s\u00f3lo por ser nativo de T\u00e1chira, en el occidente venezolano, sino porque en pol\u00edtica era un experto nadando en agua dulce y salada.<\/p>\n\n\n\n<p>Existe un oc\u00e9ano de an\u00e9cdotas en torno al hombre de armas que por m\u00e1s de 25 a\u00f1os someti\u00f3 al pueblo venezolano a los peores tratos.<\/p>\n\n\n\n<p>Se ha escrito que en algunas c\u00e1rceles que \u00e9l ten\u00eda repleta de opositores cuando un prisionero mor\u00eda (generalmente por hambre y torturas) ataban el cad\u00e1ver a la espalda de un preso pol\u00edtico para que se le pudriera encima.<\/p>\n\n\n\n<p><strong>En su obra titulada \u201cMemorias de un venezolano de la decadencia\u201d el periodista y diplom\u00e1tico Jos\u00e9 Rafael Pocaterra describe an\u00e9cdotas nada divertidas que \u00e9l observ\u00f3 en su etapa de preso pol\u00edtico en la c\u00e1rcel La Rotunda, donde G\u00f3mez ten\u00eda como azote al torturador Nereo Pacheco, quien se jactaba de que era un verdugo despiadado, pero no ladr\u00f3n.<\/strong><\/p>\n\n\n\n<p>El 17 de mayo de 1913 fue apresado y sometido a vejaciones por conspiraci\u00f3n el pol\u00edtico y militar Rom\u00e1n Delgado Chalbaud, ex socio y compadre del terrible Juan Vicente G\u00f3mez.<\/p>\n\n\n\n<figure class=\"wp-block-image size-full\"><img loading=\"lazy\" decoding=\"async\" width=\"786\" height=\"1024\" src=\"https:\/\/diariodominicano.com\/wp-content\/uploads\/2022\/06\/Luisa-Elena-Gomez-Velutini-arc00.jpg\" alt=\"\" class=\"wp-image-363940\" srcset=\"https:\/\/diariodominicano.com\/wp-content\/uploads\/2022\/06\/Luisa-Elena-Gomez-Velutini-arc00.jpg 786w, https:\/\/diariodominicano.com\/wp-content\/uploads\/2022\/06\/Luisa-Elena-Gomez-Velutini-arc00-230x300.jpg 230w, https:\/\/diariodominicano.com\/wp-content\/uploads\/2022\/06\/Luisa-Elena-Gomez-Velutini-arc00-768x1001.jpg 768w\" sizes=\"auto, (max-width: 786px) 100vw, 786px\" \/><figcaption> Luisa Elena G\u00f3mez Velutini<\/figcaption><\/figure>\n\n\n\n<p>Pasado alg\u00fan tiempo la esposa de Delgado Chalbaud, Luisa Elena G\u00f3mez Velutini, visit\u00f3 al tirano espet\u00e1ndole que no se ir\u00eda del Palacio de Miraflores hasta lograr la libertad de su c\u00f3nyuge.<\/p>\n\n\n\n<p>La respuesta, con agrio sabor de an\u00e9cdota, que le dio a la atribulada mujer el imperturbable alias Juan Bisonte fue ordenar lo siguiente a una hermana suya que le asist\u00eda en la casa de gobierno: \u201cArr\u00e9glemele una habitaci\u00f3n a la comadre que se queda a vivir con nosotros.\u201d<\/p>\n\n\n\n<p>Delgado Chalbaud dur\u00f3 14 a\u00f1os bajo los rigores de la prisi\u00f3n. Pocos meses despu\u00e9s de obtener su libertad fue abatido, el 11 de agosto de 1929, en un alzamiento militar que encabez\u00f3 en la oriental ciudad venezolana de Cuman\u00e1.<\/p>\n\n\n\n<p>Te\u00f3filo Lappot<a target=\"_blank\" href=\"mailto:teofilolappot@hotmail.com\" rel=\"noreferrer noopener\">teofilolappot@hotmail.com<\/a><\/p>\n","protected":false},"excerpt":{"rendered":"<p>La imagen de la Virgen de la Altagracia POR TE\u00d3FILO LAPPOT ROBLES En los tres \u00faltimos lustros del siglo 19 la ciudad de Santo Domingo era como un enorme cangil\u00f3n que recib\u00eda envueltos en la neblina de la pol\u00edtica criolla hechos extra\u00f1os e ins\u00f3litos, con caracter\u00edsticas anecd\u00f3ticas. Los d\u00edas 26, 27 y 28 de junio [&hellip;]<\/p>\n","protected":false},"author":28,"featured_media":325699,"comment_status":"closed","ping_status":"","sticky":true,"template":"","format":"standard","meta":{"footnotes":""},"categories":[21,26,27],"tags":[],"class_list":["post-363931","post","type-post","status-publish","format-standard","has-post-thumbnail","hentry","category-cultura","category-efemerides","category-portada"],"_links":{"self":[{"href":"https:\/\/diariodominicano.com\/index.php?rest_route=\/wp\/v2\/posts\/363931","targetHints":{"allow":["GET"]}}],"collection":[{"href":"https:\/\/diariodominicano.com\/index.php?rest_route=\/wp\/v2\/posts"}],"about":[{"href":"https:\/\/diariodominicano.com\/index.php?rest_route=\/wp\/v2\/types\/post"}],"author":[{"embeddable":true,"href":"https:\/\/diariodominicano.com\/index.php?rest_route=\/wp\/v2\/users\/28"}],"replies":[{"embeddable":true,"href":"https:\/\/diariodominicano.com\/index.php?rest_route=%2Fwp%2Fv2%2Fcomments&post=363931"}],"version-history":[{"count":9,"href":"https:\/\/diariodominicano.com\/index.php?rest_route=\/wp\/v2\/posts\/363931\/revisions"}],"predecessor-version":[{"id":363943,"href":"https:\/\/diariodominicano.com\/index.php?rest_route=\/wp\/v2\/posts\/363931\/revisions\/363943"}],"wp:featuredmedia":[{"embeddable":true,"href":"https:\/\/diariodominicano.com\/index.php?rest_route=\/wp\/v2\/media\/325699"}],"wp:attachment":[{"href":"https:\/\/diariodominicano.com\/index.php?rest_route=%2Fwp%2Fv2%2Fmedia&parent=363931"}],"wp:term":[{"taxonomy":"category","embeddable":true,"href":"https:\/\/diariodominicano.com\/index.php?rest_route=%2Fwp%2Fv2%2Fcategories&post=363931"},{"taxonomy":"post_tag","embeddable":true,"href":"https:\/\/diariodominicano.com\/index.php?rest_route=%2Fwp%2Fv2%2Ftags&post=363931"}],"curies":[{"name":"wp","href":"https:\/\/api.w.org\/{rel}","templated":true}]}}