{"id":36393,"date":"2008-02-15T13:50:00","date_gmt":"2008-02-15T13:50:00","guid":{"rendered":"http:\/\/diariodominicano.ddns.net\/?p=36393"},"modified":"2008-02-15T13:50:00","modified_gmt":"2008-02-15T13:50:00","slug":"reflexiones-del-comandante-en-jefe","status":"publish","type":"post","link":"https:\/\/diariodominicano.com\/?p=36393","title":{"rendered":"REFLEXIONES DEL COMANDANTE EN JEFE"},"content":{"rendered":"<p><body><\/p>\n<p align=\"justify\"><strong><u>Reflexiones  del Comandante en Jefe <\/u><\/strong><br \/>&#13;<br \/>\n  <br \/>&#13;<br \/>\n    <strong>El candidato republicano<\/strong><br \/>&#13;<br \/>\n    <br \/>&#13;<br \/>\n    <strong>(Cuarta  Parte ) <\/strong><br \/>&#13;<br \/>\n    <br \/>&#13;<br \/>\n    <span class=\"text1noticias\">Cuando en la anterior reflexi\u00f3n  pregunt\u00e9 a McCain qu\u00e9 pensaba de los Cinco H\u00e9roes antiterroristas cubanos, lo  hice porque ten\u00eda presente lo que public\u00f3 en la p\u00e1gina 206 del libro <em>Faith  of My Fathers<\/em> elaborado por \u00e9l y su asistente Mark Salter:<br \/>&#13;<br \/>\n    <br \/>\u00abEs una cosa horrible la soledad.  Comprime tu esp\u00edritu y debilita tu resistencia m\u00e1s eficazmente que cualquier  otra forma de maltrato. Como no tienes nadie m\u00e1s en quien confiar, con quien  compartir confidencias, a quien pedir consejo, comienzas a dudar sobre tus  convicciones y tu coraje. Pero finalmente te acostumbras a la soledad como ante  cualquier dificultad, dise\u00f1ando varios m\u00e9todos para mantener tus problemas  alejados de la mente y aprovechar desmedidamente cualquier oportunidad para  tener contacto humano.\u00bb<br \/>&#13;<br \/>\n    <br \/>\u00abCuando en 1970 mi per\u00edodo de  confinamiento en solitario finalmente termin\u00f3, fui inundado por la compulsi\u00f3n  de hablar sin parar&#8230; \u00ab<br \/>&#13;<br \/>\n    <br \/>&#13;<br \/>\nSi es un tema que a usted interesa, en  Estados Unidos hay cinco prisioneros cubanos hoy, alejados uno del otro por  miles de kil\u00f3metros. No cuentan con zona alguna a la que pudieran calificar  ir\u00f3nicamente como <em>\u00abHanoi Hilton\u00bb<\/em>. Sus sufrimientos y la  injusticia de que son v\u00edctimas ser\u00e1n conocidos por el mundo, no le quepa la  menor duda. Decid\u00ed reiterar el tema recordando que, en alguna entre sus muchas  declaraciones, usted trataba de ubicar el lugar convertido en prisi\u00f3n de los pilotos  de los bombarderos derribados cuando atacaban Viet Nam.<br \/>&#13;<br \/>\n<br \/>&#13;<br \/>\nA m\u00ed me alojaron en la antigua  residencia del Gobernador franc\u00e9s en toda Indochina cuando visit\u00e9 Viet Nam en  1973, pa\u00eds al que arrib\u00e9 el 12 de septiembre, despu\u00e9s del acuerdo entre Estados  Unidos y Viet Nam, al que usted alude. All\u00ed me visit\u00f3 Pham Van Dong, entonces  Primer Ministro, que lloraba al recordar los sacrificios humanos y materiales  impuestos a su pa\u00eds; de all\u00ed part\u00ed a visitar el Sur \u2014todav\u00eda no totalmente  liberado\u2014hasta la <em>L\u00ednea McNamara<\/em>, donde los fortines de acero hab\u00edan  sido tomados por los combatientes vietnamitas, a pesar de los bombardeos y los  incesantes ataques a\u00e9reos de Estados Unidos. <br \/>&#13;<br \/>\n<br \/>&#13;<br \/>\nLos puentes, sin excepci\u00f3n, a lo largo  del trayecto, visibles desde el aire entre Hanoi y el Sur, estaban  efectivamente destruidos; las aldeas, arrasadas, y todos los d\u00edas las granadas  de las bombas de racimo lanzadas con ese fin, estallaban en los campos de arroz  donde ni\u00f1os, mujeres e incluso ancianos de avanzada edad laboraban produciendo  alimentos. <br \/>&#13;<br \/>\n<br \/>&#13;<br \/>\nUn gran n\u00famero de cr\u00e1teres se  observaban en cada una de las entradas de los puentes. No exist\u00edan entonces las  bombas guiadas por l\u00e1ser, mucho m\u00e1s precisas. Tuve que insistir para hacer  aquel recorrido. Los vietnamitas tem\u00edan que fuese v\u00edctima de alguna aventura  yanqui si conoc\u00edan de mi presencia en aquella zona. Pham Van Dong me acompa\u00f1\u00f3  todo el tiempo.<br \/>&#13;<br \/>\n<br \/>&#13;<br \/>\nSobrevolamos la provincia de Nghe-An,  donde naci\u00f3 Ho Chi Minh. En esa provincia y la de Ha Tinh murieron de hambre en  1945, el \u00faltimo a\u00f1o de la Segunda Guerra Mundial, dos millones de vietnamitas.  Aterrizamos en Dong Hoi. Sobre la provincia donde radica esa ciudad destruida  se lanzaron un mill\u00f3n de bombas. Cruzamos en balsa el Nhat Le. Visitamos un  puesto de asistencia a los heridos de Quang Tri. Vimos numerosos tanques M 48  capturados. Recorrimos caminos de madera en la que un d\u00eda fue la Ruta Nacional  destrozada por las bombas. Nos reunimos con j\u00f3venes soldados vietnamitas que se  llenaron de gloria en la batalla de Quang Tri. Serenos, resueltos, curtidos por  el sol y la guerra, un ligero tic reflejo en el p\u00e1rpado del capit\u00e1n del  batall\u00f3n. No se sabe c\u00f3mo pudieron resistir tantas bombas. Eran dignos de  admiraci\u00f3n. Esa misma tarde del 15 de septiembre, regresando por ruta  diferente, recogimos tres ni\u00f1os heridos, dos de ellos muy graves; una ni\u00f1a de  14 a\u00f1os estaba en estado de shock con un fragmento de metal en el abdomen. Los  ni\u00f1os trabajaban la tierra cuando un azad\u00f3n hizo contacto casual con la  granada. Los m\u00e9dicos cubanos acompa\u00f1antes de la delegaci\u00f3n les dieron atenci\u00f3n  directa durante horas y les salvaron la vida. He sido testigo, se\u00f1or McCain, de  las proezas de los bombardeos a Viet Nam del Norte, de los cuales usted se  enorgullece. <br \/>&#13;<br \/>\n<br \/>&#13;<br \/>\nPor aquellos d\u00edas de septiembre,  Allende hab\u00eda sido derrocado; el Palacio de Gobierno fue atacado y muchos  chilenos torturados y asesinados. El golpe fue promovido y organizado desde  Washington. <br \/>&#13;<br \/>\n<br \/>&#13;<br \/>\nTodo aquello sucedi\u00f3 desgraciadamente.<br \/>&#13;<br \/>\n<br \/>&#13;<br \/>\nEl problema fundamental en este  momento es saber si el candidato republicano McCain est\u00e1 consciente de la  crisis econ\u00f3mica que, a corto plazo o de inmediato, atravesar\u00e1 Estados Unidos.  <br \/>&#13;<br \/>\n<br \/>&#13;<br \/>\nS\u00f3lo desde ese punto de vista ser\u00e1 posible evaluar a cualquier candidato con  posibilidades de ascender a la jefatura de ese poderoso pa\u00eds.<br \/>&#13;<br \/>\n<br \/>&#13;<br \/>\nLa agencia internacional de noticias  IAR public\u00f3 hace dos d\u00edas, el 12 de febrero, un art\u00edculo firmado por Manuel  Freytas, periodista, investigador y analista, titulado <em>\u00abPor qu\u00e9 una  recesi\u00f3n en Estados Unidos se puede convertir en una crisis global.\u00bb <\/em><br \/>&#13;<br \/>\n<br \/>&#13;<br \/>\n    No necesita muchos testimonios para  argumentarlo.<br \/>&#13;<br \/>\n    <br \/>\u00abEn el actual pron\u00f3stico sombr\u00edo  de la econom\u00eda estadounidense \u2014escribe\u2014 coinciden instituciones claves del  actual sistema econ\u00f3mico-financiero como la Reserva Federal y el Tesoro de  Estados Unidos, el Banco Mundial, el FMI, el G-7 (los siete pa\u00edses m\u00e1s ricos) y  los bancos centrales de Europa y Asia, que ven en la confluencia <em>crisis  hipotecaria -derrumbe del d\u00f3lar- escalada de los precios del petr\u00f3leo<\/em>,  detonante central potencial de un proceso recesivo del capitalismo a escala  mundial.<br \/>&#13;<br \/>\n    <br \/>\u00abEl temor a una recesi\u00f3n en  Estados Unidos y su impacto en la econom\u00eda mundial&#8230; han impactado  negativamente en la confianza de la \u00e9lite econ\u00f3mica y pol\u00edtica del sistema.<br \/>&#13;<br \/>\n    <br \/>\u00abEl jefe de la Reserva Federal de  Estados Unidos, Ben Bernanke, dijo que su pa\u00eds puede caer en un proceso  recesivo y que enfrenta el doble reto de un mercado inmobiliario en ca\u00edda, y al  mismo tiempo la necesidad de cuidar que la inflaci\u00f3n no aumente por los altos  precios del petr\u00f3leo y de los alimentos.<br \/>&#13;<br \/>\n    <br \/>\u00abLa Organizaci\u00f3n de las Naciones  Unidas advirti\u00f3 en enero que existe un riesgo elevado de caer en una recesi\u00f3n  econ\u00f3mica global&#8230; \u00ab<br \/>&#13;<br \/>\n    <br \/>\u00abLos l\u00edderes de las m\u00e1s ricas y  poderosas potencias del mundo acaban de advertir sobre una recesi\u00f3n en Estados  Unidos con implicancias mundiales en el Foro de Davos, realizado en enero en  los Alpes suizos, augurando sombr\u00edos pron\u00f3sticos para este a\u00f1o.<br \/>&#13;<br \/>\n    <br \/>\u00abLos ministros de Finanzas y los  bancos centrales de los siete pa\u00edses m\u00e1s ricos del mundo (G-7) estimaron el  s\u00e1bado pasado que sus econom\u00edas iban a sufrir una desaceleraci\u00f3n a corto plazo,  seg\u00fan el comunicado final de una reuni\u00f3n en Tokio&#8230;\u00bb<br \/>&#13;<br \/>\n    <br \/>\u00abHay dos elementos claves que  explican por qu\u00e9 una crisis recesiva en Estados Unidos se proyectar\u00eda  inmediatamente a toda la econom\u00eda mundial, tanto en los pa\u00edses centrales como en  los &#8216;emergentes&#8217; y en los &#8216;perif\u00e9ricos&#8217;.<br \/>&#13;<br \/>\n    <br \/>\u00aba) En el actual modelo  globalizado de econom\u00eda mundial, Estados Unidos es el principal comprador y  consumidor de productos y recursos energ\u00e9ticos, y representa el 22,5 por ciento  de la econom\u00eda mundial, seg\u00fan los \u00faltimos c\u00e1lculos del Banco Mundial.<br \/>&#13;<br \/>\n    <br \/>\u00abb) La econom\u00eda mundial  capitalista est\u00e1 &#8216;dolarizada&#8217;. El d\u00f3lar es la moneda patr\u00f3n de todas las  transacciones comerciales y financieras a escala global.<br \/>&#13;<br \/>\n    <br \/>\u00abEstos dos factores centrales  explican por qu\u00e9 cualquier oscilaci\u00f3n o desequilibrio econ\u00f3mico-financiero que  tenga a Estados Unidos como protagonista, impacta y se esparce inmediatamente  por todo el &#8216;sistema&#8217;.<br \/>&#13;<br \/>\n    <br \/>\u00abUna crisis recesiva en Estados  Unidos&#8230;impactar\u00eda inmediatamente a las bolsas y en los mercados globalizados  del dinero&#8230; completando el ciclo del derrumbe del actual modelo de econom\u00eda  capitalista a escala global.<br \/>&#13;<br \/>\n    <br \/>\u00abEl derrumbe del modelo romper\u00eda  el equilibrio de la &#8216;gobernabilidad&#8217; pol\u00edtica y desatar\u00eda una ola de conflictos  sociales y sindicales que afectar\u00eda por igual tanto a Estados Unidos y a las  potencias centrales como a los pa\u00edses &#8216;emergentes&#8217;.\u00bb<br \/>&#13;<br \/>\n    <br \/>&#13;<br \/>\nAyer 13 de febrero varios art\u00edculos de  conocidos periodistas norteamericanos apuntaban en la misma direcci\u00f3n, aunque a  partir de diferentes puntos de apoyo. Citar\u00e9 solo dos de los cuales seleccion\u00e9  p\u00e1rrafos que reflejan la actualidad e importancia de su contenido, a trav\u00e9s de  conceptos absolutamente accesibles para los niveles educacionales de nuestro pueblo. <br \/>&#13;<br \/>\n<br \/>&#13;<br \/>\nBajo el t\u00edtulo <em>\u00abEl modelo  estadounidense es una idea a la que le ha llegado su hora\u00bb<\/em>, Amy  Goodman, presentadora de <em>Democracy Now<\/em>, noticiero internacional diario  difundido por m\u00e1s de 650 emisoras de radio y televisi\u00f3n en Estados Unidos y el  mundo, escribi\u00f3:<br \/>&#13;<br \/>\n<br \/>\u00abEdward Kennedy, senador  dem\u00f3crata de Massachussetts, lo convirti\u00f3 en un asunto personal: &#8216;\u00bfEl <em>submarino<\/em> ser\u00eda una forma de tortura si se lo hicieran a usted?&#8217; &#8216;Sentir\u00eda que s\u00ed&#8217;,  respondi\u00f3 Mukasey (Fiscal General). Aunque esquiv\u00f3 preguntas antes y despu\u00e9s de  la de Kennedy, su respuesta a la pregunta personal sonaba aut\u00e9ntica.<br \/>&#13;<br \/>\n<br \/>\u00abNuestro Fiscal General no  deber\u00eda necesitar ser sometido al <em>submarino<\/em> para saber que es una forma  de tortura.<br \/>&#13;<br \/>\n<br \/>\u00abSuharto gobern\u00f3 Indonesia  durante m\u00e1s de 30 a\u00f1os, tras ser llevado al poder por el pa\u00eds m\u00e1s poderoso del  planeta, Estados Unidos.<br \/>&#13;<br \/>\n<br \/>\u00abDurante todo el r\u00e9gimen de  Suharto, las administraciones estadounidenses \u2014dem\u00f3cratas y republicanas\u2014  armaron, entrenaron y financiaron al Ej\u00e9rcito indonesio. Adem\u00e1s del mill\u00f3n de  indonesios asesinados, otras cientos de miles de personas fueron tambi\u00e9n  asesinadas durante la ocupaci\u00f3n indonesia de Timor Oriental, un peque\u00f1o pa\u00eds  480 kil\u00f3metros al norte de Australia. <br \/>&#13;<br \/>\n<br \/>\u00abEl 12 de noviembre de 1991,  mientras cubr\u00eda una marcha pac\u00edfica de timorenses en Dili, la capital de Timor,  el Ej\u00e9rcito de ocupaci\u00f3n de Suharto abri\u00f3 fuego contra la multitud matando a  270 timorenses.<br \/>&#13;<br \/>\n<br \/>\u00abLos soldados me patearon con sus  botas y me golpearon con las culatas de sus rifles M-16, de fabricaci\u00f3n  estadounidense. Fracturaron el cr\u00e1neo a mi compa\u00f1ero Allan Nairn, que por aquel  entonces escrib\u00eda para la revista <em>The New Yorker<\/em>.<br \/>&#13;<br \/>\n<br \/>\u00abLa organizaci\u00f3n Transparencia  Internacional calcul\u00f3 que la fortuna de Suharto se situaba entre los 15 000 y  los 35 000 millones de d\u00f3lares. El actual embajador en Indonesia, Cameron Hume,  alab\u00f3 esta semana la memoria de Suharto, declarando: &#8216;El presidente Suharto  estuvo al frente de Indonesia durante m\u00e1s de 30 a\u00f1os, un per\u00edodo durante el que  Indonesia alcanz\u00f3 un notable desarrollo econ\u00f3mico y social.&#8217;<br \/>&#13;<br \/>\n<br \/>\u00abSea que se trate del <em>submarino<\/em>,  de lanzar una guerra ilegal, o de retener a cientos de prisioneros sin cargos  durante a\u00f1os en la bah\u00eda de Guant\u00e1namo o en c\u00e1rceles secretas de la CIA en todo  el mundo, eso me hace recordar las palabras de Mahatma Gandhi, uno de los m\u00e1s  grandes l\u00edderes de la no-violencia en el mundo. &#8216;\u00bfQu\u00e9 les importa a los  muertos, los hu\u00e9rfanos y los que pierden sus hogares,&#8217; preguntaba, &#8216;si la  destrucci\u00f3n sin sentido se lleva a cabo en el nombre del totalitarismo o en el  santo nombre de la libertad o la democracia?&#8217;<br \/>&#13;<br \/>\n<br \/>\u00abCuando se le pregunt\u00f3 qu\u00e9  pensaba de la civilizaci\u00f3n occidental, Gandhi respondi\u00f3: &#8216;Pienso que ser\u00eda una  buena idea.'\u00bb<br \/>&#13;<br \/>\n<br \/>&#13;<br \/>\nEl mismo d\u00eda, en <em>CounterPunch, <\/em>Robert  Weissman escribi\u00f3 otro art\u00edculo titulado \u00abEl vergonzoso estado de la Uni\u00f3n\u00bb,  traducido para <em>Rebeli\u00f3n<\/em> por S. Segu\u00ed, donde entre otras cosas afirm\u00f3:<br \/>&#13;<br \/>\n<br \/>\u00abEstados Unidos dedica m\u00e1s de 700  000 millones de d\u00f3lares anuales a gastos militares. Destina 506 900 millones de  d\u00f3lares al Departamento de Defensa, adem\u00e1s de 189 400 millones de d\u00f3lares a  operaciones militares en Iraq y Afganist\u00e1n.<br \/>&#13;<br \/>\n<br \/>\u00abEl Congreso ha aprobado cerca de  700 000 millones para las guerras de Afganist\u00e1n e Iraq. No incluye los costes  sociales: p\u00e9rdidas de vidas, heridos, etc\u00e9tera. <br \/>&#13;<br \/>\n<br \/>\u00abSeg\u00fan algunos m\u00e9todos de  c\u00e1lculo, m\u00e1s de la mitad del gasto federal discrecional va destinado ya a fines  militares.<br \/>&#13;<br \/>\n<br \/>\u00abLa riqueza se est\u00e1 concentrando  de manera vertiginosa.<br \/>&#13;<br \/>\n<br \/>\u00abEn 1976, el 1 por ciento m\u00e1s  rico de la poblaci\u00f3n recib\u00eda el 8,83 por ciento del ingreso nacional; en 2005,  este porcentaje era del 21,93 por ciento.<br \/>&#13;<br \/>\n<br \/>\u00abEn la actual econom\u00eda  hiperfinanciera, son los gur\u00fas de las finanzas los que se est\u00e1n haciendo  realmente ricos, a pesar de las enormes p\u00e9rdidas que est\u00e1 acumulando Wall  Street.<br \/>&#13;<br \/>\n<br \/>\u00abNi siquiera los bancos de  inversi\u00f3n tradicionales pueden pagar las escandalosas compensaciones que  reciben los gestores de fondos de capital privados, algunos de los cuales  consiguen m\u00e1s de 1 000 millones de d\u00f3lares en un solo a\u00f1o. Gracias a una  estratagema fiscal, estos individuos pagan unos impuestos sobre sus ingresos  que equivalen a menos de la mitad de lo que debe pagar un dentista que ingrese  200 000 d\u00f3lares al a\u00f1o.<br \/>&#13;<br \/>\n<br \/>\u00abLas grandes corporaciones se  est\u00e1n haciendo con una parte mayor de la riqueza nacional.<br \/>&#13;<br \/>\n<br \/>\u00abLa burbuja inmobiliaria y el  colapso de las hipotecas de alto riesgo <em>(subprime) <\/em>est\u00e1n expulsando a  millones de familias de sus hogares.<br \/>&#13;<br \/>\n<br \/>\u00abEl Centro para un Endeudamiento  Responsable considera que 2,2 millones de pr\u00e9stamos hipotecarios de alto riesgo  concedidos durante los \u00faltimos a\u00f1os han terminado ya en quiebra o acabar\u00e1n en  ejecuci\u00f3n hipotecaria. Las p\u00e9rdidas derivadas de la ca\u00edda de precios de la  vivienda pueden alcanzar los 2 millones de millones de d\u00f3lares.<br \/>&#13;<br \/>\n<br \/>\u00abLa brecha de riqueza entre  blancos y negros no tiene visos de cerrarse, y de hecho est\u00e1 ensanch\u00e1ndose.<br \/>&#13;<br \/>\n<br \/>\u00abLos ciudadanos estadounidenses  de origen africano s\u00f3lo alcanzar\u00e1n la paridad con sus compatriotas blancos  dentro de 594 a\u00f1os, seg\u00fan la asociaci\u00f3n <em>United for a Fair Economy<\/em>. La  cat\u00e1strofe de las hipotecas de alto riesgo se est\u00e1 cebando especialmente en las  comunidades minoritarias y est\u00e1 provocando lo que <em>United for a Fair Economy<\/em> estima como el mayor empobrecimiento de la gente negra en la moderna historia  de Estados Unidos.<br \/>&#13;<br \/>\n<br \/>\u00abM\u00e1s de uno de cada seis ni\u00f1os  vive en la pobreza.<br \/>&#13;<br \/>\n<br \/>\u00abM\u00e1s de 45 millones de personas  no tienen seguro de enfermedad.<br \/>&#13;<br \/>\n<br \/>\u00abEl d\u00e9ficit comercial  estadounidense alcanz\u00f3 en 2006 la cifra de 763 600 millones de d\u00f3lares. En  alg\u00fan momento este d\u00e9ficit comercial deber\u00e1 equilibrarse. A medida que el d\u00f3lar  sigue perdiendo su valor, es de esperar una mayor inflaci\u00f3n y m\u00e1s altos tipos de  inter\u00e9s a medio plazo. El nivel de vida real, en t\u00e9rminos econ\u00f3micos,  descender\u00e1.<br \/>&#13;<br \/>\n<br \/>\u00abLa eficiencia energ\u00e9tica es hoy  d\u00eda peor que hace dos d\u00e9cadas.<br \/>&#13;<br \/>\n<br \/>\u00abLa infraestructura se est\u00e1  viniendo abajo. La Asociaci\u00f3n de Ingenieros Civiles estima que har\u00e1n falta 1,5  millones de millones de d\u00f3lares, a lo largo de un per\u00edodo de cinco a\u00f1os, para  devolver las infraestructuras del pa\u00eds a un estado aceptable.<br \/>&#13;<br \/>\n<br \/>\u00abEsta situaci\u00f3n es peor \u2014en  algunos casos mucho peor\u2014 que a comienzos del gobierno de George W. Bush, pero  sus ra\u00edces se hunden en la pol\u00edtica bipartidista llevada a cabo durante los  tres decenios pasados, favorable a la desregulaci\u00f3n, la entrega de activos  p\u00fablicos a las empresas privadas (privatizaci\u00f3n), la globalizaci\u00f3n corporativa,  el car\u00e1cter hiperfinanciero de la econom\u00eda, unos gastos militares  extravagantemente altos, las reducciones de impuestos a los ricos y los  recortes de la red de seguridad social.\u00bb<br \/>&#13;<br \/>\n<br \/>&#13;<br \/>\nRobert Weissman, autor del art\u00edculo,  es redactor jefe del <em>Multinational Monitor<\/em>, de Washington, D.C., y  director de <em>Essential Action<\/em>.<br \/>&#13;<br \/>\n<br \/>&#13;<br \/>\nPara no abusar de los lectores, falta  s\u00f3lo la quinta parte.<br \/>&#13;<br \/>\n<br \/>&#13;<br \/>\n    Fidel  Castro Ruz<br \/>&#13;<br \/>\n    <br \/>&#13;<br \/>\n    Febrero  14 de 2008<br \/>&#13;<br \/>\n    <br \/>&#13;<br \/>\n8:12  p.m.<\/span><\/p>\n<p>&#13;<\/p>\n<h6> 2008-02-15 13:50:00 <\/h6>\n<p><!--\n<link rel=\"stylesheet\" href=\"css\/bootstrap.min.css\">\n\n\n<ul class=\"pagination\">\n\t    \n\t\n\n<li >\n\t<a href='?page_no=12259'>Previous<\/a>\n\t<\/li>\n\n\n       \n    \n\n<li><a href='?page_no=1'>1<\/a><\/li>\n\n\n\n<li><a href='?page_no=2'>2<\/a><\/li>\n\n\n\n<li><a>...<\/a><\/li>\n\n\n\n<li><a href='?page_no=12258'>12258<\/a><\/li>\n\n\n\n<li><a href='?page_no=12259'>12259<\/a><\/li>\n\n\n\n<li class='active'><a>12260<\/a><\/li>\n\n\n\n<li><a href='?page_no=12261'>12261<\/a><\/li>\n\n\n\n<li><a href='?page_no=12262'>12262<\/a><\/li>\n\n\n\n<li><a>...<\/a><\/li>\n\n\n\n<li><a href='?page_no=13611'>13611<\/a><\/li>\n\n\n\n<li><a href='?page_no=13612'>13612<\/a><\/li>\n\n    \n\t\n\n<li >\n\t<a href='?page_no=12261'>Next<\/a>\n\t<\/li>\n\n\n    \n\n<li><a href='?page_no=13612'>Last &rsaquo;&rsaquo;<\/a><\/li>\n\n<\/ul>\n\n\n--><br \/>\n<\/body><\/p>\n","protected":false},"excerpt":{"rendered":"<p>Reflexiones del Comandante en Jefe &#13; &#13; El candidato republicano&#13; &#13; (Cuarta Parte ) &#13; &#13; Cuando en la anterior reflexi\u00f3n pregunt\u00e9 a McCain qu\u00e9 pensaba de los Cinco H\u00e9roes antiterroristas cubanos, lo hice porque ten\u00eda presente lo que public\u00f3 en la p\u00e1gina 206 del libro Faith of My Fathers elaborado por \u00e9l y su [&hellip;]<\/p>\n","protected":false},"author":3,"featured_media":0,"comment_status":"open","ping_status":"open","sticky":false,"template":"","format":"standard","meta":{"footnotes":""},"categories":[16],"tags":[],"class_list":["post-36393","post","type-post","status-publish","format-standard","hentry","category-opiniones"],"_links":{"self":[{"href":"https:\/\/diariodominicano.com\/index.php?rest_route=\/wp\/v2\/posts\/36393","targetHints":{"allow":["GET"]}}],"collection":[{"href":"https:\/\/diariodominicano.com\/index.php?rest_route=\/wp\/v2\/posts"}],"about":[{"href":"https:\/\/diariodominicano.com\/index.php?rest_route=\/wp\/v2\/types\/post"}],"author":[{"embeddable":true,"href":"https:\/\/diariodominicano.com\/index.php?rest_route=\/wp\/v2\/users\/3"}],"replies":[{"embeddable":true,"href":"https:\/\/diariodominicano.com\/index.php?rest_route=%2Fwp%2Fv2%2Fcomments&post=36393"}],"version-history":[{"count":0,"href":"https:\/\/diariodominicano.com\/index.php?rest_route=\/wp\/v2\/posts\/36393\/revisions"}],"wp:attachment":[{"href":"https:\/\/diariodominicano.com\/index.php?rest_route=%2Fwp%2Fv2%2Fmedia&parent=36393"}],"wp:term":[{"taxonomy":"category","embeddable":true,"href":"https:\/\/diariodominicano.com\/index.php?rest_route=%2Fwp%2Fv2%2Fcategories&post=36393"},{"taxonomy":"post_tag","embeddable":true,"href":"https:\/\/diariodominicano.com\/index.php?rest_route=%2Fwp%2Fv2%2Ftags&post=36393"}],"curies":[{"name":"wp","href":"https:\/\/api.w.org\/{rel}","templated":true}]}}