{"id":36391,"date":"2008-02-17T16:09:00","date_gmt":"2008-02-17T16:09:00","guid":{"rendered":"http:\/\/diariodominicano.ddns.net\/?p=36391"},"modified":"2008-02-17T16:09:00","modified_gmt":"2008-02-17T16:09:00","slug":"criticos-del-gobierno-potencian-politicas-publicas","status":"publish","type":"post","link":"https:\/\/diariodominicano.com\/?p=36391","title":{"rendered":"Cr\u00edticos del Gobierno potencian Pol\u00edticas P\u00fablicas"},"content":{"rendered":"<p><body><\/p>\n<p><span class=\"titulogrande1\">Cr\u00edticos del Gobierno potencian Pol\u00edticas P\u00fablicas <\/span><br \/>&#13;<br \/>\n  <br \/>&#13;<br \/>\n    <strong>Por<\/strong> <span class=\"textogrande\">Pedro Caba <\/span><\/p>\n<p>&#13;<\/p>\n<p align=\"justify\" class=\"text1noticias\">*Cuatro  Virtuosos al Frente de Cuatro Exitosas Pol\u00edticas P\u00fablicas <\/p>\n<p>&#13;<\/p>\n<p align=\"justify\" class=\"text1noticias\">*Leonel Tiene Garantizado el Triunfo Actual Gesti\u00f3n <\/p>\n<p>&#13;<\/p>\n<p align=\"justify\" class=\"text1noticias\">*PLD Ense\u00f1orea  Sobre Colectividad Pol\u00edtica Nacional <\/p>\n<p>&#13;<\/p>\n<p align=\"justify\" class=\"text1noticias\"><img loading=\"lazy\" decoding=\"async\" src=\"http:\/\/10.0.0.82:8080\/pictures\/leonel inicia campana 1.jpg\" width=\"269\" height=\"183\" hspace=\"4\" align=\"left\" \/>Acostumbrada a  la improvisaci\u00f3n, a los simples golpes de efecto que caracterizan las pol\u00edticas  populistas, la oposici\u00f3n pol\u00edtica al PLD y a su gobierno, liderados ambos por  el doctor Leonel Fern\u00e1ndez, ha sido tomada por sorpresa  y su planteamiento cr\u00edtico ha venido a resultar en un reproductor eficiente de  las principales pol\u00edticas p\u00fablicas. <\/p>\n<p>&#13;<\/p>\n<p align=\"justify\" class=\"text1noticias\">La sociedad  civil organizada con prop\u00f3sitos reivindicativos de las principales dotes de la  democracia al estilo occidental, los centros de estudios especializados y a\u00fan  personalidades de ganado prestigio social en el trato de las ciencias sociales  pasan inadvertidas estas pol\u00edticas p\u00fablicas, dejando planteadas graves  interrogantes acerca de su legitimidad y capacidad de servicios al p\u00fablico. <\/p>\n<p>&#13;<\/p>\n<p align=\"justify\" class=\"text1noticias\">Los efectos de  estos preocupantes yerros de entidades l\u00edderes de la sociedad dominicana no se  van a hacer esperar: Leonel Fern\u00e1ndez se perfila  como el hist\u00f3rico conductor del pa\u00eds hacia la modernizaci\u00f3n y el progreso,  mientras que su partido se ense\u00f1orea de tal modo en el ambiente pol\u00edtico  nacional que en sus manos est\u00e1 garantizar o no la sobrevivencia  de las dem\u00e1s fuerzas pol\u00edticas de oposici\u00f3n, situadas en la primera l\u00ednea. <\/p>\n<p>&#13;<\/p>\n<p align=\"justify\" class=\"text1noticias\">Apenas horas  antes de la publicaci\u00f3n en el diario HOY, de este s\u00e1bado 16 de febrero, de su  an\u00e1lisis \u201cEs Urgente Frenar Abusos del Estado\u201d, Juan Bol\u00edvar D\u00edaz, quiz\u00e1 el m\u00e1s  acucioso periodista-investigador de la presente generaci\u00f3n, l\u00edder de la  sociedad civil que me dispensa una honrosa amistad, me adelantaba la  interrogante \u00bfde d\u00f3nde habr\u00e1 salido este programa gubernamental de campa\u00f1a  electoral de subsidio a los desempleados? <\/p>\n<p>&#13;<\/p>\n<p align=\"justify\" class=\"text1noticias\">Ten\u00eda a la mano  el ejemplar n\u00famero 3, del mes de julio del 2007, de la revista \u201cSolidaridad\u201d  que trae el art\u00edculo intitulado \u201cComunidades Participan en el Programa Piloto \u00a1Vamo Arriba!\u201d, y le dije: si te hubieses tomado el tiempo  de leer esta revista que pongo a tu disposici\u00f3n y, adem\u00e1s, visitar la sede del  Sistema Unico de\u00a0 Beneficiarios y contactar la  plataforma que sirve de apoyo a todos los programas del Gabinete Social,  estuvieras enterado de su existencia. En ese momento se ejecutaba con 15,000  padres de familia desempleados, y ahora el gobierno dice que lo ha extendido  hasta 100,000 con el prop\u00f3sito de elevarlo a 300,000. Como es natural, esto ha  horrorizado a la comunidad opositora. <\/p>\n<p>&#13;<\/p>\n<p align=\"justify\" class=\"text1noticias\">El programa es  ejecutado por la Comisi\u00f3n Presidencial de Desarrollo Barrial, la direcci\u00f3n  general de Comunidad Digna, el Fondo de Promoci\u00f3n para la Iniciativas  Comunitarias y la Direcci\u00f3n General de Desarrollo Fronterizo, en las zonas  geogr\u00e1ficas asignadas, esencialmente depauperadas y con alto desempleo, de  acuerdo con el reordenamiento dispuesto por el llamado Gabinete Social. Ninguno  de estos \u00f3rganos ha sido tomado en serio ni por los partidos pol\u00edticos, ni por  la sociedad civil organizada ni por los centros de altos estudios  especializados o personalidades de las ciencias sociales situados fuera del  gobierno. <\/p>\n<p>&#13;<\/p>\n<p align=\"justify\" class=\"text1noticias\">L\u00f3gicamente, se  trata de un programa de subsidios condicionados organizados y con objetivos  predeterminados y puntuales, que no es lo mismo que el resto de los subsidios  desperdigados en varias otras esferas del Estado, algunos de los cuales se  prestan claramente al clientelismo y a las pr\u00e1cticas corruptas. <\/p>\n<p>&#13;<\/p>\n<p align=\"justify\" class=\"text1noticias\">Subsidios todos  gracias a la participaci\u00f3n del Estado de un 18.5% de la riqueza que genera una  sociedad en crecimiento, fruto del acierto de la pol\u00edtica gubernamental de los  \u00faltimos a\u00f1os. <\/p>\n<p>&#13;<\/p>\n<p align=\"justify\" class=\"text1noticias\">&#8212;Cuatro  Virtuosos al Frente de Cuatro Exitosas Pol\u00edticas P\u00fablicas <\/p>\n<p>&#13;<\/p>\n<p align=\"justify\" class=\"text1noticias\">En el gobierno  se destacan cuatro frentes de acci\u00f3n de pol\u00edticas p\u00fablicas que marcan el \u00e9xito  de una gesti\u00f3n de frondosos frutos: <\/p>\n<p>&#13;<\/p>\n<p align=\"justify\" class=\"text1noticias\">a)\u00a0La pol\u00edtica monetaria y financiera es  elogiada por toda la comunidad financiera internacional, entre las que destacan  el FMI y el determinante Tesoro de Estados Unidos, por cuanto dome\u00f1aron todos  los factores macroecon\u00f3micos, recobraron el cr\u00e9dito internacional y la  confianza de los inversionistas. Lo que ha sido el d\u00e9ficit operativo del Banco  Central, que monta la astron\u00f3mica suma de RD$200,000  millones, ya no es preocupaci\u00f3n pues el propio FMI garantiza que ser\u00e1 recogido  en los pr\u00f3ximos 10 a\u00f1os. H\u00e9ctor Valdez Albizu supo  conformar un equipo t\u00e9cnico renovado sin miramientos de su proveniencia  pol\u00edtica, que con creatividad dio respuestas a una enmara\u00f1ada herencia cr\u00edtica  en todos los campos de su accionar. <br \/>&#13;<br \/>\n  <br \/>&#13;<br \/>\n  b)\u00a0El Gabinete Social es una feliz  iniciativa del Presidente Fern\u00e1ndez puesta a cargo  del Vicepresidente Rafael Alburquerque quien, desde el primer momento, la  concibi\u00f3 como un instrumento de alto nivel profesional con demostrada vocaci\u00f3n  de servicio. Aqu\u00ed no cabe la credencial partidaria y, cuando lo hace, se atiene  a una directiva central que no admite privilegios. Pocas veces en la historia  administrativa p\u00fablica un personal t\u00e9cnico se ha sentido con tanta autoridad  delegada por el Ejecutivo para realizar un trabajo apoyado en instrumentales  cient\u00edficos que combatan, en su mismo terreno, los rezagos de una pobreza  inexplicable en una naci\u00f3n que en los \u00faltimos 50 a\u00f1os ha crecido a un promedio  del 5.5% del PIB, el m\u00e1s alto de Am\u00e9rica Latina. <br \/>&#13;<br \/>\n  <br \/>&#13;<br \/>\n  c)\u00a0El sistema tributario camina hacia la  adultez a una velocidad vertiginosa, sin escandalizar y venciendo las  dificultades de una econom\u00eda subterr\u00e1nea que parec\u00eda imposible de penetrar.  <br \/>&#13;<br \/>\n  <br \/>&#13;<br \/>\n  Aqu\u00ed nadie sabe cu\u00e1l es la participaci\u00f3n del mercado de los productores y  comerciantes pues es su secreto mejor guardado, cu\u00e1nto en realidad ganan ni su  verdadero patrimonio. A pesar de ello, Juan Hern\u00e1ndez, contando tambi\u00e9n con  figuras clave como Miguel Cocco, aprovech\u00f3 la  estructura tributaria y ha elevado la carga tributaria a un 18.5%, lo que  fortalece la capacidad interventora del Estado. <br \/>&#13;<br \/>\n  <br \/>&#13;<br \/>\n  d)\u00a0Cuando se ponga en operaci\u00f3n al p\u00fablico  la primera l\u00ednea del Metro, la opini\u00f3n p\u00fablica ser\u00e1 impactada por un hecho que  la oposici\u00f3n y los medios informativos se hab\u00edan propuesto desconocer: que la  OPRET que dirige Diandino Pe\u00f1a s\u00f3lo conceb\u00eda esta megaobra como una herramienta dentro de una pol\u00edtica  general de transporte de pasajeros y de carga que ha devenido en responsabilidad  esencial del Estado. Ver\u00e1 otras herramientas, tales como un transporte  terrestre organizado y tambi\u00e9n masivo, con subsidios puntuales al transporte de  pasajeros y de carga, en un pa\u00eds donde el primero consume el 25% del ingreso  del trabajador o empleado y el segundo es el dolor de cabeza de la industria y  el comercio. <\/p>\n<p>&#13;<\/p>\n<p align=\"justify\" class=\"text1noticias\">Estos cuatro  funcionarios p\u00fablicos, y sus colaboradores, son virtuosos porque supieron  resistir la presi\u00f3n del partido oficial, sin tener que estropear su estructura,  e impusieron l\u00edneas centrales de acci\u00f3n que responde al inter\u00e9s p\u00fablico. <\/p>\n<p>&#13;<\/p>\n<p align=\"justify\" class=\"text1noticias\">No se trata aqu\u00ed  de despreciar ninguna de las acciones del resto de los funcionarios p\u00fablicos  colaboradores del Presidente Fern\u00e1ndez, algunas de las cuales alcanzan m\u00e9ritos  indiscutibles, sino de significar la forma como estos virtuosos enfrentaron con  \u00e9xito la presi\u00f3n interior y pudieron sacar adelante pol\u00edticas p\u00fablicas de  verdadera repercusi\u00f3n. <\/p>\n<p>&#13;<\/p>\n<p align=\"justify\" class=\"text1noticias\">&#8212;Leonel Tiene Garantizado el Triunfo Actual Gesti\u00f3n <\/p>\n<p>&#13;<\/p>\n<p align=\"justify\" class=\"text1noticias\">Aunque le duela  a propios y extra\u00f1os, acciones de gobierno como las anteriormente se\u00f1aladas, le  garantizan a Leonel Fern\u00e1ndez el \u00e9xito de su actual  gesti\u00f3n. <\/p>\n<p>&#13;<\/p>\n<p align=\"justify\" class=\"text1noticias\">M\u00e1s a\u00fan, ahora  que procura la reelecci\u00f3n, tales pol\u00edticas son ampliamente redituables. Al  punto de que, ya hay quienes le ponen n\u00fameros de votantes a la masa electoral  que atraer\u00e1 a las urnas, el pr\u00f3ximo 16 de mayo. <\/p>\n<p>&#13;<\/p>\n<p align=\"justify\" class=\"text1noticias\">Poco dadivosa,  realmente \u201cpijotera\u201d como es la opini\u00f3n p\u00fablica  medi\u00e1tica, liderada por una oposici\u00f3n pol\u00edtica partidaria, una sociedad civil  organizada signada de anti-balaguerismo  y pro-perrede\u00edsmo y anti-leonelismo por extensi\u00f3n y por medios de comunicaci\u00f3n  propiedad de familias poderosas que nunca antes hab\u00edan sido tan reguladas como  ahora y sacrificadas a pagar impuestos,\u00a0 parecer\u00eda de primera impresi\u00f3n  que el pueblo no capta cuanto ocurre. <\/p>\n<p>&#13;<\/p>\n<p align=\"justify\" class=\"text1noticias\"><strong>Este  comportamiento, lo que ha hecho es potencializar  a\u00fan m\u00e1s las pol\u00edticas p\u00fablicas, pues al comprobar los distintos estamentos del  pueblo a que est\u00e1n dirigidas que se las trata de desmeritar, las aprecian a\u00fan  m\u00e1s. Las defender\u00e1n, por temor a que desaparezcan, con su voto efectivo en las  urnas.<\/strong> <br \/>&#13;<br \/>\n  <br \/>&#13;<br \/>\n<strong>Esto es lo que  se llama \u201ctrabajar para el ingl\u00e9s\u201d.<\/strong> <\/p>\n<p>&#13;<\/p>\n<p align=\"justify\" class=\"text1noticias\">&#8212;PLD Ense\u00f1orea  Sobre Colectividad Pol\u00edtica Nacional <\/p>\n<p>&#13;<\/p>\n<p align=\"justify\" class=\"text1noticias\">Al cabo de la  presente gesti\u00f3n, y partiendo de que damos por segura la reelecci\u00f3n del doctor  Fern\u00e1ndez, lo que se avizora es que el PLD se va a ense\u00f1orear sobre la  colectividad pol\u00edtica nacional. <\/p>\n<p>&#13;<\/p>\n<p align=\"justify\" class=\"text1noticias\">Y ello tiene  virtudes y riesgos. <br \/>&#13;<br \/>\n  <br \/>&#13;<br \/>\n  Es una verdadera  virtud que un partido con norte definido de enfrentar la pobreza, el  subdesarrollo y la modernizaci\u00f3n y que, adem\u00e1s, cuente con un liderazgo  indiscutido hacia adentro e indisputable hacia afuera, se ense\u00f1oree sobre toda  la sociedad pol\u00edtica dominicana, y que lo haga por tiempo suficiente para  materializar sus expectativas. <\/p>\n<p>&#13;<\/p>\n<p align=\"justify\" class=\"text1noticias\">Lo que est\u00e1 a la  vista es no s\u00f3lo consolidar los planes en ejecuci\u00f3n desde el poder, sino  tambi\u00e9n profundizar en otros m\u00e1s en el per\u00edodo de gobierno que tiene por  delante, para que sean de tal efectividad y legitimidad que nadie m\u00e1s se aparte  del curso que trace, ya sea el relevo proveniente de su propia parcela o de  otra extra\u00f1a. <\/p>\n<p>&#13;<\/p>\n<p align=\"justify\" class=\"text1noticias\">Los riesgos son  igualmente importantes, pues con frecuencia se observa en algunos liderazgos  del partido oficial suficiencia propia de antiguos estadios del desarrollo,  cuando la globalizaci\u00f3n no hab\u00eda puesto al alcance de todo el que lo procure el  acceso a los conocimientos de la modernidad. <\/p>\n<p>&#13;<\/p>\n<p align=\"justify\" class=\"text1noticias\">Por eso es tan  esperanzadora la apertura que realiza Leonel  Fern\u00e1ndez&#8211; que con desacierto y cortedad de miras la cr\u00edtica opositora  califica al un\u00edsono de \u201ccompra de conciencias\u201d&#8211; de abrirse a otras parcelas  pol\u00edticas con historial opositor a su partido, pues con tal actitud el PLD es  obligado a ejercitar el desprendimiento y compartimiento del poder, \u00fanica  garant\u00eda de la futura gobernabilidad. <\/p>\n<p>&#13;<\/p>\n<p align=\"justify\" class=\"text1noticias\">El sistema de  partidos, tan esencial a la democracia representativa, no corre riesgos en este  pa\u00eds, mientras el doctor Fern\u00e1ndez lidere su gobierno y su partido, pues sabr\u00e1  contener determinados \u00edmpetus, como pueden dar testimonios las principales  instituciones estatales y privadas con las cuales interact\u00faa. <\/p>\n<p>&#13;<\/p>\n<h6> 2008-02-17 16:09:00 <\/h6>\n<p><!--\n<link rel=\"stylesheet\" href=\"css\/bootstrap.min.css\">\n\n\n<ul class=\"pagination\">\n\t    \n\t\n\n<li >\n\t<a href='?page_no=12258'>Previous<\/a>\n\t<\/li>\n\n\n       \n    \n\n<li><a href='?page_no=1'>1<\/a><\/li>\n\n\n\n<li><a href='?page_no=2'>2<\/a><\/li>\n\n\n\n<li><a>...<\/a><\/li>\n\n\n\n<li><a href='?page_no=12257'>12257<\/a><\/li>\n\n\n\n<li><a href='?page_no=12258'>12258<\/a><\/li>\n\n\n\n<li class='active'><a>12259<\/a><\/li>\n\n\n\n<li><a href='?page_no=12260'>12260<\/a><\/li>\n\n\n\n<li><a href='?page_no=12261'>12261<\/a><\/li>\n\n\n\n<li><a>...<\/a><\/li>\n\n\n\n<li><a href='?page_no=13611'>13611<\/a><\/li>\n\n\n\n<li><a href='?page_no=13612'>13612<\/a><\/li>\n\n    \n\t\n\n<li >\n\t<a href='?page_no=12260'>Next<\/a>\n\t<\/li>\n\n\n    \n\n<li><a href='?page_no=13612'>Last &rsaquo;&rsaquo;<\/a><\/li>\n\n<\/ul>\n\n\n--><br \/>\n<\/body><\/p>\n","protected":false},"excerpt":{"rendered":"<p>Cr\u00edticos del Gobierno potencian Pol\u00edticas P\u00fablicas &#13; &#13; Por Pedro Caba &#13; *Cuatro Virtuosos al Frente de Cuatro Exitosas Pol\u00edticas P\u00fablicas &#13; *Leonel Tiene Garantizado el Triunfo Actual Gesti\u00f3n &#13; *PLD Ense\u00f1orea Sobre Colectividad Pol\u00edtica Nacional &#13; Acostumbrada a la improvisaci\u00f3n, a los simples golpes de efecto que caracterizan las pol\u00edticas populistas, la oposici\u00f3n pol\u00edtica [&hellip;]<\/p>\n","protected":false},"author":3,"featured_media":0,"comment_status":"open","ping_status":"open","sticky":false,"template":"","format":"standard","meta":{"footnotes":""},"categories":[16],"tags":[],"class_list":["post-36391","post","type-post","status-publish","format-standard","hentry","category-opiniones"],"_links":{"self":[{"href":"https:\/\/diariodominicano.com\/index.php?rest_route=\/wp\/v2\/posts\/36391","targetHints":{"allow":["GET"]}}],"collection":[{"href":"https:\/\/diariodominicano.com\/index.php?rest_route=\/wp\/v2\/posts"}],"about":[{"href":"https:\/\/diariodominicano.com\/index.php?rest_route=\/wp\/v2\/types\/post"}],"author":[{"embeddable":true,"href":"https:\/\/diariodominicano.com\/index.php?rest_route=\/wp\/v2\/users\/3"}],"replies":[{"embeddable":true,"href":"https:\/\/diariodominicano.com\/index.php?rest_route=%2Fwp%2Fv2%2Fcomments&post=36391"}],"version-history":[{"count":0,"href":"https:\/\/diariodominicano.com\/index.php?rest_route=\/wp\/v2\/posts\/36391\/revisions"}],"wp:attachment":[{"href":"https:\/\/diariodominicano.com\/index.php?rest_route=%2Fwp%2Fv2%2Fmedia&parent=36391"}],"wp:term":[{"taxonomy":"category","embeddable":true,"href":"https:\/\/diariodominicano.com\/index.php?rest_route=%2Fwp%2Fv2%2Fcategories&post=36391"},{"taxonomy":"post_tag","embeddable":true,"href":"https:\/\/diariodominicano.com\/index.php?rest_route=%2Fwp%2Fv2%2Ftags&post=36391"}],"curies":[{"name":"wp","href":"https:\/\/api.w.org\/{rel}","templated":true}]}}