{"id":363892,"date":"2022-06-25T00:29:14","date_gmt":"2022-06-25T04:29:14","guid":{"rendered":"http:\/\/diariodominicano.com\/?p=363892"},"modified":"2022-06-25T00:32:06","modified_gmt":"2022-06-25T04:32:06","slug":"la-dictadura-de-trujillo-en-plan-de-exterminio-de-los-expedicionarios-del-14-de-junio-de-1959","status":"publish","type":"post","link":"https:\/\/diariodominicano.com\/?p=363892","title":{"rendered":"La dictadura de Trujillo en plan de exterminio de los expedicionarios del 14 de junio de 1959"},"content":{"rendered":"\n<p>Por H\u00e9ctor Tineo Nolasco<\/p>\n\n\n\n<p>Diariodominicano.com<\/p>\n\n\n\n<p><\/p>\n\n\n\n<p>SANTO DOMINGO, el 25 de junio de 1959, las Fuerzas Armadas continuaron las operaciones militares para eliminar a los expedicionarios de 1959 que a\u00fan sobreviv\u00edan en condiciones dif\u00edciles por el hambre, la sed y el agotamiento.<\/p>\n\n\n\n<p>&nbsp;&nbsp; &nbsp;&nbsp;&nbsp;&nbsp;&nbsp;&nbsp; El 25 de junio, a las 3 de la tarde, el teniente coronel Renato Hungr\u00eda Morel, Ej\u00e9rcito Nacional, inform\u00f3 a sus superiores que en la secci\u00f3n Maim\u00f3n, mediante combate con los enemigos, hab\u00edan capturado gravemente herido \u201cal invasor\u201d Sergio Manuel Iidefonso (Capor\u00ed)<\/p>\n\n\n\n<p>&nbsp;&nbsp;&nbsp; &nbsp;&nbsp;&nbsp;&nbsp;&nbsp; Tambi\u00e9n el teniente coronel Renato Hungr\u00eda Morel precis\u00f3 que resultaron heridos los rasos Pedro Alfonso Beras Toribio y Guarionex G\u00f3mez, Ej\u00e9rcito Nacional.<\/p>\n\n\n\n<figure class=\"wp-block-image size-large\"><img loading=\"lazy\" decoding=\"async\" width=\"1024\" height=\"526\" src=\"https:\/\/diariodominicano.com\/wp-content\/uploads\/2021\/04\/Rafael-Leonidas-Trujillo-Molina-11W-1024x526.jpg\" alt=\"\" class=\"wp-image-271906\" srcset=\"https:\/\/diariodominicano.com\/wp-content\/uploads\/2021\/04\/Rafael-Leonidas-Trujillo-Molina-11W-1024x526.jpg 1024w, https:\/\/diariodominicano.com\/wp-content\/uploads\/2021\/04\/Rafael-Leonidas-Trujillo-Molina-11W-300x154.jpg 300w, https:\/\/diariodominicano.com\/wp-content\/uploads\/2021\/04\/Rafael-Leonidas-Trujillo-Molina-11W-768x395.jpg 768w, https:\/\/diariodominicano.com\/wp-content\/uploads\/2021\/04\/Rafael-Leonidas-Trujillo-Molina-11W-1536x789.jpg 1536w, https:\/\/diariodominicano.com\/wp-content\/uploads\/2021\/04\/Rafael-Leonidas-Trujillo-Molina-11W-2048x1052.jpg 2048w, https:\/\/diariodominicano.com\/wp-content\/uploads\/2021\/04\/Rafael-Leonidas-Trujillo-Molina-11W-816x419.jpg 816w\" sizes=\"auto, (max-width: 1024px) 100vw, 1024px\" \/><figcaption>El dictador Trujillo<\/figcaption><\/figure>\n\n\n\n<p>&nbsp;&nbsp; &nbsp;&nbsp;&nbsp;&nbsp;&nbsp;&nbsp; En los informes militares sobre las acciones contra los expedicionarios con frecuencia se los denominaba como invasores o barbudos.<\/p>\n\n\n\n<p>&nbsp;&nbsp; &nbsp;&nbsp;&nbsp;&nbsp;&nbsp;&nbsp; El primer grupo de los expedicionarios lleg\u00f3 a Rep\u00fablica Dominicana el 14 de junio de 1959, cuando aterriz\u00f3 en Constanza, el avi\u00f3n Curtis C-46, que trajo a 54 expedicionarios que ten\u00edan el prop\u00f3sito de llevar a cabo una lucha armada para acabar con la dictadura de Trujillo y formar un Gobierno democr\u00e1tico.<\/p>\n\n\n\n<p>&nbsp;&nbsp;&nbsp; &nbsp;&nbsp;&nbsp;&nbsp;&nbsp; El resto de expedicionarios lleg\u00f3 por Maim\u00f3n y Estero Hondo, el 20 de junio de 1959, en las lanchas Carmen Elsa y La Tinima.<\/p>\n\n\n\n<p>&nbsp;&nbsp; &nbsp;&nbsp;&nbsp;&nbsp;&nbsp;&nbsp; La Carmen Elsa fue destrozada por un bombardeo de la Marina de Guerra, al localizarla en aguas del Atl\u00e1ntico, en Maim\u00f3n.<\/p>\n\n\n\n<p>&nbsp;&nbsp; &nbsp;&nbsp;&nbsp;&nbsp;&nbsp;&nbsp; El grupo que ven\u00eda en La Tinima logr\u00f3 desembarcar por Estero Hondo.<\/p>\n\n\n\n<p>&nbsp;&nbsp;&nbsp; &nbsp;&nbsp;&nbsp;&nbsp;&nbsp; Los expedicionarios recibieron entrenamientos militares en el&nbsp; campamento de \u201cMil Cumbres\u201d, situado en un valle de&nbsp; la \u201cSierra de los \u00d3rganos\u201d, en la parte occidental de Cuba.<\/p>\n\n\n\n<p>&nbsp;&nbsp; &nbsp;&nbsp;&nbsp;&nbsp;&nbsp;&nbsp; De los expedicionarios de junio de 1959, es decir, los que llegaron por Constanza, el d\u00eda&nbsp; 14 de junio de 1959 y los que vinieron&nbsp; por Maim\u00f3n y Estero Hondo, el 20 de junio de 1959, sobrevivieron los dominicanos Poncio Pou&nbsp; Saleta, Mayovanex Vargas y Francisco Medardo Germ\u00e1n, as\u00ed como los cubanos Delio G\u00f3mez Ochoa y Pablito Mirabal, quienes salieron de Rep\u00fablica Dominicana en 1961.<\/p>\n\n\n\n<p>&nbsp;&nbsp;&nbsp;&nbsp;&nbsp;&nbsp; Otro dominicano sobreviviente fue Gonzalo Almonte Pacheco, pero desaparecido en la ciudad de Santo Domingo, por agentes de la dictadura de Trujillo.<\/p>\n\n\n\n<p>&nbsp;&nbsp; &nbsp;&nbsp;&nbsp;&nbsp;&nbsp;&nbsp; Los dem\u00e1s cayeron en los frentes de batalla y la mayor\u00eda fusilados en la Base A\u00e9rea de San Isidro, por una disposici\u00f3n del jefe del Estado Mayor Conjunto, Rafael Le\u00f3nidas&nbsp; (Ramfis) Trujillo Mart\u00ednez.<\/p>\n","protected":false},"excerpt":{"rendered":"<p>Por H\u00e9ctor Tineo Nolasco Diariodominicano.com SANTO DOMINGO, el 25 de junio de 1959, las Fuerzas Armadas continuaron las operaciones militares para eliminar a los expedicionarios de 1959 que a\u00fan sobreviv\u00edan en condiciones dif\u00edciles por el hambre, la sed y el agotamiento. &nbsp;&nbsp; &nbsp;&nbsp;&nbsp;&nbsp;&nbsp;&nbsp; El 25 de junio, a las 3 de la tarde, el teniente [&hellip;]<\/p>\n","protected":false},"author":28,"featured_media":361227,"comment_status":"closed","ping_status":"","sticky":true,"template":"","format":"standard","meta":{"footnotes":""},"categories":[26,27],"tags":[],"class_list":["post-363892","post","type-post","status-publish","format-standard","has-post-thumbnail","hentry","category-efemerides","category-portada"],"_links":{"self":[{"href":"https:\/\/diariodominicano.com\/index.php?rest_route=\/wp\/v2\/posts\/363892","targetHints":{"allow":["GET"]}}],"collection":[{"href":"https:\/\/diariodominicano.com\/index.php?rest_route=\/wp\/v2\/posts"}],"about":[{"href":"https:\/\/diariodominicano.com\/index.php?rest_route=\/wp\/v2\/types\/post"}],"author":[{"embeddable":true,"href":"https:\/\/diariodominicano.com\/index.php?rest_route=\/wp\/v2\/users\/28"}],"replies":[{"embeddable":true,"href":"https:\/\/diariodominicano.com\/index.php?rest_route=%2Fwp%2Fv2%2Fcomments&post=363892"}],"version-history":[{"count":3,"href":"https:\/\/diariodominicano.com\/index.php?rest_route=\/wp\/v2\/posts\/363892\/revisions"}],"predecessor-version":[{"id":363895,"href":"https:\/\/diariodominicano.com\/index.php?rest_route=\/wp\/v2\/posts\/363892\/revisions\/363895"}],"wp:featuredmedia":[{"embeddable":true,"href":"https:\/\/diariodominicano.com\/index.php?rest_route=\/wp\/v2\/media\/361227"}],"wp:attachment":[{"href":"https:\/\/diariodominicano.com\/index.php?rest_route=%2Fwp%2Fv2%2Fmedia&parent=363892"}],"wp:term":[{"taxonomy":"category","embeddable":true,"href":"https:\/\/diariodominicano.com\/index.php?rest_route=%2Fwp%2Fv2%2Fcategories&post=363892"},{"taxonomy":"post_tag","embeddable":true,"href":"https:\/\/diariodominicano.com\/index.php?rest_route=%2Fwp%2Fv2%2Ftags&post=363892"}],"curies":[{"name":"wp","href":"https:\/\/api.w.org\/{rel}","templated":true}]}}