{"id":363888,"date":"2022-06-25T00:18:21","date_gmt":"2022-06-25T04:18:21","guid":{"rendered":"http:\/\/diariodominicano.com\/?p=363888"},"modified":"2022-06-25T00:18:21","modified_gmt":"2022-06-25T04:18:21","slug":"la-salida-obligada-de-los-sacerdotes-jesuitas-y-la-disputa-con-los-padres-dominicos","status":"publish","type":"post","link":"https:\/\/diariodominicano.com\/?p=363888","title":{"rendered":"La salida obligada de los sacerdotes jesuitas y la disputa con los Padres dominicos"},"content":{"rendered":"\n<p>La antigua Casa de Los Jesuitas en Santo Domingo.<\/p>\n\n\n\n<p><strong>Por H\u00e9ctor Tineo Nolasco<\/strong><\/p>\n\n\n\n<p><strong>Diariodominicano.com<\/strong><\/p>\n\n\n\n<p>SANTO DOMINGO, el 25 de junio de 1767, las autoridades coloniales de Espa\u00f1a en Santo Domingo, ejecutaron la orden de expulsi\u00f3n de los sacerdotes jesuitas.<\/p>\n\n\n\n<p>&nbsp;&nbsp; &nbsp;&nbsp;&nbsp;&nbsp;&nbsp;&nbsp; El d\u00eda 11 de junio de 1767, en todos los territorios de soberan\u00eda espa\u00f1ola fueron apresados los jesuitas para luego ser expulsados.&nbsp; Como reacci\u00f3n a la decisi\u00f3n del Rey Carlos III de Borb\u00f3n, algunos religiosos buscaron refugios en los estados pontificios y en Rusia.<\/p>\n\n\n\n<p>&nbsp;&nbsp;&nbsp; &nbsp;&nbsp;&nbsp;&nbsp;&nbsp; Antes de que se produjera la disposici\u00f3n,&nbsp; los jesuitas y los dominicos mantuvieron una disputa por el control de la educaci\u00f3n.<\/p>\n\n\n\n<p>&nbsp;&nbsp; &nbsp;&nbsp;&nbsp;&nbsp;&nbsp;&nbsp; En el a\u00f1o 1538, los dominicos ten\u00edan la Pontificia de&nbsp; Santo Tom\u00e1s de Aquino.<\/p>\n\n\n\n<p>&nbsp;&nbsp; &nbsp;&nbsp;&nbsp;&nbsp;&nbsp;&nbsp; Los jesuitas asumieron su proyecto de educaci\u00f3n&nbsp; en el a\u00f1o 1701. A mediados del siglo XVIII lograron que tanto el Rey Fernando VI&nbsp; como el papa Benedicto XIV les otorgasen&nbsp; la licencia de erecci\u00f3n de la universidad&nbsp; que llevar\u00eda el nombre de Santiago de la Paz y de Gorj\u00f3n, por hab\u00e9rseles adjudicado esa instituci\u00f3n 46 a\u00f1os antes.&nbsp;&nbsp;<\/p>\n\n\n\n<figure class=\"wp-block-image size-large\"><img loading=\"lazy\" decoding=\"async\" width=\"1024\" height=\"987\" src=\"https:\/\/diariodominicano.com\/wp-content\/uploads\/2022\/06\/sacerdote-Antonio-Lluberes-arc-1024x987.webp\" alt=\"\" class=\"wp-image-363890\" srcset=\"https:\/\/diariodominicano.com\/wp-content\/uploads\/2022\/06\/sacerdote-Antonio-Lluberes-arc-1024x987.webp 1024w, https:\/\/diariodominicano.com\/wp-content\/uploads\/2022\/06\/sacerdote-Antonio-Lluberes-arc-300x289.webp 300w, https:\/\/diariodominicano.com\/wp-content\/uploads\/2022\/06\/sacerdote-Antonio-Lluberes-arc-768x741.webp 768w, https:\/\/diariodominicano.com\/wp-content\/uploads\/2022\/06\/sacerdote-Antonio-Lluberes-arc-816x787.webp 816w, https:\/\/diariodominicano.com\/wp-content\/uploads\/2022\/06\/sacerdote-Antonio-Lluberes-arc.webp 1062w\" sizes=\"auto, (max-width: 1024px) 100vw, 1024px\" \/><figcaption>El sacerdote Jesuita Antonio Lluberes (archivo)<\/figcaption><\/figure>\n\n\n\n<p>El sacerdote Antonio Lluberes destaca que dos universidades en un espacio tan reducido como el de Santo Domingo, provocar\u00eda una serie de disputas de competencia, a veces simples pleitos de frailes, que distrajeron las energ\u00edas apost\u00f3licas de ambas congregaciones.<\/p>\n\n\n\n<p>&nbsp;&nbsp; &nbsp;&nbsp;&nbsp;&nbsp;&nbsp;&nbsp; \u201cLa primera de esas disputas surgi\u00f3 cuando los jesuitas le negaron la categor\u00eda&nbsp; universitaria al&nbsp; \u201cEstudio General\u201d de los dominicos, ya que \u00e9stos no pod\u00edan presentar el original de la bula de erecci\u00f3n. Tuvo el Rey&nbsp; que intervenir, y el 26 de mayo de 1747 zanj\u00f3 el asunto reconociendo el car\u00e1cter universitario de ambos centros. A\u00f1os despu\u00e9s volvi\u00f3 la disputa, y ahora ser\u00edan los dominicos los que quer\u00edan imponer los estatutos de su Universidad a la de los jesuitas. La demanda presentada ante la real Audiencia prolong\u00f3 a\u00fan m\u00e1s el pleito.<\/p>\n\n\n\n<p>&nbsp;&nbsp; &nbsp;&nbsp;&nbsp;&nbsp;&nbsp;&nbsp; \u201cNo obstante las disputas, la labor de los jesuitas&nbsp; atrajo j\u00f3venes de las colonias vecinas a estudiar en su universidad; construyendo los edificios m\u00e1s grandes de la \u00e9poca: su universidad, iglesia y residencia; y mantuvieron la costumbre de dedicar parte de su personal a las misiones populares. Sin embargo, la historia de los jesuitas del per\u00edodo colonial termin\u00f3 bruscamente con su expulsi\u00f3n a mediados del siglo XVIII, cuando apenas se hab\u00eda calmado la larga disputa con los dominicos.<\/p>\n\n\n\n<p>&nbsp;&nbsp;&nbsp; &nbsp;&nbsp;&nbsp;&nbsp;&nbsp; Al tratar de encontrar una explicaci\u00f3n sobre la medida de Carlos III de Borb\u00f3n, el sacerdote jesuita Antonio Lluberes, en su obra Breve Historia de la Iglesia Dominicana 1493-1997, anota:<\/p>\n\n\n\n<p>\u201cEs cierto que en dos siglos de vida, los jesuitas hab\u00edan logrado \u00e9xitos apost\u00f3licos, pero tambi\u00e9n hab\u00edan desarrollado una conciencia de independencia y superioridad que les cre\u00f3&nbsp; enemistades y facilit\u00f3 las cr\u00edticas.<\/p>\n\n\n\n<p>&nbsp;&nbsp;&nbsp; &nbsp;&nbsp;&nbsp;&nbsp;&nbsp; \u201cLos atacaban ante todo los fil\u00f3sofos de la ilustraci\u00f3n, pues lo consideraban la base del papado y del&nbsp; r\u00e9gimen absolutista. Sin embargo, los monarcas&nbsp; absolutos los consideraban demasiado independientes de sus pretensiones de control. En fin, esas ideas y sus autores conspiraron hasta lograr que en la \u00faltima etapa del drama, el Papa Clemente XIV suprimiera la Compa\u00f1\u00eda de Jes\u00fas en 1773\u201d.<\/p>\n\n\n\n<p>&nbsp;&nbsp;&nbsp; &nbsp;&nbsp;&nbsp;&nbsp;&nbsp; Antonio Lluberes refiere que a fines del siglo XVIII, el Gobierno de los Borbones&nbsp; espa\u00f1oles comenz\u00f3 a liberalizar la econom\u00eda. Se esperaban nuevos progresos, pero un c\u00famulo de hechos trastorn\u00f3 el ritmo del progreso experimentado: las guerras imperiales con Inglaterra, las sequ\u00edas de 1777 y 1780, las largas demoras del <strong>situado<\/strong> de M\u00e9xico y las pestes, entre otras dificultades.<\/p>\n\n\n\n<p>&nbsp;&nbsp; &nbsp;&nbsp;&nbsp;&nbsp;&nbsp;&nbsp; \u201cPor si era poco, la Revoluci\u00f3n Francesa trastocar\u00e1 el viejo orden socio-pol\u00edtico y religioso de Europa y sus colonias americanas, y por eso se puede decir que a partir de 1789 se cierra una etapa y comienza una nueva historia\u201d.<\/p>\n","protected":false},"excerpt":{"rendered":"<p>La antigua Casa de Los Jesuitas en Santo Domingo. Por H\u00e9ctor Tineo Nolasco Diariodominicano.com SANTO DOMINGO, el 25 de junio de 1767, las autoridades coloniales de Espa\u00f1a en Santo Domingo, ejecutaron la orden de expulsi\u00f3n de los sacerdotes jesuitas. &nbsp;&nbsp; &nbsp;&nbsp;&nbsp;&nbsp;&nbsp;&nbsp; El d\u00eda 11 de junio de 1767, en todos los territorios de soberan\u00eda espa\u00f1ola [&hellip;]<\/p>\n","protected":false},"author":28,"featured_media":363889,"comment_status":"closed","ping_status":"","sticky":true,"template":"","format":"standard","meta":{"footnotes":""},"categories":[26,27],"tags":[],"class_list":["post-363888","post","type-post","status-publish","format-standard","has-post-thumbnail","hentry","category-efemerides","category-portada"],"_links":{"self":[{"href":"https:\/\/diariodominicano.com\/index.php?rest_route=\/wp\/v2\/posts\/363888","targetHints":{"allow":["GET"]}}],"collection":[{"href":"https:\/\/diariodominicano.com\/index.php?rest_route=\/wp\/v2\/posts"}],"about":[{"href":"https:\/\/diariodominicano.com\/index.php?rest_route=\/wp\/v2\/types\/post"}],"author":[{"embeddable":true,"href":"https:\/\/diariodominicano.com\/index.php?rest_route=\/wp\/v2\/users\/28"}],"replies":[{"embeddable":true,"href":"https:\/\/diariodominicano.com\/index.php?rest_route=%2Fwp%2Fv2%2Fcomments&post=363888"}],"version-history":[{"count":1,"href":"https:\/\/diariodominicano.com\/index.php?rest_route=\/wp\/v2\/posts\/363888\/revisions"}],"predecessor-version":[{"id":363891,"href":"https:\/\/diariodominicano.com\/index.php?rest_route=\/wp\/v2\/posts\/363888\/revisions\/363891"}],"wp:featuredmedia":[{"embeddable":true,"href":"https:\/\/diariodominicano.com\/index.php?rest_route=\/wp\/v2\/media\/363889"}],"wp:attachment":[{"href":"https:\/\/diariodominicano.com\/index.php?rest_route=%2Fwp%2Fv2%2Fmedia&parent=363888"}],"wp:term":[{"taxonomy":"category","embeddable":true,"href":"https:\/\/diariodominicano.com\/index.php?rest_route=%2Fwp%2Fv2%2Fcategories&post=363888"},{"taxonomy":"post_tag","embeddable":true,"href":"https:\/\/diariodominicano.com\/index.php?rest_route=%2Fwp%2Fv2%2Ftags&post=363888"}],"curies":[{"name":"wp","href":"https:\/\/api.w.org\/{rel}","templated":true}]}}