{"id":36387,"date":"2008-02-18T20:18:46","date_gmt":"2008-02-18T20:18:46","guid":{"rendered":"http:\/\/diariodominicano.ddns.net\/?p=36387"},"modified":"2008-02-18T20:18:46","modified_gmt":"2008-02-18T20:18:46","slug":"el-lider-frente-a-la-violencia-social","status":"publish","type":"post","link":"https:\/\/diariodominicano.com\/?p=36387","title":{"rendered":"El L\u00edder frente a la Violencia Social"},"content":{"rendered":"<p><body><\/p>\n<p class=\"titulogrande1\"><strong>El  L\u00edder frente a la Violencia Social<\/strong><\/p>\n<p>&#13;<\/p>\n<p align=\"justify\" class=\"text1noticias\">Uno de los m\u00e1s graves problemas que debe enfrentar el  l\u00edder pol\u00edtico que esta dirigiendo el Estado, en la actualidad, son los niveles  de violencias que registran las sociedades latinoamericanas y el mundo. \u00bfPor  qu\u00e9 han aumentado los niveles de violencias y cu\u00e1les son las causas\u00a0 que est\u00e1n impulsando ese crecimiento de la  violencia en el seno de las\u00a0 sociedades  latinoamericanas? La respuesta a esta pregunta es simple. La gente esta  insatisfecha con los liderazgos pol\u00edticos porque las promesas\u00a0 electorales hechas por estos, antes de  acceder al poder son olvidadas, una vez ese l\u00edder y su organizaci\u00f3n llega al  gobierno. <\/p>\n<p>&#13;<\/p>\n<p align=\"justify\" class=\"text1noticias\">De esa manera los denominados programas sociales, que  deben aplicarse a trav\u00e9s de la educaci\u00f3n, las salud, las obras publicas, las  viviendas y los empleos para personas pobres y de clases medias\u00a0 son olvidados\u00a0  y esas promesas electorales olvidadas van incidiendo, de forma negativa,  en el animo y sentimientos\u00a0 de la gente.  Por esa raz\u00f3n, vemos que en la actualidad la falta de credibilidad en muchos  dirigentes y l\u00edderes pol\u00edticos se ha acentuado en el seno de la poblaci\u00f3n,  porque ve la falta de vocaci\u00f3n de servicio que exhiben muchos dirigentes en sus  comunidades.<\/p>\n<p>&#13;<\/p>\n<p align=\"justify\" class=\"text1noticias\">Todo  l\u00edder pol\u00edtico que busca incidir en las masas que se aglutinan, de forma  mayoritaria, en los sectores de clases medias, pobres e indigentes, debe  fundamentar esa incidencia en su trabajo a\u00a0  favor de esos sectores, de manera que pueda forjar un\u00a0 liderazgo basado en la influencia que surge  por su vocaci\u00f3n de servicio a esos sectores sociales.<\/p>\n<p>&#13;<\/p>\n<p align=\"justify\" class=\"text1noticias\">En  la actualidad las sociedades latinoamericanas tienen mayores \u00edndices de robos,  asaltos, secuestros y mayor consumo de drogas. En otras palabras la violencia  ha aumentado de forma progresiva, debido a que el abandono de los programas  sociales que deben implementar los gobiernos, est\u00e1n dando origen al crecimiento  de grupos sociales desprotegidos, que al sentirse abandonados por la ineficacia  del Estado recurren al implemento de m\u00e9todos que les\u00a0 permitan obtener por medio ilegales y  violentos lo que el Estado les esta negando, debido a que la mayor\u00eda de las  veces los recursos econ\u00f3micos del Estado que deben de ir a favorecer\u00a0 a esos sectores son desviados hacia la corrupci\u00f3n  administrativa que ha ido permeando a la mayor\u00eda de gobiernos latinoamericanos  americanos.<\/p>\n<p>&#13;<\/p>\n<p align=\"justify\" class=\"text1noticias\">Las  insatisfacciones que experimentan los sectores medios, pobres e indigentes de  las sociedades latinoamericanas no s\u00f3lo se expresan en la falta de empleos,  viviendas y educaci\u00f3n, sino que los incumplimientos de gobiernos sucesivos se  expresan, en el presente con mayor \u00e9nfasis, en el hambre que sufren grandes  grupos de latinoamericanos. Por eso, el l\u00edder que\u00a0 no tome en cuenta esta realidad presente en  nuestro continente ira perdiendo su espacio en el seno de la sociedad donde  esta ejerciendo su liderazgo. <\/p>\n<p>&#13;<\/p>\n<p align=\"justify\" class=\"text1noticias\">En  relaci\u00f3n a los programas sociales incumplidos, la educaci\u00f3n es un rengl\u00f3n muy  importante, ya que cuando un ni\u00f1o o adolescente no puede asistir a una aula  escolar, porque los recursos econ\u00f3micos que genera el Estado, a trav\u00e9s del  cobro de impuestos, son destinados\u00a0 a un  uso diferente al que debe d\u00e1rsele, y muchas veces ese uso esta\u00a0 relacionado con la corrupci\u00f3n desenfrenada\u00a0 de los grupos que controlan el poder, el  l\u00edder pol\u00edtico que no sea capaz de ver lo negativo que resultan esas practicas  para el crecimiento de la naci\u00f3n y de su liderazgo, corre el riesgo de ver  desaparecer su incidencia en la sociedad.<\/p>\n<p>&#13;<\/p>\n<p align=\"justify\" class=\"text1noticias\">Todo  l\u00edder debe estar consciente que los niveles de violencias que registra la  sociedad s\u00f3lo tienen posibilidad\u00a0 de ser  disminuidos si sus causas son atacadas en sus ra\u00edces\u00a0 y las ra\u00edces de la violencia se encuentran en  las insatisfacciones de la gente\u00a0 ante  los gobiernos sucesivos que han  gobernado en Am\u00e9rica Latina en por los menos los \u00faltimos 50 a\u00f1os.<\/p>\n<p>&#13;<\/p>\n<p align=\"justify\" class=\"text1noticias\">Hasta  que la crisis econ\u00f3mica y moral que registran las sociedades latinoamericanas  no sea enfrentada por los l\u00edderes y los gobiernos no hay posibilidad de que la  misma pueda comenzar a\u00a0 disminuir su  impacto en los grupos m\u00e1s desprotegidos de la regi\u00f3n. <\/p>\n<p>&#13;<\/p>\n<p align=\"justify\" class=\"text1noticias\">Adem\u00e1s,  todo l\u00edder pol\u00edtico debe tener presente que las crisis econ\u00f3micas,  dependiendo\u00a0 de su profundidad, son las  que dan origen a los acontecimientos pol\u00edticos que generan los cambios al  interior de los sistemas pol\u00edticos y de la sociedad. Por eso si Latinoam\u00e9rica y  sus gobernantes no hacen esfuerzos para superar la crisis econ\u00f3mica que impide  que m\u00e1s de la mitad de la poblaci\u00f3n de la regi\u00f3n no tenga niveles de  subsistencias\u00a0 m\u00ednimos, corre el riesgo  de pasar de una crisis econ\u00f3mica manejable a una crisis\u00a0 con tendencias hacia el cambios pol\u00edticos que  pueden modificar de forma sustancial sus sistemas pol\u00edticos.<\/p>\n<p>&#13;<\/p>\n<p align=\"justify\" class=\"text1noticias\">En  cuanto a la crisis econ\u00f3mica que vienen atravesando la mayor\u00eda de pa\u00edses  latinoamericanos, de nada vale que el capitalismo prevaleciente en estos  pa\u00edses, como sistema pol\u00edtico representativo, tenga mayores niveles de  desarrollo tecnol\u00f3gicos, si esas tecnolog\u00edas no benefician a los sectores  sociales mayoritarios de estas sociedades. Por eso, todo l\u00edder pol\u00edtico debe  jugar su rol, en el sentido de que el Estado debe ser un garante\u00a0 para que tanto las riquezas\u00a0 como las tecnolog\u00edas\u00a0 lleguen a la mayor\u00eda de sectores sociales y  econ\u00f3micos de estas naciones latinoamericanas.<\/p>\n<p>&#13;<\/p>\n<p align=\"justify\" class=\"text1noticias\">En la \u00e9poca actual en que la inform\u00e1tica ha  venido a representar una verdadera revoluci\u00f3n en el avance y crecimiento de las  sociedades ricas y pobres , si los lideres pol\u00edticos, que dirigen el Estado no  toman conciencia de que s\u00f3lo una inversi\u00f3n real en educaci\u00f3n, facilitando los  recursos econ\u00f3micos\u00a0 para implementar un  proceso educativo integral pueden garantizar un sistema educativo eficiente, no  hay posibilidad real de que los pa\u00edses latinoamericanos puedan avanzar en el  combate a la violencia y la criminalidad. Es importante poner a disposici\u00f3n del  sistema educativo infraestructuras apropiadas para el alojamiento de los  estudiantes y luego facilitar los equipos y los programas para que los recursos  humanos sean preparados, tanto como asesores y conductores\u00a0 del nuevo proceso educativo que\u00a0 se desea poner en marcha. <\/p>\n<p>&#13;<\/p>\n<p align=\"justify\" class=\"text1noticias\">Lo  primero es crear\u00a0 las condiciones para  que tanto instructores, profesores y estudiantes puedan estudiar en condiciones  favorables al aprendizaje en un ambiente que ayude a los estudiantes a  interiorizar conocimientos, ya que si las condiciones o en el ambiente escolar  no favorecen el aprendizaje, por las malas condiciones de los centros  escolares, el beneficio de la nueva y avanzada tecnolog\u00eda no juega ninguna  funci\u00f3n en el crecimiento de la educaci\u00f3n como sistema educativo. El l\u00edder  pol\u00edtico que dirige el Estado\u00a0 debe tener  presente que de nada vale a un pa\u00eds estar rodeado de computadoras y de nuevas  tecnolog\u00edas si las condiciones necesarias para desarrollar un proceso educativo  integral no son creadas por el Estado y el l\u00edder que lo esta dirigiendo.<\/p>\n<p>&#13;<\/p>\n<p align=\"justify\" class=\"text1noticias\">El  l\u00edder pol\u00edtico debe tener presente\u00a0 que  las condiciones necesarias para el desarrollo de cualquier tipo de  sociedad\u00a0 s\u00f3lo pueden ser creadas por una  educaci\u00f3n de calidad de sus ciudadanos, sin la preparaci\u00f3n de los recursos  humanos ninguna naci\u00f3n logra crecer, sin embargo ese proceso educativo debe ser  integral, en el sentido de que tanto la educaci\u00f3n formal que promueve el Estado  en las escuelas,\u00a0 colegios,\u00a0 liceos y universidades\u00a0 debe auxiliarse de la tecnolog\u00eda y  desarrollarse en un ambiente m\u00ednimamente adecuado para\u00a0 llevar a cabo el proceso educativo.<\/p>\n<p>&#13;<\/p>\n<p align=\"justify\" class=\"text1noticias\">Cuando  el proceso educativo sea visto de forma integral por los lideres pol\u00edticos se  comenzaran a formar los recursos humanos que de m\u00e1s en m\u00e1s se alejaran de la  violencia, sin embargo si s\u00f3lo se ve el desarrollo de la educaci\u00f3n y del  ciudadano en sentido simplista y s\u00f3lo se concibe que su avance esta \u00fanicamente  ligado al contacto de algunos estudiantes con un equipo de computadora, no  habr\u00e1 posibilidad de avanzar en la disminuci\u00f3n de los niveles de violencia que  registran las naciones latinoamericanas. <br \/>&#13;<br \/>\n\u00a0\u00a0\u00a0 <br \/>&#13;<br \/>\n  <strong>Evelio Arroyo es Sociologo, Abogado y  Escritor. Estos temas son publicados de su libro \u201cLideres y Liderazgos\u201d<\/strong><\/p>\n<p>&#13;<\/p>\n<h6> 2008-02-18 20:18:46 <\/h6>\n<p><!--\n<link rel=\"stylesheet\" href=\"css\/bootstrap.min.css\">\n\n\n<ul class=\"pagination\">\n\t    \n\t\n\n<li >\n\t<a href='?page_no=12254'>Previous<\/a>\n\t<\/li>\n\n\n       \n    \n\n<li><a href='?page_no=1'>1<\/a><\/li>\n\n\n\n<li><a href='?page_no=2'>2<\/a><\/li>\n\n\n\n<li><a>...<\/a><\/li>\n\n\n\n<li><a href='?page_no=12253'>12253<\/a><\/li>\n\n\n\n<li><a href='?page_no=12254'>12254<\/a><\/li>\n\n\n\n<li class='active'><a>12255<\/a><\/li>\n\n\n\n<li><a href='?page_no=12256'>12256<\/a><\/li>\n\n\n\n<li><a href='?page_no=12257'>12257<\/a><\/li>\n\n\n\n<li><a>...<\/a><\/li>\n\n\n\n<li><a href='?page_no=13611'>13611<\/a><\/li>\n\n\n\n<li><a href='?page_no=13612'>13612<\/a><\/li>\n\n    \n\t\n\n<li >\n\t<a href='?page_no=12256'>Next<\/a>\n\t<\/li>\n\n\n    \n\n<li><a href='?page_no=13612'>Last &rsaquo;&rsaquo;<\/a><\/li>\n\n<\/ul>\n\n\n--><br \/>\n<\/body><\/p>\n","protected":false},"excerpt":{"rendered":"<p>El L\u00edder frente a la Violencia Social &#13; Uno de los m\u00e1s graves problemas que debe enfrentar el l\u00edder pol\u00edtico que esta dirigiendo el Estado, en la actualidad, son los niveles de violencias que registran las sociedades latinoamericanas y el mundo. \u00bfPor qu\u00e9 han aumentado los niveles de violencias y cu\u00e1les son las causas\u00a0 que [&hellip;]<\/p>\n","protected":false},"author":3,"featured_media":0,"comment_status":"open","ping_status":"open","sticky":false,"template":"","format":"standard","meta":{"footnotes":""},"categories":[16],"tags":[],"class_list":["post-36387","post","type-post","status-publish","format-standard","hentry","category-opiniones"],"_links":{"self":[{"href":"https:\/\/diariodominicano.com\/index.php?rest_route=\/wp\/v2\/posts\/36387","targetHints":{"allow":["GET"]}}],"collection":[{"href":"https:\/\/diariodominicano.com\/index.php?rest_route=\/wp\/v2\/posts"}],"about":[{"href":"https:\/\/diariodominicano.com\/index.php?rest_route=\/wp\/v2\/types\/post"}],"author":[{"embeddable":true,"href":"https:\/\/diariodominicano.com\/index.php?rest_route=\/wp\/v2\/users\/3"}],"replies":[{"embeddable":true,"href":"https:\/\/diariodominicano.com\/index.php?rest_route=%2Fwp%2Fv2%2Fcomments&post=36387"}],"version-history":[{"count":0,"href":"https:\/\/diariodominicano.com\/index.php?rest_route=\/wp\/v2\/posts\/36387\/revisions"}],"wp:attachment":[{"href":"https:\/\/diariodominicano.com\/index.php?rest_route=%2Fwp%2Fv2%2Fmedia&parent=36387"}],"wp:term":[{"taxonomy":"category","embeddable":true,"href":"https:\/\/diariodominicano.com\/index.php?rest_route=%2Fwp%2Fv2%2Fcategories&post=36387"},{"taxonomy":"post_tag","embeddable":true,"href":"https:\/\/diariodominicano.com\/index.php?rest_route=%2Fwp%2Fv2%2Ftags&post=36387"}],"curies":[{"name":"wp","href":"https:\/\/api.w.org\/{rel}","templated":true}]}}