{"id":36384,"date":"2008-02-19T12:29:39","date_gmt":"2008-02-19T12:29:39","guid":{"rendered":"http:\/\/diariodominicano.ddns.net\/?p=36384"},"modified":"2008-02-19T12:29:39","modified_gmt":"2008-02-19T12:29:39","slug":"mensaje-del-comandante-en-jefe-2","status":"publish","type":"post","link":"https:\/\/diariodominicano.com\/?p=36384","title":{"rendered":"Mensaje del Comandante en Jefe"},"content":{"rendered":"<p><body><\/p>\n<p align=\"justify\"><strong class=\"titulogrande1\">Mensaje  del Comandante en Jefe<\/strong> <br \/>&#13;<br \/>\n  <br \/>&#13;<br \/>\n    <span class=\"text1noticias\">Queridos compatriotas:<br \/>&#13;<br \/>\n    <br \/>&#13;<br \/>\n    Les promet\u00ed el pasado viernes 15 de  febrero que en la pr\u00f3xima reflexi\u00f3n abordar\u00eda un tema de inter\u00e9s para muchos  compatriotas. La misma adquiere esta vez forma de mensaje.<br \/>&#13;<br \/>\n    <br \/>&#13;<br \/>\n    Ha llegado el momento de postular y  elegir al Consejo de Estado, su Presidente, Vicepresidentes y Secretario.<br \/>&#13;<br \/>\n    <br \/>&#13;<br \/>\n    Desempe\u00f1\u00e9 el honroso cargo de  Presidente a lo largo de muchos a\u00f1os. El 15 de febrero de 1976 se aprob\u00f3 la  Constituci\u00f3n Socialista por voto libre, directo y secreto de m\u00e1s del 95% de los  ciudadanos con derecho a votar. La primera Asamblea Nacional se constituy\u00f3 el 2  de diciembre de ese a\u00f1o y eligi\u00f3 el Consejo de Estado y su Presidencia. Antes  hab\u00eda ejercido el cargo de Primer Ministro durante casi 18 a\u00f1os. Siempre  dispuse de las prerrogativas necesarias para llevar adelante la obra  revolucionaria con el apoyo de la inmensa mayor\u00eda del pueblo.<br \/>&#13;<br \/>\n    <br \/>&#13;<br \/>\n    Conociendo mi estado cr\u00edtico de salud,  muchos en el exterior pensaban que la renuncia provisional al cargo de  Presidente del Consejo de Estado el 31 de julio de 2006, que dej\u00e9 en manos del  Primer Vicepresidente, Ra\u00fal Castro Ruz, era definitiva. El propio Ra\u00fal, quien  adicionalmente ocupa el cargo de Ministro de las F.A.R. por m\u00e9ritos personales,  y los dem\u00e1s compa\u00f1eros de la direcci\u00f3n del Partido y el Estado, fueron  renuentes a considerarme apartado de mis cargos a pesar de mi estado precario  de salud.<br \/>&#13;<br \/>\n    <br \/>&#13;<br \/>\n    Era inc\u00f3moda mi posici\u00f3n frente a un  adversario que hizo todo lo imaginable por deshacerse de m\u00ed y en nada me  agradaba complacerlo.<br \/>&#13;<br \/>\n    <br \/>&#13;<br \/>\n    M\u00e1s adelante pude alcanzar de nuevo el  dominio total de mi mente, la posibilidad de leer y meditar mucho, obligado por  el reposo. Me acompa\u00f1aban las fuerzas f\u00edsicas suficientes para escribir largas  horas, las que compart\u00eda con la rehabilitaci\u00f3n y los programas pertinentes de  recuperaci\u00f3n. Un elemental sentido com\u00fan me indicaba que esa actividad estaba a  mi alcance. <br \/>&#13;<br \/>\n    <br \/>&#13;<br \/>\n    Por otro lado me preocup\u00f3 siempre, al hablar de mi salud, evitar  ilusiones que en el caso de un desenlace adverso, traer\u00edan noticias traum\u00e1ticas  a nuestro pueblo en medio de la batalla. <br \/>&#13;<br \/>\n    <br \/>&#13;<br \/>\n    Prepararlo para mi ausencia,  sicol\u00f3gica y pol\u00edticamente, era mi primera obligaci\u00f3n despu\u00e9s de tantos a\u00f1os de  lucha. Nunca dej\u00e9 de se\u00f1alar que se trataba de una recuperaci\u00f3n \u00abno exenta  de riesgos\u00bb.<br \/>&#13;<br \/>\n    <br \/>&#13;<br \/>\n    Mi deseo fue siempre cumplir el deber  hasta el \u00faltimo aliento. Es lo que puedo ofrecer.<br \/>&#13;<br \/>\n    <br \/>&#13;<br \/>\n    A mis entra\u00f1ables compatriotas, que me  hicieron el inmenso honor de elegirme en d\u00edas recientes como miembro del  Parlamento, en cuyo seno se deben adoptar acuerdos importantes para el destino  de nuestra Revoluci\u00f3n, les comunico que no aspirar\u00e9 ni aceptar\u00e9- repito- no  aspirar\u00e9 ni aceptar\u00e9, el cargo de Presidente del Consejo de Estado y Comandante  en Jefe.<br \/>&#13;<br \/>\n    <br \/>&#13;<br \/>\n    En breves cartas dirigidas a Randy  Alonso, Director del programa Mesa Redonda de la Televisi\u00f3n Nacional, que a  solicitud m\u00eda fueron divulgadas, se inclu\u00edan discretamente elementos de este  mensaje que hoy escribo, y ni siquiera el destinatario de las misivas conoc\u00eda  mi prop\u00f3sito. Ten\u00eda confianza en Randy porque lo conoc\u00ed bien cuando era  estudiante universitario de Periodismo, y me reun\u00eda casi todas las semanas con  los representantes principales de los estudiantes universitarios, de lo que ya  era conocido como el interior del pa\u00eds, en la biblioteca de la amplia casa de  Kohly, donde se albergaban. Hoy todo el pa\u00eds es una inmensa Universidad.<br \/>&#13;<br \/>\n    <br \/>&#13;<br \/>\n    P\u00e1rrafos seleccionados de la carta  enviada a Randy el 17 de diciembre de 2007: <br \/>&#13;<br \/>\n    <br \/>\u00abMi m\u00e1s profunda convicci\u00f3n es  que las respuestas a los problemas actuales de la sociedad cubana, que posee un  promedio educacional cercano a 12 grados, casi un mill\u00f3n de graduados  universitarios y la posibilidad real de estudio para sus ciudadanos sin  discriminaci\u00f3n alguna, requieren m\u00e1s variantes de respuesta para cada problema  concreto que las contenidas en un tablero de ajedrez. Ni un solo detalle se  puede ignorar, y no se trata de un camino f\u00e1cil, si es que la inteligencia del  ser humano en una sociedad revolucionaria ha de prevalecer sobre sus instintos.<br \/>&#13;<br \/>\n    <br \/>\u00abMi deber elemental no es  aferrarme a cargos, ni mucho menos obstruir el paso a personas m\u00e1s j\u00f3venes,  sino aportar experiencias e ideas cuyo modesto valor proviene de la \u00e9poca  excepcional que me toc\u00f3 vivir.<br \/>&#13;<br \/>\n    <br \/>\u00abPienso como Niemeyer que hay que  ser consecuente hasta el final.\u00bb<br \/>&#13;<br \/>\n    <br \/>&#13;<br \/>\n    Carta del 8 de enero de 2008: <br \/>&#13;<br \/>\n    <br \/>\u00ab&#8230;Soy decidido partidario del <u>voto  unido<\/u> (un principio que preserva el m\u00e9rito ignorado). Fue lo que nos  permiti\u00f3 evitar las tendencias a copiar lo que ven\u00eda de los pa\u00edses del antiguo  campo socialista, entre ellas el retrato de un candidato \u00fanico, tan solitario  como a la vez tan solidario con Cuba. Respeto mucho aquel primer intento de  construir el socialismo, gracias al cual pudimos continuar el camino  escogido.\u00bb<br \/>&#13;<br \/>\n    <br \/>\u00abTen\u00eda muy presente que toda la  gloria del mundo cabe en un grano de ma\u00edz\u00bb, reiteraba en aquella carta.<br \/>&#13;<br \/>\n    <br \/>&#13;<br \/>\nTraicionar\u00eda por tanto mi conciencia  ocupar una responsabilidad que requiere movilidad y entrega total que no estoy  en condiciones f\u00edsicas de ofrecer. Lo explico sin dramatismo. <br \/>&#13;<br \/>\n<br \/>&#13;<br \/>\nAfortunadamente nuestro proceso cuenta  todav\u00eda con cuadros de la vieja guardia, junto a otros que eran muy j\u00f3venes  cuando se inici\u00f3 la primera etapa de la Revoluci\u00f3n. Algunos casi ni\u00f1os se  incorporaron a los combatientes de las monta\u00f1as y despu\u00e9s, con su hero\u00edsmo y  sus misiones internacionalistas, llenaron de gloria al pa\u00eds. Cuentan con la  autoridad y la experiencia para garantizar el reemplazo. Dispone igualmente  nuestro proceso de la generaci\u00f3n intermedia que aprendi\u00f3 junto a nosotros los  elementos del complejo y casi inaccesible arte de organizar y dirigir una  revoluci\u00f3n.<br \/>&#13;<br \/>\n<br \/>&#13;<br \/>\nEl camino siempre ser\u00e1 dif\u00edcil y  requerir\u00e1 el esfuerzo inteligente de todos. Desconf\u00edo de las sendas aparentemente  f\u00e1ciles de la apolog\u00e9tica, o la autoflagelaci\u00f3n como ant\u00edtesis.<br \/>&#13;<br \/>\n<br \/> &#13;<br \/>\nPrepararse  siempre para la peor de las variantes. Ser tan prudentes en el \u00e9xito como  firmes en la adversidad es un principio que no puede olvidarse. El adversario a  derrotar es sumamente fuerte, pero lo hemos mantenido a raya durante medio  siglo.<br \/>&#13;<br \/>\n<br \/>&#13;<br \/>\nNo me despido de ustedes. Deseo solo  combatir como un soldado de las ideas. Seguir\u00e9 escribiendo bajo el t\u00edtulo  \u00abReflexiones del compa\u00f1ero Fidel\u00bb . Ser\u00e1 un arma m\u00e1s del arsenal con  la cual se podr\u00e1 contar. Tal vez mi voz se escuche. Ser\u00e9 cuidadoso.<br \/>&#13;<br \/>\n<br \/>&#13;<br \/>\n    Gracias<br \/>&#13;<br \/>\n    <br \/>&#13;<br \/>\n    Fidel  Castro Ruz<br \/>&#13;<br \/>\n    <br \/>&#13;<br \/>\n18  de febrero de 2008<\/span><\/p>\n<p>&#13;<\/p>\n<h6> 2008-02-19 12:29:39 <\/h6>\n<p><!--\n<link rel=\"stylesheet\" href=\"css\/bootstrap.min.css\">\n\n\n<ul class=\"pagination\">\n\t    \n\t\n\n<li >\n\t<a href='?page_no=12251'>Previous<\/a>\n\t<\/li>\n\n\n       \n    \n\n<li><a href='?page_no=1'>1<\/a><\/li>\n\n\n\n<li><a href='?page_no=2'>2<\/a><\/li>\n\n\n\n<li><a>...<\/a><\/li>\n\n\n\n<li><a href='?page_no=12250'>12250<\/a><\/li>\n\n\n\n<li><a href='?page_no=12251'>12251<\/a><\/li>\n\n\n\n<li class='active'><a>12252<\/a><\/li>\n\n\n\n<li><a href='?page_no=12253'>12253<\/a><\/li>\n\n\n\n<li><a href='?page_no=12254'>12254<\/a><\/li>\n\n\n\n<li><a>...<\/a><\/li>\n\n\n\n<li><a href='?page_no=13611'>13611<\/a><\/li>\n\n\n\n<li><a href='?page_no=13612'>13612<\/a><\/li>\n\n    \n\t\n\n<li >\n\t<a href='?page_no=12253'>Next<\/a>\n\t<\/li>\n\n\n    \n\n<li><a href='?page_no=13612'>Last &rsaquo;&rsaquo;<\/a><\/li>\n\n<\/ul>\n\n\n--><br \/>\n<\/body><\/p>\n","protected":false},"excerpt":{"rendered":"<p>Mensaje del Comandante en Jefe &#13; &#13; Queridos compatriotas:&#13; &#13; Les promet\u00ed el pasado viernes 15 de febrero que en la pr\u00f3xima reflexi\u00f3n abordar\u00eda un tema de inter\u00e9s para muchos compatriotas. La misma adquiere esta vez forma de mensaje.&#13; &#13; Ha llegado el momento de postular y elegir al Consejo de Estado, su Presidente, Vicepresidentes [&hellip;]<\/p>\n","protected":false},"author":3,"featured_media":0,"comment_status":"open","ping_status":"open","sticky":false,"template":"","format":"standard","meta":{"footnotes":""},"categories":[16],"tags":[],"class_list":["post-36384","post","type-post","status-publish","format-standard","hentry","category-opiniones"],"_links":{"self":[{"href":"https:\/\/diariodominicano.com\/index.php?rest_route=\/wp\/v2\/posts\/36384","targetHints":{"allow":["GET"]}}],"collection":[{"href":"https:\/\/diariodominicano.com\/index.php?rest_route=\/wp\/v2\/posts"}],"about":[{"href":"https:\/\/diariodominicano.com\/index.php?rest_route=\/wp\/v2\/types\/post"}],"author":[{"embeddable":true,"href":"https:\/\/diariodominicano.com\/index.php?rest_route=\/wp\/v2\/users\/3"}],"replies":[{"embeddable":true,"href":"https:\/\/diariodominicano.com\/index.php?rest_route=%2Fwp%2Fv2%2Fcomments&post=36384"}],"version-history":[{"count":0,"href":"https:\/\/diariodominicano.com\/index.php?rest_route=\/wp\/v2\/posts\/36384\/revisions"}],"wp:attachment":[{"href":"https:\/\/diariodominicano.com\/index.php?rest_route=%2Fwp%2Fv2%2Fmedia&parent=36384"}],"wp:term":[{"taxonomy":"category","embeddable":true,"href":"https:\/\/diariodominicano.com\/index.php?rest_route=%2Fwp%2Fv2%2Fcategories&post=36384"},{"taxonomy":"post_tag","embeddable":true,"href":"https:\/\/diariodominicano.com\/index.php?rest_route=%2Fwp%2Fv2%2Ftags&post=36384"}],"curies":[{"name":"wp","href":"https:\/\/api.w.org\/{rel}","templated":true}]}}