{"id":36382,"date":"2008-02-19T16:05:36","date_gmt":"2008-02-19T16:05:36","guid":{"rendered":"http:\/\/diariodominicano.ddns.net\/?p=36382"},"modified":"2008-02-19T16:05:36","modified_gmt":"2008-02-19T16:05:36","slug":"las-principales-en-teledebate","status":"publish","type":"post","link":"https:\/\/diariodominicano.com\/?p=36382","title":{"rendered":"LAS PRINCIPALES EN TELEDEBATE"},"content":{"rendered":"<p><body><\/p>\n<p align=\"justify\"><span class=\"titulogrande1\">LAS PRINCIPALES EN TELEDEBATE<\/span> <br \/>&#13;<br \/>\n  <br \/>&#13;<br \/>\n    <span class=\"text1noticias\">Lunes  18,02,08<\/span><\/p>\n<p>&#13;<\/p>\n<p align=\"justify\" class=\"text1noticias\"><strong>DE EJEMPLO.<\/strong> Las elecciones para renovar los mandos en la  Universidad Aut\u00f2noma de Santo Domingo requerir\u00e0n de una segunda vuelta.\u00a0 Franklin Garc\u00eca Ferm\u00ecn y Emma Polanco ser\u00e0n  los contendores al resultar los m\u00e0s votados.\u00a0  Pero lo m\u00e0s destacable es la decencia del proceso y el orden en que se  efectu\u00f2 la primera ronda. \u00a1Ojal\u00e0 sirva de ejemplo!<\/p>\n<p>&#13;<\/p>\n<p align=\"justify\" class=\"text1noticias\"><strong>ESTANCAMIENTO POLITICO.<\/strong> La  campa\u00f1a actual, a criterio de un director de peri\u00f2dico con el que conversamos  el pasado viernes, no resulta m\u00e0s virulenta que las anteriores que hemos  tenido. Cierto y\u00a0 es precisamente lo  preocupante.\u00a0 Que no hemos adelantado lo  m\u00e0s m\u00ecnimo ni en la palabra ni en la acci\u00f2n, clara evidencia del estancamiento  de nuestra clase pol\u00ectica.<\/p>\n<p>&#13;<\/p>\n<p align=\"justify\" class=\"text1noticias\"><strong>UNA CHILATA DE SUBSIDIO.\u00a0 <\/strong>Hogar Crea celebr\u00f2 su nuevo aniversario con  una nutrida eucarist\u00eca.\u00a0 Leopoldo D\u00ecaz  aprovech\u00f2 para destacar que la instituci\u00f2n apenas est\u00e0 recibiendo 33 millones  de pesos de ayuda oficial mientras su presupuesto es de 140. Al presente hay  nada menos que m\u00e0s de 20 mil adultos, j\u00f2venes y ni\u00f1os adictos a distintas  drogas en proceso de rehabilitaci\u00f2n.<\/p>\n<p>&#13;<\/p>\n<p align=\"justify\" class=\"text1noticias\"><strong>MANO DURA:<\/strong> El Cardenal L\u00f2pez  Rodr\u00ecguez apoya que la Polic\u00eca Nacional use mano dura para recuperar las calles  de las de la criminalidad, advirtiendo que la instituci\u00f2n no puede andarse con  \u201ccontemplaciones piadosas\u201d. No es cuesti\u00f2n de respaldar ejecuciones sumarias,  pero tampoco de bajar la guardia frente a los malhechores.<\/p>\n<p>&#13;<\/p>\n<p align=\"justify\" class=\"text1noticias\"><strong>LOS PEORES INDICES.<\/strong>  Precisamente la propia instituci\u00f2n de orden p\u00f9blico revela que los mayores  \u00ecndices de delincuencia en la capital, dentro del Plan de Seguridad  Democr\u00e0tica,\u00a0 se est\u00e0n registrando ahora  mismo en Guachupita, Gualey y Los Guandules, donde en cada uno se cometen de 15  a 20 cr\u00ecmenes por mes y entre 30 y 35 atracos. <\/p>\n<p>&#13;<\/p>\n<p align=\"justify\" class=\"text1noticias\"><strong>REVISION DEL PLAN.\u00a0<\/strong> Lo anterior es raz\u00f2n m\u00e0s que suficiente para  proceder a la r\u00e0pida revisi\u00f2n del Plan, que est\u00e0 recibiendo muchas quejas desde  los propios sectores involucrados, tanto vecinos como l\u00ecderes comunitarios. Lo  plantea tambi\u00e8n Fray Ar\u00ecstides Jim\u00e8nez, encargado de la Pastoral de Prisiones  de la Iglesia Cat\u00f2lica, que lo tilda de fracaso.<\/p>\n<p>&#13;<\/p>\n<p align=\"justify\" class=\"text1noticias\"><strong>SEMANA VIOLENTA:<\/strong>\u00a0 La pasada semana fue de extrema  violencia.\u00a0 Aparte de los cr\u00ecmenes  atribu\u00ecdos a malhechores, algunos de ellos por sus caracter\u00ecsticas aparentemente  ligados al narcotr\u00e0fico,\u00a0 la Polic\u00eca  Nacional di\u00f2 muerte a unos quince presuntos delincuentes. Como si fuese poco,  cuatro menores atrapados vendiendo drogas resultaron heridos cuando se produjo  en enfrentamiento a balazos con agentes de la instituci\u00f2n en Villas Agr\u00eccolas.<\/p>\n<p>&#13;<\/p>\n<p align=\"justify\" class=\"text1noticias\"><strong>DOBLEMENTE CONDENABLE.\u00a0<\/strong> El delito resulta m\u00e0s condenable cuando  involucra a la autoridad. El Procurador de Medio Ambiente de Barahona acusa a  los militares de la zona de ser c\u00f2mplices del trasiego ilegal de carb\u00f2n vegetal  hacia Hait\u00ec. El costo, como es natural, lo paga la foresta criolla depredada  por un grupo de sinverguenzas e irresponsables.<\/p>\n<p>&#13;<\/p>\n<p align=\"justify\" class=\"text1noticias\"><strong>UNA PARA SALCEDO.<\/strong>\u00a0 El S\u00ecndico Roberto Salcedo se anota una a su  favor con el programa de salud para envejecientes en Gualey, donde m\u00e0s de quinientas  personas de edad avanzada que incluye residentes en otros seis sectores, se  est\u00e0n beneficiando con el plan integral que incluye ejercicios f\u00ecsicos,  asistencia m\u00e8dica y apoyo de trabajadores sociales dos veces por semana.\u00a0<br \/>&#13;<br \/>\n  <br \/> &#13;<br \/>\nEn adici\u00f2n, reciben picadera y  refrigerio.\u00a0 <\/p>\n<p>&#13;<\/p>\n<p align=\"justify\" class=\"text1noticias\"><strong>OTRA PARA SALCEDO.\u00a0<\/strong> Otra buena para el Alcalde capitale\u00f1o quien  conjuntamente con el Presidente del Proyecto Turistico Sans Souci, Lisandro  Macarulla, di\u00f2 hoy el primer picazo para el saneamiento y remodelaci\u00f2n de los  parques Juan Bar\u00f2n y Eugenio Mar\u00eca de Hostos, como parte de las labores que se  est\u00e0n ejecutando para convertir Santo Domingo en un gran centro de recibo y  salida de cruceros tur\u00ecsticos.<\/p>\n<p>&#13;<\/p>\n<p align=\"justify\" class=\"text1noticias\"><strong>HONRAR, HONRA.<\/strong>\u00a0 M\u00e0s que merecido el homenaje que la Academia  Dominicana de la Lengua rindi\u00f2 a Fernando Casado por sus aportes a la cultura  nacional.\u00a0 Aparte de su prestigiosa  trayectoria como int\u00e8rprete de hermosas canciones y baladas, en los \u00f9ltimos  a\u00f1os Fernando ha venido realizando una inestimable labor de investigaci\u00f2n  musical.<\/p>\n<p>&#13;<\/p>\n<p align=\"justify\" class=\"text1noticias\"><strong>DOS FERIAS EXITOSAS.\u00a0<\/strong> El Banco de Reservas se anot\u00f2 un gran \u00e8xito  con su feria inmobiliaria donde se cerraron contratos por dos mil 600 millones  de pesos. Por la misma senda triunfal marcha la Feria Agropecuaria que se lleva  a cabo en la Ciudad Ganadera en memoria de Juan Arturo Biaggi. A la exhibici\u00f2n  de excelentes ejemplares de ganado, hay que sumar los bajos precios a que se  est\u00e0n vendiendo muchos productos de la canasta familiar.<\/p>\n<p>&#13;<\/p>\n<p align=\"justify\" class=\"text1noticias\"><strong>D:<\/strong> El Banco Interamericano de  Desarrollo ha donado un mill\u00f2n de d\u00f2lares a los gobiernos de Rep\u00f9blica  Dominicana y Hait\u00ec para hacer frente a la epidemia de influenza aviar, a fin de  evitar que el contagio se extienda.\u00a0 La  Direcci\u00f2n de Ganader\u00eca asegura que se est\u00e0n adoptando todas las medidas requeridas  en ese sentido. Pero Hait\u00ec mantiene la prohibici\u00f2n de entrada a su territorio  de pollos y huevos criollos.<\/p>\n<p>&#13;<\/p>\n<h6> 2008-02-19 16:05:36 <\/h6>\n<p><!--\n<link rel=\"stylesheet\" href=\"css\/bootstrap.min.css\">\n\n\n<ul class=\"pagination\">\n\t    \n\t\n\n<li >\n\t<a href='?page_no=12249'>Previous<\/a>\n\t<\/li>\n\n\n       \n    \n\n<li><a href='?page_no=1'>1<\/a><\/li>\n\n\n\n<li><a href='?page_no=2'>2<\/a><\/li>\n\n\n\n<li><a>...<\/a><\/li>\n\n\n\n<li><a href='?page_no=12248'>12248<\/a><\/li>\n\n\n\n<li><a href='?page_no=12249'>12249<\/a><\/li>\n\n\n\n<li class='active'><a>12250<\/a><\/li>\n\n\n\n<li><a href='?page_no=12251'>12251<\/a><\/li>\n\n\n\n<li><a href='?page_no=12252'>12252<\/a><\/li>\n\n\n\n<li><a>...<\/a><\/li>\n\n\n\n<li><a href='?page_no=13611'>13611<\/a><\/li>\n\n\n\n<li><a href='?page_no=13612'>13612<\/a><\/li>\n\n    \n\t\n\n<li >\n\t<a href='?page_no=12251'>Next<\/a>\n\t<\/li>\n\n\n    \n\n<li><a href='?page_no=13612'>Last &rsaquo;&rsaquo;<\/a><\/li>\n\n<\/ul>\n\n\n--><br \/>\n<\/body><\/p>\n","protected":false},"excerpt":{"rendered":"<p>LAS PRINCIPALES EN TELEDEBATE &#13; &#13; Lunes 18,02,08 &#13; DE EJEMPLO. Las elecciones para renovar los mandos en la Universidad Aut\u00f2noma de Santo Domingo requerir\u00e0n de una segunda vuelta.\u00a0 Franklin Garc\u00eca Ferm\u00ecn y Emma Polanco ser\u00e0n los contendores al resultar los m\u00e0s votados.\u00a0 Pero lo m\u00e0s destacable es la decencia del proceso y el orden [&hellip;]<\/p>\n","protected":false},"author":3,"featured_media":0,"comment_status":"open","ping_status":"open","sticky":false,"template":"","format":"standard","meta":{"footnotes":""},"categories":[16],"tags":[],"class_list":["post-36382","post","type-post","status-publish","format-standard","hentry","category-opiniones"],"_links":{"self":[{"href":"https:\/\/diariodominicano.com\/index.php?rest_route=\/wp\/v2\/posts\/36382","targetHints":{"allow":["GET"]}}],"collection":[{"href":"https:\/\/diariodominicano.com\/index.php?rest_route=\/wp\/v2\/posts"}],"about":[{"href":"https:\/\/diariodominicano.com\/index.php?rest_route=\/wp\/v2\/types\/post"}],"author":[{"embeddable":true,"href":"https:\/\/diariodominicano.com\/index.php?rest_route=\/wp\/v2\/users\/3"}],"replies":[{"embeddable":true,"href":"https:\/\/diariodominicano.com\/index.php?rest_route=%2Fwp%2Fv2%2Fcomments&post=36382"}],"version-history":[{"count":0,"href":"https:\/\/diariodominicano.com\/index.php?rest_route=\/wp\/v2\/posts\/36382\/revisions"}],"wp:attachment":[{"href":"https:\/\/diariodominicano.com\/index.php?rest_route=%2Fwp%2Fv2%2Fmedia&parent=36382"}],"wp:term":[{"taxonomy":"category","embeddable":true,"href":"https:\/\/diariodominicano.com\/index.php?rest_route=%2Fwp%2Fv2%2Fcategories&post=36382"},{"taxonomy":"post_tag","embeddable":true,"href":"https:\/\/diariodominicano.com\/index.php?rest_route=%2Fwp%2Fv2%2Ftags&post=36382"}],"curies":[{"name":"wp","href":"https:\/\/api.w.org\/{rel}","templated":true}]}}