{"id":36379,"date":"2008-02-19T19:44:30","date_gmt":"2008-02-19T19:44:30","guid":{"rendered":"http:\/\/diariodominicano.ddns.net\/?p=36379"},"modified":"2008-02-19T19:44:30","modified_gmt":"2008-02-19T19:44:30","slug":"miguel-vargas-y-la-nueva-politica-macroeconomica-de-su-gobierno","status":"publish","type":"post","link":"https:\/\/diariodominicano.com\/?p=36379","title":{"rendered":"Miguel Vargas y la Nueva Pol\u00edtica Macroecon\u00f3mica de su Gobierno"},"content":{"rendered":"<p><body><\/p>\n<p class=\"titulogrande1\"><strong>Miguel Vargas y la Nueva Pol\u00edtica Macroecon\u00f3mica  de su Gobierno<\/strong><\/p>\n<p>&#13;<\/p>\n<p align=\"justify\" class=\"text1noticias\">Cuando un gobernante busca equilibrar la  econom\u00eda\u00a0 de su pa\u00eds, as\u00ed como tener\u00a0 una pol\u00edtica fiscal, monetaria y de renta que  respondan a las exigencias de un crecimiento econ\u00f3mico sostenido, que logre un  aumento de la producci\u00f3n, \u00a0baja inflaci\u00f3n  y niveles de empleos aceptables, entonces hay un concepto econ\u00f3mico que es de  mucha utilidad para ese objetivo, ese concepto clave es la macroeconom\u00eda, ya  que esta se ocupa del logro de los objetivos globales de la econom\u00eda de una naci\u00f3n  con el fin de que todas las variables macroecon\u00f3micas act\u00faen de forma conjuntas  y con ciertos niveles de equilibrios para lograr el aumento de mayores niveles  de producci\u00f3n de bienes\u00a0 y servicios y en  consecuencia lograr mayores niveles de bienestar para la gente.<\/p>\n<p>&#13;<\/p>\n<p align=\"justify\" class=\"text1noticias\">La macroeconom\u00eda estudia las diferentes  variables econ\u00f3micas de forma conjunta. Si por ejemplo hablamos de la  producci\u00f3n de bienes\u00a0 y servicios, la macroeconom\u00eda  estudia y analiza, de forma global el comportamiento de ese sector, lo mismo  sucede si hablamos de los niveles de empleos. Como podemos apreciar,\u00a0 la macroeconom\u00eda se ocupa de estudiar, de  forma conjunta, el comportamiento de las diferentes variables macroecon\u00f3micas,  que vienen a conformar un todo, para lograr que estas est\u00e9n orientadas a desarrollarse  con los niveles de equilibrios que demanda un sistema econ\u00f3mico, concebido para  obtener crecimiento y bienestar para la gente.<\/p>\n<p>&#13;<\/p>\n<p align=\"justify\" class=\"text1noticias\">De esta manera la macroeconom\u00eda estudia  globalmente las variables macroecon\u00f3mica y al final puede\u00a0 establecer\u00a0  cu\u00e1les sectores de la econom\u00eda nacional se est\u00e1n desempe\u00f1ando con  ciertos niveles de eficiencias o cu\u00e1les\u00a0  se est\u00e1n desenvolviendo por debajo de los niveles de rendimientos deseados,  y de esa forma, visualizando el comportamiento global de las variables macroecon\u00f3micas  se pueden ajustar o equilibrar aquellas variables que no tengan un desempe\u00f1o  acorde con el comportamiento de las dem\u00e1s variables macroecon\u00f3micas que forman  parte del conjunto que debe normar el sistema econ\u00f3mico de la naci\u00f3n.<\/p>\n<p>&#13;<\/p>\n<p align=\"justify\" class=\"text1noticias\">Una pol\u00edtica macroecon\u00f3mica equilibrada,  por ejemplo, puede poner en orden el sistema econ\u00f3mico, cuando haya cualquier  distorsi\u00f3n en una de sus variables. Si, por ejemplo, la combinaci\u00f3n de la  pol\u00edtica monetaria y fiscal no produjeran los niveles de producci\u00f3n y los  niveles empleos proyectados, entonces la macroeconom\u00eda puede ocuparse de  establecer d\u00f3nde\u00a0 han estado las fallas  que no han permitido ese logro y buscar\u00a0  la correcci\u00f3n de dicha distorsi\u00f3n o ese bajo rendimiento.<\/p>\n<p>&#13;<\/p>\n<p align=\"justify\" class=\"text1noticias\">Como se puede apreciar, todas las  medidas\u00a0 que toma un gobierno orientadas  a influir el conjunto de la econom\u00eda de un pa\u00eds es tarea de la macroeconom\u00eda,  Las medidas de todo gobierno que busca resultados macroecon\u00f3micos equilibrados  deben orientarse a que las diferentes variables econ\u00f3micas contribuyan al  crecimiento de la producci\u00f3n, y a fortalecer los niveles de empleos, como  condici\u00f3n necesaria para conseguir niveles de crecimientos de la econom\u00eda que  beneficien al pa\u00eds y a sus gentes.<\/p>\n<p>&#13;<\/p>\n<p align=\"justify\" class=\"text1noticias\">Otro aspecto de mucha importancia del que  se ocupa la macroeconom\u00eda es el comercio internacional, ya que el flujo de  bienes y servicios que entra y sale por las aduanas de un pa\u00eds es determinante  para el desarrollo de una naci\u00f3n., esto debido a que el flujo del comercio se  ha visto aumentado, de forma constante,\u00a0  con los acuerdos de libre comercio que han venido estableci\u00e9ndose entre  las diferentes naciones en estos \u00faltimos a\u00f1os. No debemos olvidar, que a trav\u00e9s del comercio internacional hay un  flujo permanente de capitales, tecnolog\u00edas, bienes de consumo y servicios, que  son el sost\u00e9n del comercio interno de los pa\u00edses\u00a0 en desarrollo, pero, adem\u00e1s, a trav\u00e9s del  comercio internacional es que entran a nuestros pa\u00edses las divisas que vienen a  jugar un rol de primer\u00edsima importancia en el desenvolvimiento de la vida  econ\u00f3mica de nuestras naciones, sobre todo si tomamos en cuenta que estos son  receptores de remesas, provenientes de Estados Unidos y Europa, debido a la  gran cantidad de dominicanas y dominicanos que esta viviendo en esos pa\u00edses.  Por eso, la macroeconom\u00eda debe ocuparse  de que todas las medidas puestas en pr\u00e1ctica en el interior del sistema  econ\u00f3mico, sean c\u00f3nsonas con las medidas  que se tomen para fortalecer la variable macroecon\u00f3mica, representada por el  comercio internacional.<\/p>\n<p>&#13;<\/p>\n<p align=\"justify\" class=\"text1noticias\">Si tomamos en cuenta que la pol\u00edtica  comercial de un gobierno consiste en establecer los aranceles, es decir los  impuestos que se cobran a los bienes y servicios, a las maquinarias y las  tecnolog\u00edas\u00a0 que entran por las aduanas,  es de sumo inter\u00e9s que esos aranceles sean equilibrados para que una vez  comiencen a interactuar con otras variables macroecon\u00f3micas puedan lograr las  metas de conjunto que se han propuesto, a favor del equilibrio que deseamos al  interior del sistema econ\u00f3mico. <\/p>\n<p>&#13;<\/p>\n<p align=\"justify\" class=\"text1noticias\">Lo mismo sucede con la denominada  pol\u00edtica de renta, que no es m\u00e1s que el control sobre los precios de los  bienes\u00a0 y servicios\u00a0 y de los niveles de salarios que deben  prevalecer en el mercado de trabajo. En ese caso la pol\u00edtica de renta tiene que  estar en consonancia con las dem\u00e1s variables macroecon\u00f3micas, para que de  manera global contribuyan al equilibrio de la econom\u00eda en su conjunto. El  equilibrio en el arancel y en la pol\u00edtica de renta garantiza un comercio  internacional\u00a0 con ciertos niveles de  estabilidad y crecimiento, siempre\u00a0 que  las econom\u00edas nacionales de los pa\u00edses pobres\u00a0  busquen y defiendan las ventajas comparativas que poseen al momento de  intercambiar bienes, capitales, servicios y tecnolog\u00edas con otras naciones.<\/p>\n<p>&#13;<\/p>\n<p align=\"justify\" class=\"text1noticias\">Otro aspecto de vital importancia para la  macroeconom\u00eda es la pol\u00edtica fiscal, ya que si hay un uso adecuado de los  ingresos provenientes de los impuestos, tanto las empresas como los ciudadanos  se\u00a0 benefician. Cuando ocurre lo  contrario, o sea cuando ocurre un uso inadecuado de los recursos que paga el  ciudadano en impuesto, en ese caso se reducen los incentivos y beneficios\u00a0 a la empresas y a la gente. Si la pol\u00edtica  fiscal contribuye a reducir\u00a0 las  actividades econ\u00f3micas porque quita dinero a las empresas y a las personas, de  esa manera contribuye a reducir las actividades econ\u00f3micas. Y tambi\u00e9n reduce  los niveles de crecimientos de la econom\u00eda. La falta de solidaridad social del  gobierno estableciendo pol\u00edticas macroecon\u00f3micas que no benefician a la gente  se traduce en ausencia de distribuci\u00f3n del ingreso entre los ciudadanos, por  eso es tarea fundamental de la macroeconom\u00eda velar porque la pol\u00edtica fiscal  sea un instrumento que contribuye al crecimiento y a la solidaridad social. <\/p>\n<p>&#13;<\/p>\n<p align=\"justify\" class=\"text1noticias\">La visi\u00f3n de conjunto que tiene la macroeconom\u00eda  le permite ocuparse, adem\u00e1s, del \u00edndice del precio al consumidor, de esta forma  puede\u00a0 medir el precio de la canasta  familiar, ya que de esa manera puede intervenir en la regulaci\u00f3n de los precios  de la comida, la vivienda y la ropa. El objetivo de la macroeconom\u00eda, en este  caso, es estabilizar los precios de esos productos de consumo masivos.<\/p>\n<p>&#13;<\/p>\n<p align=\"justify\" class=\"text1noticias\">Como hemos podido ver la preocupaci\u00f3n de  un gobierno debe orientarse a \u00a0mantener  las diferentes variables macroecon\u00f3mica en un punto de equilibro, porque de esa  manera\u00a0 la econom\u00eda se mantiene  equilibrada y por tanto la sociedad se desenvuelve en un clima de armon\u00eda\u00a0 social y pol\u00edtica. Esa misma preocupaci\u00f3n es  compartida por el Ing. Miguel Vargas quien ha planteado que tanto la pol\u00edtica  fiscal \u00a0como la pol\u00edtica\u00a0 monetaria deben reformarse para bajar las  altas tasas de impuestos que cobra el presente gobierno y que mantiene  estancada\u00a0 la econom\u00eda y que limita \u00a0hasta niveles insospechados el derecho a comer  que tiene la gente. La presente pol\u00edtica macroecon\u00f3mica\u00a0 somete al fracaso a los diferentes sectores  productivos al no tener posibilidad \u00a0de  reinvertir para ampliar sus empresas y negocios, debido a que el cobro abusivo  de impuestos lo impide. Al hablar de la pol\u00edtica monetaria el Ing. Miguel  Vargas ha dicho que tanto la gente como los empresarios deben disponer de  mayores recursos para hacer frente a las limitaciones\u00a0 econ\u00f3mica a que\u00a0 lo empuja la pol\u00edtica macroecon\u00f3mica de esta  administraci\u00f3n, en donde se habla de un equilibrio macroecon\u00f3mico que ha  empobrecido a la mayor\u00eda del pa\u00eds. Y ha enriquecido a una minor\u00eda pol\u00edtica que  se beneficia de \u201clas bondades\u201d de ese equilibrio macroecon\u00f3mico y del  \u201cprogreso\u201d que hoy se exhibe como un gran trofeo.<\/p>\n<p>&#13;<\/p>\n<p align=\"justify\" class=\"text1noticias\">Otro aspecto de la pol\u00edtica  macroecon\u00f3mica que el Ing. Miguel Vargas se propone llevar a cabo es el que  tiene que ver con la fijaci\u00f3n\u00a0 de una  tasa de inter\u00e9s. En este aspecto esta proponiendo una tasa de inter\u00e9s m\u00e1s baja,  para que los productores nacionales puedan tener acceso a pr\u00e9stamos m\u00e1s  blandos. Para iniciar ese cambio se propone fijar una tasa de inter\u00e9s de 10%  para los pr\u00e9stamos a la producci\u00f3n de alimentos, no un 18% como la actual. De  manera que modificando esos aspectos de la pol\u00edtica macroecon\u00f3mica se propone  dinamizar la econom\u00eda en un corto periodo de tiempo, una vez tome el poder el  16 de Agosto de este a\u00f1o 2008.\u00a0 <\/p>\n<p>&#13;<\/p>\n<p align=\"justify\" class=\"text1noticias\"><strong>Evelio Arroyo es Soci\u00f3logo, Abogado y Escritor. Es,  adem\u00e1s, Director Nacional de Comunicaciones y Estrategias del Movimiento en  L\u00ednea con Miguel, que preside el Dr. Francisco Fern\u00e1ndez-.<\/strong><\/p>\n<p>&#13;<\/p>\n<h6> 2008-02-19 19:44:30 <\/h6>\n<p><!--\n<link rel=\"stylesheet\" href=\"css\/bootstrap.min.css\">\n\n\n<ul class=\"pagination\">\n\t    \n\t\n\n<li >\n\t<a href='?page_no=12247'>Previous<\/a>\n\t<\/li>\n\n\n       \n    \n\n<li><a href='?page_no=1'>1<\/a><\/li>\n\n\n\n<li><a href='?page_no=2'>2<\/a><\/li>\n\n\n\n<li><a>...<\/a><\/li>\n\n\n\n<li><a href='?page_no=12246'>12246<\/a><\/li>\n\n\n\n<li><a href='?page_no=12247'>12247<\/a><\/li>\n\n\n\n<li class='active'><a>12248<\/a><\/li>\n\n\n\n<li><a href='?page_no=12249'>12249<\/a><\/li>\n\n\n\n<li><a href='?page_no=12250'>12250<\/a><\/li>\n\n\n\n<li><a>...<\/a><\/li>\n\n\n\n<li><a href='?page_no=13611'>13611<\/a><\/li>\n\n\n\n<li><a href='?page_no=13612'>13612<\/a><\/li>\n\n    \n\t\n\n<li >\n\t<a href='?page_no=12249'>Next<\/a>\n\t<\/li>\n\n\n    \n\n<li><a href='?page_no=13612'>Last &rsaquo;&rsaquo;<\/a><\/li>\n\n<\/ul>\n\n\n--><br \/>\n<\/body><\/p>\n","protected":false},"excerpt":{"rendered":"<p>Miguel Vargas y la Nueva Pol\u00edtica Macroecon\u00f3mica de su Gobierno &#13; Cuando un gobernante busca equilibrar la econom\u00eda\u00a0 de su pa\u00eds, as\u00ed como tener\u00a0 una pol\u00edtica fiscal, monetaria y de renta que respondan a las exigencias de un crecimiento econ\u00f3mico sostenido, que logre un aumento de la producci\u00f3n, \u00a0baja inflaci\u00f3n y niveles de empleos aceptables, [&hellip;]<\/p>\n","protected":false},"author":3,"featured_media":0,"comment_status":"open","ping_status":"open","sticky":false,"template":"","format":"standard","meta":{"footnotes":""},"categories":[16],"tags":[],"class_list":["post-36379","post","type-post","status-publish","format-standard","hentry","category-opiniones"],"_links":{"self":[{"href":"https:\/\/diariodominicano.com\/index.php?rest_route=\/wp\/v2\/posts\/36379","targetHints":{"allow":["GET"]}}],"collection":[{"href":"https:\/\/diariodominicano.com\/index.php?rest_route=\/wp\/v2\/posts"}],"about":[{"href":"https:\/\/diariodominicano.com\/index.php?rest_route=\/wp\/v2\/types\/post"}],"author":[{"embeddable":true,"href":"https:\/\/diariodominicano.com\/index.php?rest_route=\/wp\/v2\/users\/3"}],"replies":[{"embeddable":true,"href":"https:\/\/diariodominicano.com\/index.php?rest_route=%2Fwp%2Fv2%2Fcomments&post=36379"}],"version-history":[{"count":0,"href":"https:\/\/diariodominicano.com\/index.php?rest_route=\/wp\/v2\/posts\/36379\/revisions"}],"wp:attachment":[{"href":"https:\/\/diariodominicano.com\/index.php?rest_route=%2Fwp%2Fv2%2Fmedia&parent=36379"}],"wp:term":[{"taxonomy":"category","embeddable":true,"href":"https:\/\/diariodominicano.com\/index.php?rest_route=%2Fwp%2Fv2%2Fcategories&post=36379"},{"taxonomy":"post_tag","embeddable":true,"href":"https:\/\/diariodominicano.com\/index.php?rest_route=%2Fwp%2Fv2%2Ftags&post=36379"}],"curies":[{"name":"wp","href":"https:\/\/api.w.org\/{rel}","templated":true}]}}