{"id":36378,"date":"2008-02-19T19:47:38","date_gmt":"2008-02-19T19:47:38","guid":{"rendered":"http:\/\/diariodominicano.ddns.net\/?p=36378"},"modified":"2008-02-19T19:47:38","modified_gmt":"2008-02-19T19:47:38","slug":"miguel-vargas-frente-al-aumento-de-la-violencia","status":"publish","type":"post","link":"https:\/\/diariodominicano.com\/?p=36378","title":{"rendered":"Miguel Vargas frente al aumento de la violencia"},"content":{"rendered":"<p><body><\/p>\n<p class=\"titulogrande1\"><strong>Miguel Vargas frente al aumento de la violencia<\/strong><\/p>\n<p>&#13;<\/p>\n<p align=\"justify\" class=\"text1noticias\">En la actualidad existe una gran  preocupaci\u00f3n en todos los sectores de la sociedad dominicana, por el aumento de  los niveles de\u00a0 violencia, sintetizados  en m\u00e1s robos, m\u00e1s asaltos, m\u00e1s cr\u00edmenes, m\u00e1s drogas, m\u00e1s corrupci\u00f3n publica, en  fin mayores niveles de criminalidad y de inseguridad ciudadana. La gente se  pregunta d\u00f3nde est\u00e1n las ra\u00edces de este mal social, que amenaza de forma  permanente la tranquilidad y la vida de la gente, sin que se vean soluciones de  fondo a esta anomia social.<\/p>\n<p>&#13;<\/p>\n<p align=\"justify\" class=\"text1noticias\">En este sentido, debemos decir que la  causa principal de la espiral de violencia que ha estado azotando al pa\u00eds en  los \u00faltimos tiempos tiene sus\u00a0 ra\u00edces en  el abandono que han sufrido los sectores m\u00e1s vulnerables de la sociedad. \u00bfEsto  quiere decir que la violencia y la criminalidad provienen s\u00f3lo de los sectores  pobres? No. La violencia tiene m\u00faltiples causas que la aumentan o la  disminuyen, pero la principal causa de su crecimiento se debe al hecho de que  hay sectores a los que la mano del Estado no ha acudido para contribuir con el  desarrollo material y cultural de miles de comunidades del pa\u00eds.<\/p>\n<p>&#13;<\/p>\n<p align=\"justify\" class=\"text1noticias\">El aspecto m\u00e1s importante que sirve de  caldo de cultivo al aumento de la violencia es el que tiene que ver con la  falta de educaci\u00f3n de las personas. Es sabido, adem\u00e1s, que en el presente miles  y miles de j\u00f3venes y adolescentes que acuden a los centros de ense\u00f1anzas  publicas y privados no tienen la motivaci\u00f3n necesaria para estudiar. Si tomamos  en cuenta que el 87% de las parejas que forman hogares est\u00e1n divorciados,\u00a0 y por otra parte que muchos de sus hijos  est\u00e1n viviendo con parientes que en muchos casos son t\u00edos, abuelas\u00a0 padrastros etc., esto viene a describir la  falta de motivaci\u00f3n presente en muchos estudiantes que participan del proceso  educativo, no como actores activos, sino como simples receptores pasivos, que  no est\u00e1n interiorizando conocimiento y por tanto no est\u00e1n aprendiendo a pensar,  ni est\u00e1n educ\u00e1ndose para ser personas productivas a la sociedad. <\/p>\n<p>&#13;<\/p>\n<p align=\"justify\" class=\"text1noticias\">Cuando observamos que los grandes centros  urbanos est\u00e1n llenos de personas inmigrantes, que se han desplazado de su  ciudad de origen, en busca de progreso, para venir a formar parte de los  cinturones de miserias\u00a0 que hoy se  aglomeran en los barrios de los sectores pobres\u00a0  de las principales provincias, en este aspecto podemos establecer que  esos son espacios sociales que reproducen delincuencia, porque las personas que  all\u00ed viven\u00a0 no tienen alternativas de  mejor\u00edas ni en sus condiciones de vidas, ni en su nivel educativo y al tener  los caminos cerrados para incorporarse al quehacer productivo, al final optan  por la v\u00eda mas f\u00e1cil para obtener beneficios y subsistencia; esa v\u00eda es la  delincuencia.<\/p>\n<p>&#13;<\/p>\n<p align=\"justify\" class=\"text1noticias\">\u00bfQu\u00e9 hacer entonces frente al aumento de  la violencia? Establecer programas sociales y econ\u00f3micos de asistencia que  ataquen\u00a0 las causas que dan origen al  aumento de la criminalidad. Para eso se necesita un gobernante comprometido con  el bienestar de la gente y consciente de su visi\u00f3n hist\u00f3rica al frente del  Estado. Esta visi\u00f3n debe alejarlo, cada d\u00eda m\u00e1s, de la corrupci\u00f3n y los grupos  que la promueven. La sociedad dominicana necesita como condici\u00f3n n\u00famero uno que  el gobernante de turno asuma el compromiso de gobernar para la gente y que  ponga al servicio de las comunidades m\u00e1s pobres del pa\u00eds\u00a0\u00a0 las inversiones que la corrupci\u00f3n del Estado  les ha quitado en estos \u00faltimos a\u00f1os. Estas son las primeras medidas efectivas  para comenzar a reducir los niveles de violencias imperantes en la sociedad  dominicana.<\/p>\n<p>&#13;<\/p>\n<p align=\"justify\" class=\"text1noticias\">La\u00a0  reducci\u00f3n de los niveles de violencias que registra la sociedad  dominicana\u00a0 s\u00f3lo puede lograrse con  medidas que ataquen ese\u00a0 mal social en  sus ra\u00edces. Las medidas\u00a0 individuales  contra la violencia s\u00f3lo son parches que no tienen ning\u00fan efecto en su  erradicaci\u00f3n o reducci\u00f3n. Cuando se busca el control de los barrios por parte  de las fuerzas p\u00fablicas\u00a0 esas son medidas  parciales de\u00a0 soluci\u00f3n, ya que una vez  esas fuerzas son retiradas de esos sectores los niveles de criminalidad y los  delincuentes vuelven a su posici\u00f3n anterior. Las medidas parciales contra la  violencia se prestan, adem\u00e1s, para distorsiones y extorsiones de los  ciudadanos, ya que muchas veces los ciudadanos detenidos en horas de la noche  tienen que pagar para ser liberados. Por eso,\u00a0  muchas veces las medidas parciales, en vez de ayudar en el combate a la  criminalidad, se convierten en un obst\u00e1culo, que en vez de facilitar el  transito de las personas lo obstaculizan.<\/p>\n<p>&#13;<\/p>\n<p align=\"justify\" class=\"text1noticias\">El Ing. Miguel Vargas plantea que la soluci\u00f3n  al problema del aumento de la violencia debe ser integral y la misma debe  incluir el aspecto preventivo, punitivo, educativo y el equipamiento de las  fuerzas publicas que tienen la tarea de combatir el crimen, ya que si la  violencia es atacada en uno solo de estos aspectos, descuidando los otros, los  resultado de la lucha por disminuir los niveles de violencias no son  satisfactorios, como esta ocurriendo en la actualidad con las medidas del  gobierno que cuando las fuerzas publicas son llevadas a un sector para combatir  la violencia, entonces los delincuentes se mudan a otro.<\/p>\n<p>&#13;<\/p>\n<p align=\"justify\" class=\"text1noticias\">Debemos establecer, adem\u00e1s, que como la  sociedad dominicana, producto del proceso de globalizaci\u00f3n, es m\u00e1s abierta que  en el pasado, eso se traduce en influencias negativas provenientes de otros pa\u00edses,  especialmente los Estados Unidos. Por eso vemos que de all\u00e1 nos llegan cientos  de personas que han delinquido y que son deportados. Por eso el Ing. Miguel  Vargas entiende que la soluci\u00f3n al problema del aumento de la criminalidad cada  d\u00eda es m\u00e1s complejo y por eso esta consciente de que las soluciones al problema  del aumento de la violencia deben ser integrales y no individuales, como esta  ocurriendo en la actualidad. Por eso los escasos resultados obtenidos hasta el  momento por la presente administraci\u00f3n en contra del aumento de la delincuencia  en el pa\u00eds.\u00a0 \u00a0<\/p>\n<p>&#13;<\/p>\n<p align=\"justify\" class=\"text1noticias\"><strong>Evelio Arroyo es Soci\u00f3logo, Abogado y Escritor. Es,  adem\u00e1s, Director Nacional de Comunicaciones y Estrategias del Movimiento en  L\u00ednea con Miguel, que preside el Dr. Francisco Fern\u00e1ndez.<\/strong><\/p>\n<p>&#13;<\/p>\n<h6> 2008-02-19 19:47:38 <\/h6>\n<p><!--\n<link rel=\"stylesheet\" href=\"css\/bootstrap.min.css\">\n\n\n<ul class=\"pagination\">\n\t    \n\t\n\n<li >\n\t<a href='?page_no=12246'>Previous<\/a>\n\t<\/li>\n\n\n       \n    \n\n<li><a href='?page_no=1'>1<\/a><\/li>\n\n\n\n<li><a href='?page_no=2'>2<\/a><\/li>\n\n\n\n<li><a>...<\/a><\/li>\n\n\n\n<li><a href='?page_no=12245'>12245<\/a><\/li>\n\n\n\n<li><a href='?page_no=12246'>12246<\/a><\/li>\n\n\n\n<li class='active'><a>12247<\/a><\/li>\n\n\n\n<li><a href='?page_no=12248'>12248<\/a><\/li>\n\n\n\n<li><a href='?page_no=12249'>12249<\/a><\/li>\n\n\n\n<li><a>...<\/a><\/li>\n\n\n\n<li><a href='?page_no=13611'>13611<\/a><\/li>\n\n\n\n<li><a href='?page_no=13612'>13612<\/a><\/li>\n\n    \n\t\n\n<li >\n\t<a href='?page_no=12248'>Next<\/a>\n\t<\/li>\n\n\n    \n\n<li><a href='?page_no=13612'>Last &rsaquo;&rsaquo;<\/a><\/li>\n\n<\/ul>\n\n\n--><br \/>\n<\/body><\/p>\n","protected":false},"excerpt":{"rendered":"<p>Miguel Vargas frente al aumento de la violencia &#13; En la actualidad existe una gran preocupaci\u00f3n en todos los sectores de la sociedad dominicana, por el aumento de los niveles de\u00a0 violencia, sintetizados en m\u00e1s robos, m\u00e1s asaltos, m\u00e1s cr\u00edmenes, m\u00e1s drogas, m\u00e1s corrupci\u00f3n publica, en fin mayores niveles de criminalidad y de inseguridad ciudadana. [&hellip;]<\/p>\n","protected":false},"author":3,"featured_media":0,"comment_status":"open","ping_status":"open","sticky":false,"template":"","format":"standard","meta":{"footnotes":""},"categories":[16],"tags":[],"class_list":["post-36378","post","type-post","status-publish","format-standard","hentry","category-opiniones"],"_links":{"self":[{"href":"https:\/\/diariodominicano.com\/index.php?rest_route=\/wp\/v2\/posts\/36378","targetHints":{"allow":["GET"]}}],"collection":[{"href":"https:\/\/diariodominicano.com\/index.php?rest_route=\/wp\/v2\/posts"}],"about":[{"href":"https:\/\/diariodominicano.com\/index.php?rest_route=\/wp\/v2\/types\/post"}],"author":[{"embeddable":true,"href":"https:\/\/diariodominicano.com\/index.php?rest_route=\/wp\/v2\/users\/3"}],"replies":[{"embeddable":true,"href":"https:\/\/diariodominicano.com\/index.php?rest_route=%2Fwp%2Fv2%2Fcomments&post=36378"}],"version-history":[{"count":0,"href":"https:\/\/diariodominicano.com\/index.php?rest_route=\/wp\/v2\/posts\/36378\/revisions"}],"wp:attachment":[{"href":"https:\/\/diariodominicano.com\/index.php?rest_route=%2Fwp%2Fv2%2Fmedia&parent=36378"}],"wp:term":[{"taxonomy":"category","embeddable":true,"href":"https:\/\/diariodominicano.com\/index.php?rest_route=%2Fwp%2Fv2%2Fcategories&post=36378"},{"taxonomy":"post_tag","embeddable":true,"href":"https:\/\/diariodominicano.com\/index.php?rest_route=%2Fwp%2Fv2%2Ftags&post=36378"}],"curies":[{"name":"wp","href":"https:\/\/api.w.org\/{rel}","templated":true}]}}