{"id":36377,"date":"2008-02-19T22:09:51","date_gmt":"2008-02-19T22:09:51","guid":{"rendered":"http:\/\/diariodominicano.ddns.net\/?p=36377"},"modified":"2008-02-19T22:09:51","modified_gmt":"2008-02-19T22:09:51","slug":"consolidar-el-progreso","status":"publish","type":"post","link":"https:\/\/diariodominicano.com\/?p=36377","title":{"rendered":"Consolidar el Progreso"},"content":{"rendered":"<p><body><\/p>\n<p align=\"center\"><strong>Frente al retroceso<\/strong><\/p>\n<p>&#13;<\/p>\n<p align=\"center\"><span class=\"titulogrande1\">Consolidar  el Progreso<\/span><br \/>&#13;<br \/>\n  <br \/>&#13;<br \/>\n    <strong>Por: <span class=\"textograndebold\">Luis Fern\u00e1ndez<\/span><\/strong><\/p>\n<p>&#13;<\/p>\n<p align=\"justify\" class=\"text1noticias\">El Pueblo Dominicano deber\u00e1 tomar una importante decisi\u00f3n, cuando acuda a  votar el pr\u00f3ximo 16 de Mayo, ya que deber\u00e1 elegir entre continuar con la actual  administraci\u00f3n, la cual ha sido la responsable de la recuperaci\u00f3n del pa\u00eds o la  pasada que fu\u00e9 la que provoc\u00f3 la mayor crisis econ\u00f3mica y social de los \u00faltimos  tiempos en la   Rep\u00fablica Dominicana.<\/p>\n<p>&#13;<\/p>\n<p align=\"justify\" class=\"text1noticias\">El pa\u00eds tiene una gran ventaja para la toma de esta trascendental decisi\u00f3n  y es que conoce en carne propia los frutos de ambas gestiones de gobierno, la  del PRD-PPH y la del PLD, por lo que es posible comparar y notar las profundas  diferencias de ambas gestiones y como una u otra a perjudicado o beneficiado a  la poblaci\u00f3n y al pa\u00eds.<\/p>\n<p>&#13;<\/p>\n<p align=\"justify\" class=\"text1noticias\">Todos sabemos el desastre que provoc\u00f3 la pasada gesti\u00f3n de gobierno, la  cual no pudo ser peor para los intereses del pueblo y de la naci\u00f3n, a tal punto  que la rep\u00fablica estuvo a punto de colapsar, perdiendo su estabilidad econ\u00f3mica,  la confianza de los organismos internacionales y la credibilidad de las  mayor\u00edas nacionales que vieron afectados sus intereses.<\/p>\n<p>&#13;<\/p>\n<p align=\"justify\" class=\"text1noticias\">Fue frente a esa situaci\u00f3n de caos y desorden que imperaba en el pa\u00eds que  el pueblo se pronunci\u00f3 y eligi\u00f3 al presidente <strong>Leonel Fern\u00e1ndez<\/strong> para dirigir los destinos nacionales y enrumbar la  naci\u00f3n por caminos diferentes a los que desgraciadamente lo condujeron de  manera irresponsable, pol\u00edticos que lo que han hecho siempre es servirse de la pol\u00edtica  para satisfacer sus intereses personales o de grupo y no los intereses de una  patria digna de mejor suerte.<\/p>\n<p>&#13;<\/p>\n<p align=\"justify\" class=\"text1noticias\">El presidente<strong> Leonel Fern\u00e1ndez <\/strong>ha  sabido actuar de cara a la naci\u00f3n y de manera responsable ha recuperado el pa\u00eds,  ha restablecido la confianza de los agentes econ\u00f3micos y de los organismos  internacionales, cumpliendo a cabalidad los acuerdos con el Fondo Monetario  Internacional FMI, ha estabilizado la tasa del dollar,desarrolla un profundo  programa de solidaridad social con los sectores mas necesitados, lo que ha  llevado la tarjeta solidaridad a 300,000 familias dominicanas y construye  escuelas y hospitales en una gran parte del territorio nacional, fortaleciendo  la educaci\u00f3n y la salud bases fundamentales para el desarrollo de la Rep\u00fablica Dominicana.<\/p>\n<p>&#13;<\/p>\n<p align=\"justify\" class=\"text1noticias\">La presente gesti\u00f3n de gobierno ha diferencia de la anterior caracterizada  por la improvisaci\u00f3n y la incapacidad, ha demostrado que es posible avanzar  desarrollando un proyecto de naci\u00f3n, mediante la aplicaci\u00f3n de planes y  programas orientados y dirigidos a beneficiar a la poblaci\u00f3n con un  mejoramiento de su calidad de vida, es por esto que se hace necesario la  continuidad de la presente administraci\u00f3n del Estado, con el fin de consolidar  los logros alcanzados en materia econ\u00f3mica y pol\u00edtica.<\/p>\n<p>&#13;<\/p>\n<p align=\"justify\" class=\"text1noticias\">A esto se oponen las fuerzas del retroceso pepeachista quienes en un vano  empe\u00f1o pretenden, presentarse como corderitos tratando de confundir al pueblo y  enga\u00f1arlo de nuevo, con un discurso vacio , ausente de planes y proyectos y con  una gran dosis de demagogia y de irresponsabilidad politica, proponiendo lo que  no fueron capaces de hacer cuando el pueblo les di\u00f3 la oportunidad de gobernar  y tratando de desacreditar la obra de gobierno del presidente <strong>Leonel Fern\u00e1ndez.<\/strong><\/p>\n<p>&#13;<\/p>\n<p align=\"justify\" class=\"text1noticias\">Estos se\u00f1ores que tratan de pegar a un candidato que no pega una y que no  ha podido avanzar en el electorado, a pesar de tener mas de un a\u00f1o en campa\u00f1a  electoral son victimas de la desesperaci\u00f3n, al ver el fracaso de sus planes  ante el rechazo de la poblaci\u00f3n a sus pretensiones de volver al gobierno y es  que cada vez somos mas lo que rechazamos el retroceso y la vuelta al pasado l\u00fagubre  y pesaroso que signific\u00f3 su paso por el poder.<\/p>\n<p>&#13;<\/p>\n<p align=\"justify\" class=\"text1noticias\">El respaldo popular a la presente gesti\u00f3n del presidente <strong>Leonel Fern\u00e1ndez<\/strong>, se siente en todo el  pa\u00eds, en la encuestas esta en el primer lugar de manera indiscutible, en los  recorridos que realiza por toda la geograf\u00eda nacional el pueblo se manifiesta  de manera mayoritaria, entusiasta y militante, el apoyo de organizaciones y  personalidades crece dia a d\u00eda y cada vez son mas los que se suman de manera  individual, a esta batalla c\u00edvica del pueblo por preservar sus intereses ,su  progreso y su desarrollo.<\/p>\n<p>&#13;<\/p>\n<p align=\"justify\" class=\"text1noticias\">Esto no lo resisten los Pepeachistas que van de fracaso en fracaso y que ha  medida que se acerca el proceso electoral se dan cuenta de la imposibilidad de  derrotar al Dr. <strong>Leonel Fern\u00e1ndez<\/strong> y  de lo inviable que es su vuelta al poder, por esto desarrollan una campa\u00f1a de  descalificaciones, confrontaciones y acusaciones sin pruebas, tratando de  confundir a una poblaci\u00f3n que los conoce muy bien y que mayoritariamente esta  del lado de las fuerzas del progreso.<\/p>\n<p>&#13;<\/p>\n<p align=\"justify\" class=\"text1noticias\">El pa\u00eds ha avanzado y ya no es el mismo de antes, el pueblo Dominicano ya  conoce al cojo sentado y al ciego durmiendo y no esta dispuesto a dejarse  enga\u00f1ar de nuevo por los comerciantes de la pol\u00edtica y por los representantes  del atraso, la naci\u00f3n ha emprendido un nuevo camino de paz, progreso y bienestar  con el Dr. <strong>Leonel Fern\u00e1ndez<\/strong> y  continuar\u00e1 en ese sendero porque es el que le conviene al pa\u00eds y a las mayor\u00edas  nacionales.<\/p>\n<p>&#13;<\/p>\n<p align=\"justify\" class=\"text1noticias\">La decisi\u00f3n del pueblo ser\u00e1 el pr\u00f3ximo 16 de Mayo y se seguro que este se  expresar\u00e1 de manera mayoritaria a favor del triunfo en primera vuelta del Dr. <strong>Leonel Fern\u00e1ndez<\/strong>, premiando una labor  de gobierno, que ha recuperado al pa\u00eds del desastre, el caos y la improvisaci\u00f3n,  derrotando de nuevo a las fuerzas pol\u00edticas que representan el retroceso, que  tanto da\u00f1o le han causado a la naci\u00f3n.<\/p>\n<p>&#13;<\/p>\n<p align=\"justify\" class=\"text1noticias\">La Rep\u00fablica Dominicana seguir\u00e1 avanzando de manera firme y decidida, consolidando el progreso, la  institucionalidad democr\u00e1tica, la estabilidad econ\u00f3mica, el crecimiento y la  ampliaci\u00f3n de los programas sociales, de la mano de una direcci\u00f3n comprometida  con los intereses del pa\u00eds y sus fuerzas vivas.<\/p>\n<p>&#13;<\/p>\n<p align=\"justify\" class=\"text1noticias\"><strong>Luis Fern\u00e1ndez es presidente del  Movimiento Democracia y Desarrollo MDD.<\/strong><\/p>\n<p>&#13;<\/p>\n<h6> 2008-02-19 22:09:51 <\/h6>\n<p><!--\n<link rel=\"stylesheet\" href=\"css\/bootstrap.min.css\">\n\n\n<ul class=\"pagination\">\n\t    \n\t\n\n<li >\n\t<a href='?page_no=12245'>Previous<\/a>\n\t<\/li>\n\n\n       \n    \n\n<li><a href='?page_no=1'>1<\/a><\/li>\n\n\n\n<li><a href='?page_no=2'>2<\/a><\/li>\n\n\n\n<li><a>...<\/a><\/li>\n\n\n\n<li><a href='?page_no=12244'>12244<\/a><\/li>\n\n\n\n<li><a href='?page_no=12245'>12245<\/a><\/li>\n\n\n\n<li class='active'><a>12246<\/a><\/li>\n\n\n\n<li><a href='?page_no=12247'>12247<\/a><\/li>\n\n\n\n<li><a href='?page_no=12248'>12248<\/a><\/li>\n\n\n\n<li><a>...<\/a><\/li>\n\n\n\n<li><a href='?page_no=13611'>13611<\/a><\/li>\n\n\n\n<li><a href='?page_no=13612'>13612<\/a><\/li>\n\n    \n\t\n\n<li >\n\t<a href='?page_no=12247'>Next<\/a>\n\t<\/li>\n\n\n    \n\n<li><a href='?page_no=13612'>Last &rsaquo;&rsaquo;<\/a><\/li>\n\n<\/ul>\n\n\n--><br \/>\n<\/body><\/p>\n","protected":false},"excerpt":{"rendered":"<p>Frente al retroceso &#13; Consolidar el Progreso&#13; &#13; Por: Luis Fern\u00e1ndez &#13; El Pueblo Dominicano deber\u00e1 tomar una importante decisi\u00f3n, cuando acuda a votar el pr\u00f3ximo 16 de Mayo, ya que deber\u00e1 elegir entre continuar con la actual administraci\u00f3n, la cual ha sido la responsable de la recuperaci\u00f3n del pa\u00eds o la pasada que fu\u00e9 [&hellip;]<\/p>\n","protected":false},"author":3,"featured_media":0,"comment_status":"open","ping_status":"open","sticky":false,"template":"","format":"standard","meta":{"footnotes":""},"categories":[16],"tags":[],"class_list":["post-36377","post","type-post","status-publish","format-standard","hentry","category-opiniones"],"_links":{"self":[{"href":"https:\/\/diariodominicano.com\/index.php?rest_route=\/wp\/v2\/posts\/36377","targetHints":{"allow":["GET"]}}],"collection":[{"href":"https:\/\/diariodominicano.com\/index.php?rest_route=\/wp\/v2\/posts"}],"about":[{"href":"https:\/\/diariodominicano.com\/index.php?rest_route=\/wp\/v2\/types\/post"}],"author":[{"embeddable":true,"href":"https:\/\/diariodominicano.com\/index.php?rest_route=\/wp\/v2\/users\/3"}],"replies":[{"embeddable":true,"href":"https:\/\/diariodominicano.com\/index.php?rest_route=%2Fwp%2Fv2%2Fcomments&post=36377"}],"version-history":[{"count":0,"href":"https:\/\/diariodominicano.com\/index.php?rest_route=\/wp\/v2\/posts\/36377\/revisions"}],"wp:attachment":[{"href":"https:\/\/diariodominicano.com\/index.php?rest_route=%2Fwp%2Fv2%2Fmedia&parent=36377"}],"wp:term":[{"taxonomy":"category","embeddable":true,"href":"https:\/\/diariodominicano.com\/index.php?rest_route=%2Fwp%2Fv2%2Fcategories&post=36377"},{"taxonomy":"post_tag","embeddable":true,"href":"https:\/\/diariodominicano.com\/index.php?rest_route=%2Fwp%2Fv2%2Ftags&post=36377"}],"curies":[{"name":"wp","href":"https:\/\/api.w.org\/{rel}","templated":true}]}}