{"id":36375,"date":"2008-02-21T20:48:10","date_gmt":"2008-02-21T20:48:10","guid":{"rendered":"http:\/\/diariodominicano.ddns.net\/?p=36375"},"modified":"2008-02-21T20:48:10","modified_gmt":"2008-02-21T20:48:10","slug":"el-lider-y-la-burguesia-nacional","status":"publish","type":"post","link":"https:\/\/diariodominicano.com\/?p=36375","title":{"rendered":"El L\u00edder y la Burgues\u00eda Nacional"},"content":{"rendered":"<p><body><\/p>\n<p class=\"titulogrande1\"><strong>El L\u00edder y la Burgues\u00eda Nacional<\/strong><\/p>\n<p>&#13;<\/p>\n<p align=\"justify\" class=\"text1noticias\">Uno  de los aspectos que todo l\u00edder pol\u00edtico debe tener presente es la existencia de  los diferentes sectores sociales\u00a0 que  conforman la sociedad donde ejerce su liderazgo y la lucha de clase que se  desarrolla entre \u00e9stos.<\/p>\n<p>&#13;<\/p>\n<p align=\"justify\" class=\"text1noticias\">Las  diferencias sociales y econ\u00f3micas cuando son profundas producen mayores  contradicciones en el seno de la sociedad. Si los sectores que componen los  mismos\u00a0 tienen una brecha muy grande que  separa a los ricos y a los \u00a0pobres, la  lucha de clase\u00a0 se producir\u00e1 en esa misma  proporci\u00f3n.<\/p>\n<p>&#13;<\/p>\n<p align=\"justify\" class=\"text1noticias\">La  importancia que tiene para un l\u00edder pol\u00edtico conocer de la lucha de clase,  radica\u00a0 en que si \u00e9ste, desde el  gobierno, puede ayudar\u00a0 a la disminuci\u00f3n  de las diferencias econ\u00f3micas entre ricos y pobres; de\u00a0 \u00e9sta forma puede\u00a0 lograr\u00a0  mayor equilibrio y paz social para el ejercicio de su liderazgo al  frente\u00a0 del Estado. Si\u00a0 un l\u00edder contribuye, por acci\u00f3n u omisi\u00f3n, a  profundizar las diferencias entre ricos y pobres, de esa manera disminuye su  incidencia social y pol\u00edtica, y en esa misma proporci\u00f3n\u00a0 disminuye la estabilidad y el desarrollo  democr\u00e1tico. <\/p>\n<p>&#13;<\/p>\n<p align=\"justify\" class=\"text1noticias\">Por  eso, aunque el concepto lucha de clases y otros conceptos descubiertos por el  marxismo no tienen la vigencia que tuvieron en el pasado, no por ellos se puede  prescindir de los mismos para el an\u00e1lisis de la sociedad, ya que el m\u00e9todo  marxista para analizar tanto las sociedades actuales como las pasadas o  tradicionales es de mucha utilidad porque se fundamenta en el an\u00e1lisis de la  totalidad social, como realidad hist\u00f3rica, para luego pasar a descomponer y  analizar las partes que conforman ese todo social e hist\u00f3rico. Por eso, aunque  es un m\u00e9todo que postula por una ideolog\u00eda pol\u00edtica que privilegia al Estado  como centro hegem\u00f3nico de la concentraci\u00f3n de la violencia y el control de la  sociedad, no por ello deja de tener vigencia y aciertos, en cuanto a la  producci\u00f3n de conocimientos. <\/p>\n<p>&#13;<\/p>\n<p align=\"justify\" class=\"text1noticias\">La  limitaci\u00f3n del marxismo, como corriente ideol\u00f3gica y pol\u00edtica, la percibimos,  en el hecho de que esta corriente\u00a0  pretende instaurar un r\u00e9gimen social y pol\u00edtico, donde las ideas  prevalecientes son las ideas de un Estado todopoderoso, que no toma en cuenta  las ideas y la creatividad de las personas, cuando las mismas son diferentes a  las ideas que dominan en el Estado y en  la clase dominante, que seg\u00fan esta corriente lo ser\u00e1 el proletariado. Ah\u00ed ha  radicado\u00a0 su debilidad intr\u00ednseca\u00a0 y es la que ha dado origen a la desaparici\u00f3n  de muchos regimenes que patrocinaban ese tipo de organizaci\u00f3n de la sociedad.  Por eso todo l\u00edder debe estar consciente que entre mayor libertad tengan los  ciudadanos para expresar sus ideas, para desplazarse y para crecer en el  aspecto econ\u00f3mico, mayor ser\u00e1 el crecimiento de la sociedad en t\u00e9rminos  pol\u00edticos y en t\u00e9rminos de desarrollo democr\u00e1tico.<\/p>\n<p>&#13;<\/p>\n<p align=\"justify\" class=\"text1noticias\">Todo  l\u00edder debe estar consciente que sin crecimiento de la burgues\u00eda nacional, como  sector de clase, no puede haber crecimiento econ\u00f3mico y por tanto no puede  haber justicia social. La misi\u00f3n de un l\u00edder, al frente del Estado, es velar  porque haya\u00a0 distribuci\u00f3n\u00a0 equilibrada entre los sectores pobres de las  riquezas de bienes y servicios que produce el pa\u00eds. A mayor creaci\u00f3n de  riquezas por parte de los sectores industriales, comerciales y agr\u00edcolas mayor  posibilidad de que la justicia social cubra a mayor numero de ciudadanos.<\/p>\n<p>&#13;<\/p>\n<p align=\"justify\" class=\"text1noticias\">A mayor  nivel de crecimiento econ\u00f3mico y a mayor nivel de distribuci\u00f3n de las riquezas,  mayores son los niveles de\u00a0 justicia  social entre los sectores pobres. En esa misma proporci\u00f3n se produce una  disminuci\u00f3n de la lucha de clases, siempre que la distribuci\u00f3n del ingreso  beneficie\u00a0 a los sectores m\u00e1s  necesitados.<\/p>\n<p>&#13;<\/p>\n<p align=\"justify\" class=\"text1noticias\">El  crecimiento del capitalismo y la burgues\u00eda nacional en los pa\u00edses  latinoamericanos y en v\u00eda de desarrollo son una condici\u00f3n necesaria para que  estos pa\u00edses puedan disminuir la brecha entre ricos y pobres. En su libro <strong>\u201cEl Desarrollo del capitalismo en Rusia\u201d*<\/strong> Lenin\u00a0 plante\u00f3 que\u00a0 la divisi\u00f3n social del trabajo\u00a0 es una condici\u00f3n necesaria para el  crecimiento del capitalismo, y para que pueda haber crecimiento del capitalismo  debe haber tanto un mercado interior como exterior que consuman los bienes,  servicios y tecnolog\u00edas\u00a0 del crecimiento  capitalista. Ese crecimiento es, adem\u00e1s, una condici\u00f3n necesaria para que pueda  haber creaci\u00f3n y distribuci\u00f3n de  riquezas. Por eso abogaba\u00a0 para que  Rusia, primero desarrollara el capitalismo, como una condici\u00f3n necesaria para  avanzar hacia el socialismo, que era su meta pol\u00edtica, despu\u00e9s de 1917, cuando  triunf\u00f3 la   Revoluci\u00f3n Bolchevique en esa naci\u00f3n.<\/p>\n<p>&#13;<\/p>\n<p align=\"justify\" class=\"text1noticias\">En  lo que concierne a la burgues\u00eda nacional \u00e9sta es definida por Carlos Marx\u00a0 y Federico Engels de la manera siguiente \u201cPor  burgues\u00eda se comprende a la clase de los capitalistas modernos, propietarios de  los medios de producci\u00f3n social, que emplean el trabajo asalariado\u201d*.\u00a0 <\/p>\n<p>&#13;<\/p>\n<p align=\"justify\" class=\"text1noticias\">El  desarrollo\u00a0 de una burgues\u00eda nacional,  para asegurar\u00a0 niveles\u00a0 importantes de crecimientos y de  justicia\u00a0 social, son condiciones  necesarias para que los pa\u00edses latino americanos puedan crecer y enrumbarse  pol\u00edticamente , ya que si prevalecen los niveles de violencias, corrupci\u00f3n,  analfabetismo, falta de alimentos para los sectores pobres, eso traer\u00e1\u00a0 inestabilidad pol\u00edtica a la regi\u00f3n. Por eso  se necesitan l\u00edderes comprometidos con las prioridades nacionales, \u00fanica  garant\u00eda de un porvenir pol\u00edtico y democr\u00e1tico estable para Latinoam\u00e9rica.<\/p>\n<p>&#13;<\/p>\n<p align=\"justify\" class=\"text1noticias\">La  funci\u00f3n de todo l\u00edder democr\u00e1tico, que aspira a hacer su contribuci\u00f3n al  desarrollo democr\u00e1tico de los pa\u00edses latinoamericanos, debe orientarse a que  estas\u00a0 diferencias de clases disminuyan,  como forma de que disminuyan los conflictos y las diferencias de clases, esa es  una condici\u00f3n necesaria para lograr niveles de estabilidad y crecimiento  econ\u00f3mico con equidad entre todos los sectores sociales.<\/p>\n<p>&#13;<\/p>\n<p align=\"justify\" class=\"text1noticias\">El  impulso y crecimiento de una burgues\u00eda nacional, as\u00ed como de una clase media  pujante, contribuyen no s\u00f3lo al crecimiento econ\u00f3mico, si no tambi\u00e9n a la  conformaci\u00f3n de instituciones econ\u00f3micas y sociales s\u00f3lidas y comprometidas con  el desarrollo democr\u00e1tico del pa\u00eds. Por eso, todo l\u00edder debe esforzarse para  que la influencia de su liderazgo contribuya a la consolidaci\u00f3n de un sector  empresarial poderoso, por que los empresarios juntos al Estado ayudan a la  estabilidad social y pol\u00edtica y por tanto ayuda a la gobernabilidad.<\/p>\n<p>&#13;<\/p>\n<p align=\"justify\" class=\"text1noticias\">En  estos tiempos de globalizaci\u00f3n, que impone un marco jur\u00eddico nuevo, proveniente  del entorno internacional, la funci\u00f3n del l\u00edder y del Estado debe orientarse a  servir de soporte a este\u00a0 nuevo marco  jur\u00eddico y de reformas, que imponen todos los acuerdos de libre comercio y a  velar porque la pol\u00edtica social redistributiva del Estado llegue a los sectores  medios y pobres. <br \/>&#13;<br \/>\n  <br \/>&#13;<br \/>\nAdem\u00e1s el Estado debe delimitar, junto al sector privado los  aportes y participaci\u00f3n que tendr\u00e1n cada uno de ellos en el fortalecimiento de  una burgues\u00eda nacional fuerte y comprometida con la democracia como sistema  social y pol\u00edtico\u00a0 que nos sirve de marco  legal y pol\u00edtico.<\/p>\n<p>&#13;<\/p>\n<p align=\"justify\" class=\"text1noticias\">El  desarrollo de una burgues\u00eda nacional fuerte ayuda a ir combatiendo el criterio  prevaleciente en los sectores olig\u00e1rquicos, en el sentido de que el criterios  de crecimiento econ\u00f3mico que debe prevalecer en el seno de la sociedad es que  el mismo debe descansar en la acumulaci\u00f3n originaria de capital, donde los due\u00f1os  del capital obtienen los mayores beneficios sin hacer inversiones en los  sectores productivos y empresariales, ya que la acumulaci\u00f3n de sus riquezas est\u00e1n  asociadas a los privilegios que el Estado le ha concedido hist\u00f3ricamente, no a  inversiones de capitales que impliquen inversiones importantes en el desarrollo  de la tierra, el trabajo y el capital, como factores de producci\u00f3n esenciales  en el proceso de creaci\u00f3n de riquezas.\u00a0 <\/p>\n<p>&#13;<\/p>\n<p align=\"justify\" class=\"text1noticias\"><strong>Evelio Arroyo es Soci\u00f3logo, Abogado y  Escritor. Estos temas son publicados de su libro \u201cLideres y Liderazgos\u201d de su  autor\u00eda.<\/strong><\/p>\n<p>&#13;<\/p>\n<h6> 2008-02-21 20:48:10 <\/h6>\n<p><!--\n<link rel=\"stylesheet\" href=\"css\/bootstrap.min.css\">\n\n\n<ul class=\"pagination\">\n\t    \n\t\n\n<li >\n\t<a href='?page_no=12243'>Previous<\/a>\n\t<\/li>\n\n\n       \n    \n\n<li><a href='?page_no=1'>1<\/a><\/li>\n\n\n\n<li><a href='?page_no=2'>2<\/a><\/li>\n\n\n\n<li><a>...<\/a><\/li>\n\n\n\n<li><a href='?page_no=12242'>12242<\/a><\/li>\n\n\n\n<li><a href='?page_no=12243'>12243<\/a><\/li>\n\n\n\n<li class='active'><a>12244<\/a><\/li>\n\n\n\n<li><a href='?page_no=12245'>12245<\/a><\/li>\n\n\n\n<li><a href='?page_no=12246'>12246<\/a><\/li>\n\n\n\n<li><a>...<\/a><\/li>\n\n\n\n<li><a href='?page_no=13611'>13611<\/a><\/li>\n\n\n\n<li><a href='?page_no=13612'>13612<\/a><\/li>\n\n    \n\t\n\n<li >\n\t<a href='?page_no=12245'>Next<\/a>\n\t<\/li>\n\n\n    \n\n<li><a href='?page_no=13612'>Last &rsaquo;&rsaquo;<\/a><\/li>\n\n<\/ul>\n\n\n--><br \/>\n<\/body><\/p>\n","protected":false},"excerpt":{"rendered":"<p>El L\u00edder y la Burgues\u00eda Nacional &#13; Uno de los aspectos que todo l\u00edder pol\u00edtico debe tener presente es la existencia de los diferentes sectores sociales\u00a0 que conforman la sociedad donde ejerce su liderazgo y la lucha de clase que se desarrolla entre \u00e9stos. &#13; Las diferencias sociales y econ\u00f3micas cuando son profundas producen mayores [&hellip;]<\/p>\n","protected":false},"author":3,"featured_media":0,"comment_status":"open","ping_status":"open","sticky":false,"template":"","format":"standard","meta":{"footnotes":""},"categories":[16],"tags":[],"class_list":["post-36375","post","type-post","status-publish","format-standard","hentry","category-opiniones"],"_links":{"self":[{"href":"https:\/\/diariodominicano.com\/index.php?rest_route=\/wp\/v2\/posts\/36375","targetHints":{"allow":["GET"]}}],"collection":[{"href":"https:\/\/diariodominicano.com\/index.php?rest_route=\/wp\/v2\/posts"}],"about":[{"href":"https:\/\/diariodominicano.com\/index.php?rest_route=\/wp\/v2\/types\/post"}],"author":[{"embeddable":true,"href":"https:\/\/diariodominicano.com\/index.php?rest_route=\/wp\/v2\/users\/3"}],"replies":[{"embeddable":true,"href":"https:\/\/diariodominicano.com\/index.php?rest_route=%2Fwp%2Fv2%2Fcomments&post=36375"}],"version-history":[{"count":0,"href":"https:\/\/diariodominicano.com\/index.php?rest_route=\/wp\/v2\/posts\/36375\/revisions"}],"wp:attachment":[{"href":"https:\/\/diariodominicano.com\/index.php?rest_route=%2Fwp%2Fv2%2Fmedia&parent=36375"}],"wp:term":[{"taxonomy":"category","embeddable":true,"href":"https:\/\/diariodominicano.com\/index.php?rest_route=%2Fwp%2Fv2%2Fcategories&post=36375"},{"taxonomy":"post_tag","embeddable":true,"href":"https:\/\/diariodominicano.com\/index.php?rest_route=%2Fwp%2Fv2%2Ftags&post=36375"}],"curies":[{"name":"wp","href":"https:\/\/api.w.org\/{rel}","templated":true}]}}