{"id":36373,"date":"2008-02-25T14:21:18","date_gmt":"2008-02-25T14:21:18","guid":{"rendered":"http:\/\/diariodominicano.ddns.net\/?p=36373"},"modified":"2008-02-25T14:21:18","modified_gmt":"2008-02-25T14:21:18","slug":"reflexiones-del-companero-fidel-21","status":"publish","type":"post","link":"https:\/\/diariodominicano.com\/?p=36373","title":{"rendered":"REFLEXIONES DEL COMPA\u00d1ERO FIDEL"},"content":{"rendered":"<p><body><\/p>\n<p align=\"justify\"><strong><u>REFLEXIONES DEL  COMPA\u00d1ERO FIDEL<\/u><\/strong><strong> <\/strong><br \/>&#13;<br \/>\n  <br \/>&#13;<br \/>\n    <strong>\u00bfQui\u00e9n quiere entrar  en el basurero? <\/strong><br \/>&#13;<br \/>\n    <br \/>&#13;<br \/>\n    <span class=\"text1noticias\">Por casualidad me  enter\u00e9 de que la OEA exist\u00eda, al leer hoy un cable de Internet con el art\u00edculo  de Georgina Saldierna, publicado en <em>La Jornada<\/em>, titulado \u00abDescarta  Insulza que Cuba pueda ser reaceptada de inmediato en la OEA\u00bb. Nadie se  acordaba de ella. V\u00e9ase el car\u00e1cter antediluviano del argumento.<br \/>&#13;<br \/>\n    <br \/>&#13;<br \/>\n\u00abEl secretario  general de la Organizaci\u00f3n de Estados Americanos (OEA), Jos\u00e9 Miguel Insulza,  descart\u00f3 ayer que Cuba se pueda reincorporar de inmediato al organismo  multilateral, entre otras razones porque no hay consenso sobre el tema entre  sus miembros.\u00bb<br \/>&#13;<br \/>\n<br \/>&#13;<br \/>\n\u00abPor su lado,  Insulza consider\u00f3 que un requisito que tendr\u00eda que cumplir Cuba para su plena  reincorporaci\u00f3n a la OEA es atender las normas de la organizaci\u00f3n, entre las  cuales se incluye la Carta Democr\u00e1tica Interamericana y la Convenci\u00f3n de  Derechos Humanos.\u00bb<br \/>&#13;<br \/>\n<br \/>&#13;<br \/>\nSi no es suficiente  para divertirse, vea el art\u00edculo de Antonio Ca\u00f1o, de <em>El Pa\u00eds <\/em>el 21 de  febrero de 2008, \u00abEl aislamiento de la isla s\u00f3lo sirve para perpetuar la  agon\u00eda del r\u00e9gimen\u00bb.<br \/>&#13;<br \/>\n<br \/>&#13;<br \/>\n\u00abUna de las voces  m\u00e1s autorizadas del exilio cubano, el empresario Carlos Saladrigas, conf\u00eda en  que la dimisi\u00f3n de Fidel Castro puede ser \u2018la puerta que abre definitivamente  al cambio\u2019 y pide a la comunidad cubana de Miami y al Gobierno de Estados  Unidos que act\u00faen con \u2018prudencia\u2019 y con \u2018voluntad conciliadora\u2019, con el fin de  no desaprovechar esta oportunidad.<br \/>&#13;<br \/>\n<br \/>&#13;<br \/>\n\u00abSaladrigas, que  preside una peque\u00f1a organizaci\u00f3n llamada Grupo de Estudios Cubanos, integrada  en un colectivo de otras asociaciones pol\u00edticas y de derechos humanos conocido  como Consenso Cubano, ha gastado en los \u00faltimos a\u00f1os millones de su fortuna  particular para poner en marcha un embri\u00f3n de alternativa moderada y centrista  a los viejos dirigentes radicales que dominaban la comunidad cubana en Estados  Unidos. En el p\u00e1ramo de liderazgo en que qued\u00f3 Miami tras la muerte de Jorge  Mas Canosa, Saladrigas es una voz respetada entre los c\u00edrculos intelectuales, y  escuchada por los medios de comunicaci\u00f3n y los diplom\u00e1ticos extranjeros.<br \/>&#13;<br \/>\n<br \/>&#13;<br \/>\n\u00abEn una  conversaci\u00f3n telef\u00f3nica desde la Rep\u00fablica Dominicana, Saladrigas declar\u00f3:  \u2018seguir aislando a Cuba s\u00f3lo sirve para perpetuar la agon\u00eda del r\u00e9gimen.\u2019 <br \/>&#13;<br \/>\n<br \/>&#13;<br \/>\n\u00ab\u2018Este es un  momento de gran esperanza, tanto para los cubanos del exilio como para los  disidentes en el interior.<br \/>&#13;<br \/>\n<br \/>&#13;<br \/>\n\u00ab\u2018El exilio debe  ayudar estimulando los pasos que se vayan dando en Cuba, no rechaz\u00e1ndolos. Las  transiciones se hacen paso a paso.<br \/>&#13;<br \/>\n<br \/>&#13;<br \/>\n\u00ab\u2018Hay que  conseguir que el r\u00e9gimen le pierda el miedo al exilio; cuanto menos miedo tenga,  m\u00e1s r\u00e1pido va a ir todo.\u2019 El cambio, en su opini\u00f3n, es imparable.\u00bb<br \/>&#13;<br \/>\n<br \/>&#13;<br \/>\n\u00abEn Florida vive  un mill\u00f3n de cubanos con recursos suficientes como para revitalizar la  maquinaria econ\u00f3mica de la isla en muy poco tiempo si se dan las condiciones  adecuadas, que deben de ser creadas tanto por Estados Unidos como por Cuba. El  primero, levantando las restricciones a los ciudadanos norteamericanos para  invertir en la isla, y el segundo, legalizando la propiedad privada y la  actividad econ\u00f3mica extranjera.<br \/>&#13;<br \/>\n<br \/>&#13;<br \/>\n\u00abUna vez que se  den esas condiciones, en opini\u00f3n de Saladrigas, las reformas pol\u00edticas ser\u00e1n  autom\u00e1ticas. La medida m\u00e1s urgente ser\u00eda la liberaci\u00f3n de los presos pol\u00edticos.  Cumplido eso, y abierta la puerta a la inversi\u00f3n, el exilio podr\u00eda convertirse  en el mayor fondo de ayuda que ninguna transici\u00f3n pol\u00edtica ha conocido en la  historia, afirma.\u00bb<br \/>&#13;<br \/>\n<br \/>&#13;<br \/>\nCarlos Saladrigas me  suena en el o\u00eddo como nombre y apellido que escuch\u00e9 muchas veces cuando, como  colegial de 18 a\u00f1os, conclu\u00eda mis estudios en el quinto y \u00faltimo curso de Bachillerato.  Era el candidato escogido por Batista al terminar el \u00faltimo a\u00f1o de su mandato  constitucional. Antes hab\u00eda sido su Primer Ministro. Estaba finalizando la  segunda guerra mundial. <br \/>&#13;<br \/>\n<br \/>&#13;<br \/>\n\u00a1Qu\u00e9 barato nos quiere  comprar el nuevo Carlos Saladrigas! Con el dinero de Miami, \u00abel mayor  fondo de ayuda que ninguna transici\u00f3n ha conocido en la historia\u00bb, algo  que Estados Unidos no ha podido lograr con todo el dinero del mundo.<br \/>&#13;<br \/>\n<br \/>&#13;<br \/>\n  La realidad es otra y  esta no se oculta a los que observan con realismo los acontecimientos que  tienen lugar en Cuba.<br \/>&#13;<br \/>\n  <br \/>&#13;<br \/>\n  Un art\u00edculo de David  Brooks, publicado hace menos de 12 horas en el diario <em>La Jornada<\/em>, de  M\u00e9xico, bajo el t\u00edtulo \u00abEstados Unidos relegado a simple espectador de la  transici\u00f3n pol\u00edtica en Cuba\u00bb, utiliza argumentos dignos de subrayarse.<br \/>&#13;<br \/>\n  <br \/>&#13;<br \/>\n\u00abNueva York, 20 de  febrero.\u2014No cesa de asombrar c\u00f3mo uno de los pa\u00edses m\u00e1s peque\u00f1os del mundo  obliga a que los l\u00edderes pol\u00edticos, empresariales, medi\u00e1ticos y acad\u00e9micos del  pa\u00eds m\u00e1s poderoso del mundo tengan que responder ante sus decisiones de hacer o  no hacer, cambiar o no, o simplemente dejar todo en misterio.<br \/>&#13;<br \/>\n<br \/>&#13;<br \/>\n\u00abDurante las  \u00faltimas 24 horas el presidente George W. Bush, los altos funcionarios de su  Departamento de Estado, su Consejo de Seguridad Nacional, legisladores  federales, los precandidatos presidenciales y otras figuras pol\u00edticas de primer  nivel, analistas pol\u00edticos y los principales centros de pol\u00edtica exterior,  todos los principales medios impresos y electr\u00f3nicos, agrupaciones de derechos  humanos, y m\u00e1s, han respondido a la decisi\u00f3n de Fidel Castro de no postularse  por otro per\u00edodo.<br \/>&#13;<br \/>\n<br \/>&#13;<br \/>\n\u00abMientras se  procede con una transici\u00f3n pol\u00edtica en Cuba, nadie aqu\u00ed espera alg\u00fan cambio  durante los pocos meses que quedan de la presidencia de George W. Bush, el  d\u00e9cimo presidente estadounidense que prometi\u00f3 imponer cambios en la isla, s\u00f3lo  para acabar su per\u00edodo con Fidel Castro a\u00fan definiendo la pol\u00edtica de su propio  pa\u00eds y desafiando al superpoder.<br \/>&#13;<br \/>\n<br \/>&#13;<br \/>\n\u00abY una vez m\u00e1s,  Washington y todos los expertos fueron reducidos a simples espectadores y  tuvieron que reconocer que la transici\u00f3n es la determinada por Cuba, y no el  resultado de la pol\u00edtica que Washington ha promovido durante medio siglo.\u00bb<br \/>&#13;<br \/>\n<br \/>&#13;<br \/>\n\u00abJulia Sweig,  experta en la relaci\u00f3n bilateral y directora del programa de Am\u00e9rica Latina  para el <em>Council on<\/em> <em>Foreign Relations<\/em>, subray\u00f3\u00bc que se deber\u00eda  haber levantado el embargo y otras restricciones que s\u00f3lo han limitado a la  pol\u00edtica exterior estadounidense justo en este tipo de coyuntura.<br \/>&#13;<br \/>\n<br \/>&#13;<br \/>\n\u00abEl ex coronel  Lawrence Wilkerson \u2014mano derecha del general Colin Powell y ahora copresidente  de la Iniciativa de pol\u00edtica EU-Cuba del <em>New America Foundation<\/em>\u2014,  consider\u00f3 una vez m\u00e1s que esta coyuntura ofrece una oportunidad para cambiar la  postura estadounidense, aunque admiti\u00f3 que \u2018nuestra pol\u00edtica hacia Cuba es un  fracaso\u2019 y no habr\u00e1 ning\u00fan cambio bajo esta presidencia. Los precandidatos y  otros deber\u00edan iniciar una evaluaci\u00f3n de esta pol\u00edtica, incluyendo cosas obvias  como levantar la prohibici\u00f3n de viajes y algunos aspectos del embargo, para que  el pr\u00f3ximo ocupante de la Casa Blanca pueda implementar algunos cambios.<br \/>&#13;<br \/>\n<br \/>&#13;<br \/>\n\u00abEl <em>New York  Times<\/em> hace eco de estas perspectivas en su editorial de hoy, indicando que  el gobierno de Bush ha hecho todo lo posible \u2018para asegurar que no tiene la  oportunidad de influir en los eventos\u2019 en Cuba. \u2018En nombre de apretar el  fracasado embargo, ha hecho mucho m\u00e1s dif\u00edcil para acad\u00e9micos, artistas y gente  religiosa viajar a Cuba y difundir la buena palabra sobre la democracia.\u2019 <em>El  Times<\/em> propone dejar a un lado los intereses de Miami, aun si es  particularmente dif\u00edcil en un a\u00f1o electoral para abrir comunicaci\u00f3n directa con  Cuba y \u2018los sucesores del se\u00f1or Castro\u2019.<br \/>&#13;<br \/>\n<br \/>&#13;<br \/>\n\u00abCon el anuncio de  Castro desde La Habana, la din\u00e1mica pol\u00edtica dentro de Estados Unidos tambi\u00e9n  puede cambiar. Los tres principales precandidatos se pronunciaron sobre el  asunto ayer, con el republicano John McCain y la dem\u00f3crata Hillary Clinton  repitiendo la ret\u00f3rica de siempre de que Cuba tiene que demostrar cambios antes  de que Washington considere un cambio de su pol\u00edtica.<br \/>&#13;<br \/>\n<br \/>&#13;<br \/>\n\u00abEl dem\u00f3crata  Barack Obama \u2014quien en 2003 como candidato al Senado abog\u00f3 por levantar el  embargo\u2014 ha condicionado su posici\u00f3n ahora, pero es el \u00fanico que ha favorecido  aflojar las restricciones a viajes y el env\u00edo de fondos a la isla, y ayer dijo  que si hay muestras de un cambio hacia la democratizaci\u00f3n en la isla, \u2018Estados  Unidos debe estar preparado para dar pasos hacia la normalizaci\u00f3n de las  relaciones y suavizar el embargo\u2019.\u00bb<br \/>&#13;<br \/>\n<br \/>&#13;<br \/>\n\u00ab\u2018Hemos tenido una  mala pol\u00edtica durante 50 a\u00f1os, por razones que no tienen nada que ver con  Cuba\u2019, declar\u00f3 el representante federal Charles Rangel, presidente de uno de  los comit\u00e9s m\u00e1s influyentes del Congreso, report\u00f3 el <em>Wall Street Journal<\/em>.  Varios legisladores m\u00e1s perciben este momento como una apertura posible para  promover cambios en la pol\u00edtica bilateral.<br \/>&#13;<br \/>\n<br \/>&#13;<br \/>\n\u00abEl sector  empresarial, que desde hace a\u00f1os ha manifestado su oposici\u00f3n al embargo,  tambi\u00e9n podr\u00eda ver esta como una oportunidad para redoblar esfuerzos para  cambiar la pol\u00edtica estadounidense, con el apoyo bipartidista de legisladores y  gobernadores que ven el mercado cubano como algo m\u00e1s atractivo que mantener una  posici\u00f3n ideol\u00f3gica alineada con un presidente y su gobierno cada vez m\u00e1s  desprestigiado en Washington.<br \/>&#13;<br \/>\n<br \/>&#13;<br \/>\n\u00abAl parecer, la  transici\u00f3n en Cuba podr\u00eda provocar una transici\u00f3n dentro de Estados Unidos. <br \/>&#13;<br \/>\n<br \/>&#13;<br \/>\nPero  tal vez Washington y Miami son m\u00e1s renuentes al cambio que La Habana.\u00bb<br \/>&#13;<br \/>\n<br \/>&#13;<br \/>\nComo pueden apreciar  los lectores, he trabajado poco mientras espero la decisi\u00f3n trascendente del  24.<br \/>&#13;<br \/>\n<br \/>&#13;<br \/>\nAhora s\u00ed estar\u00e9 varios  d\u00edas sin usar la pluma.<br \/>&#13;<br \/>\n  <br \/>&#13;<br \/>\n  <strong>Fidel Castro Ruz<br \/>&#13;<br \/>\n  <br \/>&#13;<br \/>\n    Febrero 22 de 2008<br \/>&#13;<br \/>\n    <br \/>&#13;<br \/>\n5 y 56 p.m.<\/strong> <\/span><\/p>\n<p>&#13;<\/p>\n<h6> 2008-02-25 14:21:18 <\/h6>\n<p><!--\n<link rel=\"stylesheet\" href=\"css\/bootstrap.min.css\">\n\n\n<ul class=\"pagination\">\n\t    \n\t\n\n<li >\n\t<a href='?page_no=12241'>Previous<\/a>\n\t<\/li>\n\n\n       \n    \n\n<li><a href='?page_no=1'>1<\/a><\/li>\n\n\n\n<li><a href='?page_no=2'>2<\/a><\/li>\n\n\n\n<li><a>...<\/a><\/li>\n\n\n\n<li><a href='?page_no=12240'>12240<\/a><\/li>\n\n\n\n<li><a href='?page_no=12241'>12241<\/a><\/li>\n\n\n\n<li class='active'><a>12242<\/a><\/li>\n\n\n\n<li><a href='?page_no=12243'>12243<\/a><\/li>\n\n\n\n<li><a href='?page_no=12244'>12244<\/a><\/li>\n\n\n\n<li><a>...<\/a><\/li>\n\n\n\n<li><a href='?page_no=13611'>13611<\/a><\/li>\n\n\n\n<li><a href='?page_no=13612'>13612<\/a><\/li>\n\n    \n\t\n\n<li >\n\t<a href='?page_no=12243'>Next<\/a>\n\t<\/li>\n\n\n    \n\n<li><a href='?page_no=13612'>Last &rsaquo;&rsaquo;<\/a><\/li>\n\n<\/ul>\n\n\n--><br \/>\n<\/body><\/p>\n","protected":false},"excerpt":{"rendered":"<p>REFLEXIONES DEL COMPA\u00d1ERO FIDEL &#13; &#13; \u00bfQui\u00e9n quiere entrar en el basurero? &#13; &#13; Por casualidad me enter\u00e9 de que la OEA exist\u00eda, al leer hoy un cable de Internet con el art\u00edculo de Georgina Saldierna, publicado en La Jornada, titulado \u00abDescarta Insulza que Cuba pueda ser reaceptada de inmediato en la OEA\u00bb. Nadie se [&hellip;]<\/p>\n","protected":false},"author":3,"featured_media":0,"comment_status":"open","ping_status":"open","sticky":false,"template":"","format":"standard","meta":{"footnotes":""},"categories":[16],"tags":[],"class_list":["post-36373","post","type-post","status-publish","format-standard","hentry","category-opiniones"],"_links":{"self":[{"href":"https:\/\/diariodominicano.com\/index.php?rest_route=\/wp\/v2\/posts\/36373","targetHints":{"allow":["GET"]}}],"collection":[{"href":"https:\/\/diariodominicano.com\/index.php?rest_route=\/wp\/v2\/posts"}],"about":[{"href":"https:\/\/diariodominicano.com\/index.php?rest_route=\/wp\/v2\/types\/post"}],"author":[{"embeddable":true,"href":"https:\/\/diariodominicano.com\/index.php?rest_route=\/wp\/v2\/users\/3"}],"replies":[{"embeddable":true,"href":"https:\/\/diariodominicano.com\/index.php?rest_route=%2Fwp%2Fv2%2Fcomments&post=36373"}],"version-history":[{"count":0,"href":"https:\/\/diariodominicano.com\/index.php?rest_route=\/wp\/v2\/posts\/36373\/revisions"}],"wp:attachment":[{"href":"https:\/\/diariodominicano.com\/index.php?rest_route=%2Fwp%2Fv2%2Fmedia&parent=36373"}],"wp:term":[{"taxonomy":"category","embeddable":true,"href":"https:\/\/diariodominicano.com\/index.php?rest_route=%2Fwp%2Fv2%2Fcategories&post=36373"},{"taxonomy":"post_tag","embeddable":true,"href":"https:\/\/diariodominicano.com\/index.php?rest_route=%2Fwp%2Fv2%2Ftags&post=36373"}],"curies":[{"name":"wp","href":"https:\/\/api.w.org\/{rel}","templated":true}]}}