{"id":36372,"date":"2008-02-25T16:16:40","date_gmt":"2008-02-25T16:16:40","guid":{"rendered":"http:\/\/diariodominicano.ddns.net\/?p=36372"},"modified":"2008-02-25T16:16:40","modified_gmt":"2008-02-25T16:16:40","slug":"otros-kosovos","status":"publish","type":"post","link":"https:\/\/diariodominicano.com\/?p=36372","title":{"rendered":"\u00bfOTROS KOSOVOS?"},"content":{"rendered":"<p><body><\/p>\n<p><strong>\u00bfOTROS  KOSOVOS?<\/strong><\/p>\n<p>&#13;<\/p>\n<p class=\"textogrande\">Violeta Yang\u00fcela<\/p>\n<p>&#13;<\/p>\n<p align=\"justify\" class=\"text1noticias\">En 1999 cuando las  bombas lanzadas por la Organizaci\u00f3n  del Tratado del Atl\u00e1ntico Norte (OTAN) ca\u00edan en territorio serbio, una gripe  viral azotaba al pa\u00eds dominicano. Y siguiendo la costumbre de bautizar los  virus, la creatividad callejera criolla la bautiz\u00f3, con el nombre de Kosovo y  le dio un ant\u00eddoto para su curaci\u00f3n: C\u00e1psulas de OTAN 500.<\/p>\n<p>&#13;<\/p>\n<p align=\"justify\" class=\"text1noticias\">Una manera criolla  de definir \u00a0la decisi\u00f3n de \u00a0Estados Unidos y la Uni\u00f3n Europea, sin  aprobaci\u00f3n de Naciones Unidas, (UN) de ejecutar una campa\u00f1a de bombardeo a\u00e9reo \u00a0por la   OTAN en Serbia en defensa de la provincia de Kosovo que continuaba  con su objetivo de independencia. Le llamaron \u201cla guerra humanitaria\u201d. Despu\u00e9s  de los bombardeos, Kosovo quedar\u00eda bajo un protectorado legitimado por \u00a0Naciones Unidas. <\/p>\n<p>&#13;<\/p>\n<p align=\"justify\" class=\"text1noticias\">Mientras \u00a0el proceso de fragmentaci\u00f3n hace explosi\u00f3n en  los territorios \u00a0que compon\u00edan la Uni\u00f3n de Rep\u00fablicas  Socialistas Sovi\u00e9ticas y sus territorios perif\u00e9ricos, y las nacionalidades e  identidades se enrumban en la b\u00fasqueda de sus propios estados con sus  particularidades culturales mantenidas a raya por la bota del totalitarismo, en  marzo de 1995 el proceso de integraci\u00f3n de la Uni\u00f3n Europea \u00a0se consolida con el nacimiento del Acuerdo \u00a0Schengen en la que se eliminan las fronteras  entre Francia, Alemania, B\u00e9lgica, Luxemburgo, Pa\u00edses Bajos, Espa\u00f1a y Portugal.<br \/>&#13;<br \/>\n  <br \/>&#13;<br \/>\n  Por la eliminaci\u00f3n  de su autonom\u00eda a finales de los 80 estalla\u00a0  el conflicto en Kosovo y\u00a0 en 1991  se suman los conflictos entre los serbios, croatas y eslavos. Croacia y  Eslovenia se declaran naciones independientes y comienza la fragmentaci\u00f3n del  estado-naci\u00f3n de Yugoslavia. Ese mismo a\u00f1o, los kosovares realizan un  refer\u00e9ndum para su independencia sin lograr su objetivo. Al siguiente a\u00f1o,  Bosnia-Herzegovina \u00a0se declara  independiente.<\/p>\n<p>&#13;<\/p>\n<p align=\"justify\" class=\"text1noticias\">En 1992 Eslovenia,  Bosnia\u2013Herzegovina y Croacia son admitidas en Naciones Unidas como estados-naciones  independientes. En 1993 Macedonia tambi\u00e9n\u00a0  es admitida \u00a0con la oposici\u00f3n de  Grecia.\u00a0 Montenegro declara su  independencia en el 2006.<\/p>\n<p>&#13;<\/p>\n<p align=\"justify\" class=\"text1noticias\">En 1995 un acuerdo  de paz se firma en la base a\u00e9rea de Dayton Ohio y de lo que \u00a0queda de la antigua Yugoslavia se crea una  Rep\u00fablica Federal que inclu\u00eda a Kosovo como provincia protegida por UN. Dice el  historiador ingles, Timothy Garton Ash \u201cy as\u00ed, en Dayton, Ohio donde, una vez  m\u00e1s, por \u00bftercera? \u00bfcuarta? vez en el siglo pasado, Am\u00e9rica esta tratando de  resolver un conflicto europeo que los europeos han fallado en resolver.\u201d<\/p>\n<p>&#13;<\/p>\n<p align=\"justify\" class=\"text1noticias\">En la reciente  semana Kosovo ha declarado su independencia de Serbia. Es la s\u00e9ptima rep\u00fablica  ex yugoslava.\u00a0 Esa declaraci\u00f3n \u00a0ha ocasionado la divisi\u00f3n de la Uni\u00f3n Europea que no  ha logrado que sus estados miembros acepten a unanimidad al nuevo estado-naci\u00f3n.  \u00a0<\/p>\n<p>&#13;<\/p>\n<p align=\"justify\" class=\"text1noticias\">Rusia tambi\u00e9n le  niega\u00a0 su reconocimiento y advierte que  la proclamaci\u00f3n de Kosovo \u201camenaza con una \u00a0escalada de conflictos\u00a0 en diversos rincones del mundo\u201d. En el  particular caso espa\u00f1ol, parecer\u00eda que la negativa \u00a0para reconocer esta nueva naci\u00f3n \u00a0se contrapone al reconocimiento de las  anteriores.\u00a0 A partir del gobierno de  Rodr\u00edguez Zapatero el quehacer pol\u00edtico en las Comunidades Aut\u00f3nomas de vascos  y catalanes se concentra en la b\u00fasqueda de \u00a0una definici\u00f3n de sus \u201cnacionalidades\u201d. <\/p>\n<p>&#13;<\/p>\n<p align=\"justify\" class=\"text1noticias\">Parecer\u00eda \u00a0que Espa\u00f1a\u00a0  tiene sus\u00a0 \u201ckosovos\u201d. Y sin lugar  a dudas, Rusia tambi\u00e9n. Canad\u00e1 con su Kosovo en Qu\u00e9bec, \u201ceval\u00faa\u201d la situaci\u00f3n. Y  la lista sigue.<br \/>&#13;<br \/>\n  <br \/>&#13;<br \/>\n\u00bfSer\u00e1 Kosovo el  \u00faltimo Kosovo?<br \/>&#13;<br \/>\n<br \/>&#13;<br \/>\n  v.yanguela@codetel.net.do<\/p>\n<p>&#13;<\/p>\n<h6> 2008-02-25 16:16:40 <\/h6>\n<p><!--\n<link rel=\"stylesheet\" href=\"css\/bootstrap.min.css\">\n\n\n<ul class=\"pagination\">\n\t    \n\t\n\n<li >\n\t<a href='?page_no=12240'>Previous<\/a>\n\t<\/li>\n\n\n       \n    \n\n<li><a href='?page_no=1'>1<\/a><\/li>\n\n\n\n<li><a href='?page_no=2'>2<\/a><\/li>\n\n\n\n<li><a>...<\/a><\/li>\n\n\n\n<li><a href='?page_no=12239'>12239<\/a><\/li>\n\n\n\n<li><a href='?page_no=12240'>12240<\/a><\/li>\n\n\n\n<li class='active'><a>12241<\/a><\/li>\n\n\n\n<li><a href='?page_no=12242'>12242<\/a><\/li>\n\n\n\n<li><a href='?page_no=12243'>12243<\/a><\/li>\n\n\n\n<li><a>...<\/a><\/li>\n\n\n\n<li><a href='?page_no=13611'>13611<\/a><\/li>\n\n\n\n<li><a href='?page_no=13612'>13612<\/a><\/li>\n\n    \n\t\n\n<li >\n\t<a href='?page_no=12242'>Next<\/a>\n\t<\/li>\n\n\n    \n\n<li><a href='?page_no=13612'>Last &rsaquo;&rsaquo;<\/a><\/li>\n\n<\/ul>\n\n\n--><br \/>\n<\/body><\/p>\n","protected":false},"excerpt":{"rendered":"<p>\u00bfOTROS KOSOVOS? &#13; Violeta Yang\u00fcela &#13; En 1999 cuando las bombas lanzadas por la Organizaci\u00f3n del Tratado del Atl\u00e1ntico Norte (OTAN) ca\u00edan en territorio serbio, una gripe viral azotaba al pa\u00eds dominicano. Y siguiendo la costumbre de bautizar los virus, la creatividad callejera criolla la bautiz\u00f3, con el nombre de Kosovo y le dio un [&hellip;]<\/p>\n","protected":false},"author":3,"featured_media":0,"comment_status":"open","ping_status":"open","sticky":false,"template":"","format":"standard","meta":{"footnotes":""},"categories":[16],"tags":[],"class_list":["post-36372","post","type-post","status-publish","format-standard","hentry","category-opiniones"],"_links":{"self":[{"href":"https:\/\/diariodominicano.com\/index.php?rest_route=\/wp\/v2\/posts\/36372","targetHints":{"allow":["GET"]}}],"collection":[{"href":"https:\/\/diariodominicano.com\/index.php?rest_route=\/wp\/v2\/posts"}],"about":[{"href":"https:\/\/diariodominicano.com\/index.php?rest_route=\/wp\/v2\/types\/post"}],"author":[{"embeddable":true,"href":"https:\/\/diariodominicano.com\/index.php?rest_route=\/wp\/v2\/users\/3"}],"replies":[{"embeddable":true,"href":"https:\/\/diariodominicano.com\/index.php?rest_route=%2Fwp%2Fv2%2Fcomments&post=36372"}],"version-history":[{"count":0,"href":"https:\/\/diariodominicano.com\/index.php?rest_route=\/wp\/v2\/posts\/36372\/revisions"}],"wp:attachment":[{"href":"https:\/\/diariodominicano.com\/index.php?rest_route=%2Fwp%2Fv2%2Fmedia&parent=36372"}],"wp:term":[{"taxonomy":"category","embeddable":true,"href":"https:\/\/diariodominicano.com\/index.php?rest_route=%2Fwp%2Fv2%2Fcategories&post=36372"},{"taxonomy":"post_tag","embeddable":true,"href":"https:\/\/diariodominicano.com\/index.php?rest_route=%2Fwp%2Fv2%2Ftags&post=36372"}],"curies":[{"name":"wp","href":"https:\/\/api.w.org\/{rel}","templated":true}]}}